{"id":585807,"date":"2025-12-08T07:03:12","date_gmt":"2025-12-08T07:03:12","guid":{"rendered":"https:\/\/www.europesays.com\/fr\/585807\/"},"modified":"2025-12-08T07:03:12","modified_gmt":"2025-12-08T07:03:12","slug":"deux-jeunes-hommes-tues-par-balle-a-grenoble-et-dans-sa-peripherie-3","status":"publish","type":"post","link":"https:\/\/www.europesays.com\/fr\/585807\/","title":{"rendered":"Deux jeunes hommes tu\u00e9s par balle \u00e0 Grenoble et dans sa p\u00e9riph\u00e9rie"},"content":{"rendered":"<p>\n    Le territoire de Grenoble est r\u00e9guli\u00e8rement marqu\u00e9 par des fusillades en lien avec le trafic de drogue. Il est cependant encore trop t\u00f4t pour rattacher ces deux nouveaux homicides au narcotrafic.<\/p>\n<p class=\"fig-paragraph\">Deux hommes de 18 et 22 ans ont \u00e9t\u00e9\u00a0<a href=\"http:\/\/www.lefigaro.fr\/actualite-france\/grenoble-une-operation-de-police-majeure-menee-en-banlieue-cette-semaine-20251128\" target=\"_blank\" data-fig-type=\"NewsFlash\" rel=\"noopener\" data-gtm-custom-categorie=\"navigation\" data-gtm-custom-action=\"crossclick\" data-gtm-custom-label=\"Contextuel\" data-gtm-event=\"customEventSPE\" data-fig-domain=\"LEFIGARO\">tu\u00e9s par balle<\/a>\u00a0respectivement \u00e0 Grenoble et dans sa p\u00e9riph\u00e9rie, \u00e0 \u00c9chirolles en Is\u00e8re, dans la nuit de samedi \u00e0 dimanche, a appris Le Figaro de source polici\u00e8re. La victime la plus \u00e2g\u00e9e, \u00abinconnue des services de police\u00bb, a \u00e9t\u00e9 prise en charge par les secours au niveau d&rsquo;une avenue \u00e0\u00a0<a href=\"http:\/\/www.lefigaro.fr\/actualite-france\/quand-est-ce-qu-on-va-s-attaquer-au-probleme-de-fond-a-echirolles-une-maire-communiste-contre-les-narcotrafiquants-20250623\" target=\"_blank\" data-fig-type=\"Article\" rel=\"noopener\" data-gtm-custom-categorie=\"navigation\" data-gtm-custom-action=\"crossclick\" data-gtm-custom-label=\"Contextuel\" data-gtm-event=\"customEventSPE\" data-fig-domain=\"LEFIGARO\">\u00c9chirolles\u00a0<\/a>\u00aben urgence vitale\u00bb, bless\u00e9e par arme \u00e0 feu. Son d\u00e9c\u00e8s a \u00e9t\u00e9 constat\u00e9 \u00abpeu de temps apr\u00e8s son arriv\u00e9e \u00e0 l&rsquo;h\u00f4pital\u00bb, a d\u00e9clar\u00e9 In\u00e8s Delay, a indiqu\u00e9 la procureure adjointe de Grenoble dans un communiqu\u00e9. Le jeune homme pr\u00e9sentait trois impacts\u00a0: \u00e0 la t\u00eate, au dos et au ventre. Des \u00e9tuis de calibre 9 mm ont \u00e9t\u00e9 retrouv\u00e9s sur le sol apr\u00e8s la fusillade qui a \u00e9clat\u00e9 vers 23h10.<\/p>\n<p class=\"fig-paragraph\">Selon la magistrate, la victime a \u00e9t\u00e9 la \u00abcible\u00bb d&rsquo;\u00abun individu mont\u00e9 sur un v\u00e9hicule deux-roues\u00bb, alors qu&rsquo;elle quittait les lieux d&rsquo;une \u00abrixe opposant plusieurs dizaines d&rsquo;individus\u00bb, un peu plus t\u00f4t dans la soir\u00e9e, devant un \u00e9tablissement de restauration rapide. \u00abSur place, les policiers ont \u00e9t\u00e9 inform\u00e9s qu&rsquo;un \u00e9v\u00e9nement \u00e9tait survenu dans le m\u00eame laps de temps et \u00e0 proximit\u00e9 du m\u00eame \u00e9tablissement, au cours duquel un individu avait subi des violences de la part de plusieurs autres, avant d&rsquo;\u00eatre enlev\u00e9 \u00e0 bord d&rsquo;un v\u00e9hicule\u00bb, a ajout\u00e9 In\u00e8s Delay, \u00e9voquant la plus jeune victime.<\/p>\n<p>                                            <a class=\"fig-a11y-skip\" href=\"#fig-a11y-skip-main-inarticle\" data-module=\"a11y-skip\" data-context=\"was @visible\"><br \/>\n    Passer la publicit\u00e9<br \/>\n<\/a>            <\/p>\n<p>                                            Un corps retrouv\u00e9 dans un parc<\/p>\n<p class=\"fig-paragraph\">Le corps sans vie du jeune homme de 18 ans, \u00abd\u00e9j\u00e0 connu pour des infractions \u00e0 la l\u00e9gislation sur les stup\u00e9fiants\u00bb, a \u00e9t\u00e9 retrouv\u00e9 vers 3h00 dimanche matin \u00e0 Grenoble dans le parc de la Bruy\u00e8re, a-t-elle ajout\u00e9, confirmant une information du quotidien r\u00e9gional Le Dauphin\u00e9 Lib\u00e9r\u00e9. Son corps \u00e9tait \u00abnu et enti\u00e8rement tum\u00e9fi\u00e9\u00bb, pr\u00e9cise notre source polici\u00e8re. Il pr\u00e9sentait\u00ab plusieurs plaies occasionn\u00e9es notamment par une arme \u00e0 feu\u00bb, a ajout\u00e9 la procureure adjointe, concluant que les enqu\u00eateurs \u00abn&rsquo;\u00e9tabliss(ai)ent, cependant et pour l&rsquo;heure, aucun lien avec le narcobanditisme\u00bb s&rsquo;agissant des deux affaires.<\/p>\n<p class=\"fig-paragraph\">Dans la nuit de mardi \u00e0 mercredi, un homme de 33 ans avait \u00e9galement \u00e9t\u00e9 retrouv\u00e9 mort avec deux impacts de balle \u00e0 \u00c9chirolles. Touch\u00e9 au dos et \u00e0 la m\u00e2choire, il \u00e9tait porteur d&rsquo;un gilet pare-balles, avait pr\u00e9cis\u00e9 une source polici\u00e8re. Le territoire de Grenoble est r\u00e9guli\u00e8rement marqu\u00e9 par des \u00e9pisodes de violence par arme \u00e0 feu li\u00e9s au trafic de drogue. \u00c0 \u00c9chirolles en septembre 2024, les autorit\u00e9s avaient d\u00fb fermer un immeuble entier, \u00abLe Carrare\u00bb, qui abritait un point de deal tr\u00e8s lucratif, et \u00e9vacuer tous ses habitants.<\/p>\n","protected":false},"excerpt":{"rendered":"Le territoire de Grenoble est r\u00e9guli\u00e8rement marqu\u00e9 par des fusillades en lien avec le trafic de drogue. Il&hellip;\n","protected":false},"author":2,"featured_media":585808,"comment_status":"","ping_status":"","sticky":false,"template":"","format":"standard","meta":{"footnotes":""},"categories":[9566],"tags":[1111,11,2430,1777,674,1011,27,2731,2683,2428,12,25],"class_list":{"0":"post-585807","1":"post","2":"type-post","3":"status-publish","4":"format-standard","5":"has-post-thumbnail","7":"category-grenoble","8":"tag-actu","9":"tag-actualites","10":"tag-auvergne-rhone-alpes","11":"tag-eu","12":"tag-europe","13":"tag-fr","14":"tag-france","15":"tag-grenoble","16":"tag-homicide","17":"tag-lyon","18":"tag-news","19":"tag-republique-francaise"},"share_on_mastodon":{"url":"https:\/\/pubeurope.com\/@fr\/115682673505854436","error":""},"_links":{"self":[{"href":"https:\/\/www.europesays.com\/fr\/wp-json\/wp\/v2\/posts\/585807","targetHints":{"allow":["GET"]}}],"collection":[{"href":"https:\/\/www.europesays.com\/fr\/wp-json\/wp\/v2\/posts"}],"about":[{"href":"https:\/\/www.europesays.com\/fr\/wp-json\/wp\/v2\/types\/post"}],"author":[{"embeddable":true,"href":"https:\/\/www.europesays.com\/fr\/wp-json\/wp\/v2\/users\/2"}],"replies":[{"embeddable":true,"href":"https:\/\/www.europesays.com\/fr\/wp-json\/wp\/v2\/comments?post=585807"}],"version-history":[{"count":0,"href":"https:\/\/www.europesays.com\/fr\/wp-json\/wp\/v2\/posts\/585807\/revisions"}],"wp:featuredmedia":[{"embeddable":true,"href":"https:\/\/www.europesays.com\/fr\/wp-json\/wp\/v2\/media\/585808"}],"wp:attachment":[{"href":"https:\/\/www.europesays.com\/fr\/wp-json\/wp\/v2\/media?parent=585807"}],"wp:term":[{"taxonomy":"category","embeddable":true,"href":"https:\/\/www.europesays.com\/fr\/wp-json\/wp\/v2\/categories?post=585807"},{"taxonomy":"post_tag","embeddable":true,"href":"https:\/\/www.europesays.com\/fr\/wp-json\/wp\/v2\/tags?post=585807"}],"curies":[{"name":"wp","href":"https:\/\/api.w.org\/{rel}","templated":true}]}}