{"id":585813,"date":"2025-12-08T07:06:22","date_gmt":"2025-12-08T07:06:22","guid":{"rendered":"https:\/\/www.europesays.com\/fr\/585813\/"},"modified":"2025-12-08T07:06:22","modified_gmt":"2025-12-08T07:06:22","slug":"strasbourg-voyage-interieur-avec-hideaway-au-caveau-de-la-kulture","status":"publish","type":"post","link":"https:\/\/www.europesays.com\/fr\/585813\/","title":{"rendered":"Strasbourg. Voyage int\u00e9rieur avec Hideaway au caveau de la Kulture"},"content":{"rendered":"<p>Baign\u00e9 d\u2019influences rock, m\u00e9tal et jazz, Hideaway sera en concert au bar culturel strasbourgeois La Kulture. Le groupe bas-rhinois qui r\u00e9unit quatre musiciens et une chanteuse \u00e2g\u00e9s de 19 ans <a href=\"https:\/\/www.dna.fr\/culture-loisirs\/2025\/02\/20\/le-rock-sombre-de-hideaway-entre-en-pleine-lumiere\" target=\"_blank\" rel=\"nofollow noopener\">s\u2019est form\u00e9 sur les bancs de l\u2019\u00e9cole primaire<\/a> et ne joue que ses propres compositions. Il mettra en ligne une live session en janvier, tout en peaufinant trois nouveaux morceaux.<\/p>\n<p>En attendant, son cinqui\u00e8me single vient de sortir sur les plateformes, accompagn\u00e9 d\u2019un clip\u00a0: Mister Society , chanson engag\u00e9e sur un monde dysfonctionnel, baign\u00e9e par un bourdonnement de guitare \u00e9lectrique au final sonore. Hideaway sublime une vision plut\u00f4t sombre du monde, \u00e0 travers un son rock ma\u00eetris\u00e9 et tr\u00e8s personnel.<\/p>\n<p class=\"note\"><a href=\"https:\/\/my.weezevent.com\/nuit-spectrale\" target=\"_blank\" rel=\"nofollow noopener\">Caveau de la Kulture<\/a> , 9 rue des Bateliers \u00e0 Strasbourg, le mercredi 10\u00a0d\u00e9cembre \u00e0 22\u00a0h. Entr\u00e9e libre, plateau.<\/p>\n","protected":false},"excerpt":{"rendered":"Baign\u00e9 d\u2019influences rock, m\u00e9tal et jazz, Hideaway sera en concert au bar culturel strasbourgeois La Kulture. Le groupe&hellip;\n","protected":false},"author":2,"featured_media":585814,"comment_status":"","ping_status":"","sticky":false,"template":"","format":"standard","meta":{"footnotes":""},"categories":[2820],"tags":[1111,11,2389,1687,2880,1777,674,107,1011,27,775,873,12,25,640,2879],"class_list":{"0":"post-585813","1":"post","2":"type-post","3":"status-publish","4":"format-standard","5":"has-post-thumbnail","7":"category-strasbourg","8":"tag-actu","9":"tag-actualites","10":"tag-alsace","11":"tag-culture-loisirs","12":"tag-edition-strasbourg","13":"tag-eu","14":"tag-europe","15":"tag-fil-info","16":"tag-fr","17":"tag-france","18":"tag-grand-est","19":"tag-musique","20":"tag-news","21":"tag-republique-francaise","22":"tag-strasbourg","23":"tag-strasbourg-ville"},"share_on_mastodon":{"url":"https:\/\/pubeurope.com\/@fr\/115682685253966815","error":""},"_links":{"self":[{"href":"https:\/\/www.europesays.com\/fr\/wp-json\/wp\/v2\/posts\/585813","targetHints":{"allow":["GET"]}}],"collection":[{"href":"https:\/\/www.europesays.com\/fr\/wp-json\/wp\/v2\/posts"}],"about":[{"href":"https:\/\/www.europesays.com\/fr\/wp-json\/wp\/v2\/types\/post"}],"author":[{"embeddable":true,"href":"https:\/\/www.europesays.com\/fr\/wp-json\/wp\/v2\/users\/2"}],"replies":[{"embeddable":true,"href":"https:\/\/www.europesays.com\/fr\/wp-json\/wp\/v2\/comments?post=585813"}],"version-history":[{"count":0,"href":"https:\/\/www.europesays.com\/fr\/wp-json\/wp\/v2\/posts\/585813\/revisions"}],"wp:featuredmedia":[{"embeddable":true,"href":"https:\/\/www.europesays.com\/fr\/wp-json\/wp\/v2\/media\/585814"}],"wp:attachment":[{"href":"https:\/\/www.europesays.com\/fr\/wp-json\/wp\/v2\/media?parent=585813"}],"wp:term":[{"taxonomy":"category","embeddable":true,"href":"https:\/\/www.europesays.com\/fr\/wp-json\/wp\/v2\/categories?post=585813"},{"taxonomy":"post_tag","embeddable":true,"href":"https:\/\/www.europesays.com\/fr\/wp-json\/wp\/v2\/tags?post=585813"}],"curies":[{"name":"wp","href":"https:\/\/api.w.org\/{rel}","templated":true}]}}