{"id":585819,"date":"2025-12-08T07:09:19","date_gmt":"2025-12-08T07:09:19","guid":{"rendered":"https:\/\/www.europesays.com\/fr\/585819\/"},"modified":"2025-12-08T07:09:19","modified_gmt":"2025-12-08T07:09:19","slug":"nice-un-professeur-attaque-luniversite-qui-la-oblige-a-surveiller-des-examens","status":"publish","type":"post","link":"https:\/\/www.europesays.com\/fr\/585819\/","title":{"rendered":"Nice. Un professeur attaque l&rsquo;universit\u00e9 qui l&rsquo;a \u00ab\u00a0oblig\u00e9\u00a0\u00bb \u00e0 surveiller des examens"},"content":{"rendered":"<p>                    Par<br \/>\n        <strong><br \/>\n            <a href=\"https:\/\/actu.fr\/auteur\/redaction-nice\" title=\"Consulter tous les articles de R\u00e9daction Nice\" target=\"_blank\" rel=\"noopener\">R\u00e9daction Nice<\/a><br \/>\n                    <\/strong><\/p>\n<p>        Publi\u00e9 le<\/p>\n<p>            8 d\u00e9c. 2025 \u00e0 7h14        <\/p>\n<p>La cour administrative d\u2019appel de Marseille a d\u00e9savou\u00e9 un <strong>enseignant qui r\u00e9clamait 44000 euros<\/strong>\u00a0de d\u00e9dommagements \u00e0 l\u2019universit\u00e9 de Nice (<a href=\"https:\/\/actu.fr\/provence-alpes-cote-d-azur\/alpes-maritimes_06\" target=\"_blank\" rel=\"noopener\">Alpes-Maritimes<\/a>) pour l\u2019avoir \u00ab\u2009oblig\u00e9\u2009\u00bb en 2021 \u00e0<strong> surveiller les examens pendant l\u2019\u00e9pid\u00e9mie de Covid-19<\/strong> alors qu\u2019il \u00e9tait pourtant \u00ab\u2009vuln\u00e9rable\u2009\u00bb au virus. Le requ\u00e9rant \u2013 qui avait d\u00e9j\u00e0 \u00e9t\u00e9 d\u00e9bout\u00e9 en premi\u00e8re instance, en juillet\u00a02024, par le tribunal administratif de <a href=\"https:\/\/actu.fr\/nice\/\" target=\"_blank\" rel=\"noopener\">Nice<\/a> \u2013 maintenait que l\u2019universit\u00e9 C\u00f4te d\u2019Azur aurait d\u00fb lui accorder une Autorisation sp\u00e9ciale d\u2019absence (ASA). Ce dispositif \u00e9tait r\u00e9serv\u00e9 aux fonctionnaires dont le poste ne pouvait \u00eatre \u00ab\u2009am\u00e9nag\u00e9\u2009\u00bb et qui ne pouvaient pas \u00eatre mis en t\u00e9l\u00e9travail.<\/p>\n<p>Il pointe un manquement de l\u2019universit\u00e9<\/p>\n<p class=\" wall-content\">Dans une seconde requ\u00eate, il demandait un peu plus de 36000 euros pour ne pas avoir \u00e9t\u00e9 autoris\u00e9, dans le m\u00eame temps, \u00e0 \u00ab\u2009cumuler\u2009\u00bb son activit\u00e9 avec celle d\u2019expert pour le Haut Conseil d\u2019\u00c9valuation de la Recherche et de l\u2019Enseignement sup\u00e9rieur (HCERES)\u2009: cela ne repr\u00e9sentait pourtant \u00ab\u2009que dix heures pour la r\u00e9daction d\u2019un rapport\u2009\u00bb et \u00ab\u2009deux heures de visioconf\u00e9rence\u2009\u00bb, selon lui\u2026<\/p>\n<p class=\" wall-content\">\u00ab\u2009L\u2019universit\u00e9 a manqu\u00e9 \u00e0 son obligation de prudence ou de s\u00e9curit\u00e9 en l\u2019obligeant \u00e0 assurer la surveillance d\u2019examens alors que mon client \u00e9tait vuln\u00e9rable\u2009\u00bb, soutenait donc son avocate. \u00ab\u2009La surveillance d\u2019examens ne rel\u00e8ve pas de son service d\u2019enseignement\u2009\u00bb, faisait au demeurant observer Me Symphonia Lebrun, du barreau de Nice.<\/p>\n<p>\u00ab\u2009Aucun risque pour sa sant\u00e9\u2009\u00bb<\/p>\n<p class=\" wall-content\">Un \u00ab\u2009suivi m\u00e9dical renforc\u00e9\u2009\u00bb aurait d\u2019ailleurs d\u00fb \u00eatre mis en place \u00ab\u2009d\u00e8s son arriv\u00e9e\u2009\u00bb en 2002 au sein du laboratoire de radiochimie de l\u2019universit\u00e9 de Nice Sophia Antipolis. \u00ab\u2009Il n\u2019y a eu aucune information sur les risques professionnels encourus, aucune formation ni aucun suivi m\u00e9dical pendant pr\u00e8s de vingt ans\u2009\u00bb, affirmait-elle aux juges marseillais.<\/p>\n<p class=\" wall-content\">Pour sa d\u00e9fense, l\u2019universit\u00e9 C\u00f4te d\u2019Azur estimait que le<strong> certificat m\u00e9dical<\/strong> produit par le requ\u00e9rant \u00ab\u2009ne permettait pas d\u2019attester d\u2019une situation de vuln\u00e9rabilit\u00e9\u2009\u00bb au virus de la Covid-19. Apr\u00e8s avoir exerc\u00e9 dix ans au sein du laboratoire de radiochimie, cet enseignant avait rejoint en 2012 le \u00ab\u2009laboratoire d\u2019\u00e9cologie marine\u2009\u00bb ECOMERS, qui d\u00e9pend de l\u2019\u00c9cole universitaire pluridisciplinaire Sciences fondamentales et Ing\u00e9nierie.<\/p>\n<p class=\" wall-content\">L\u2019enseignant ne s\u2019\u00e9tait finalement \u00ab\u2009pas pr\u00e9sent\u00e9\u2009\u00bb aux examens de \u00ab\u2009thermodynamique\u2009\u00bb qu\u2019il \u00e9tait cens\u00e9 surveiller, rel\u00e8ve la cour administrative d\u2019appel de Marseille dans l\u2019un des deux arr\u00eats en date du 29\u00a0septembre 2025 qui viennent d\u2019\u00eatre rendus publics\u2009: il avait indiqu\u00e9 \u00e0 sa hi\u00e9rarchie, dans un courriel, qu\u2019il n\u2019entendait prendre \u00ab\u2009aucun risque pour sa sant\u00e9\u2009\u00bb.<\/p>\n<p class=\" wall-content\">Il avait pour cela produit un certificat m\u00e9dical indiquant qu\u2019il pr\u00e9sentait \u00ab\u2009une polypathologie \u00e0 comorbidit\u00e9s lui imposant [\u2026] d\u2019\u00e9viter tout d\u00e9placement a\u00e9rien et de privil\u00e9gier le t\u00e9l\u00e9travail\u2009\u00bb.<\/p>\n<p>Votre r\u00e9gion, votre actu !<\/p>\n<p>Recevez chaque jour les infos qui comptent pour vous.<\/p>\n<p>\t<a href=\"https:\/\/actu.fr\/newsletter\" class=\"ac-btn ac-btn--corner ac-btn--medium ac-btn--blue800\" target=\"_blank\" rel=\"noopener\">S&rsquo;incrire<\/a><br \/>\nAucune preuve de sa \u00ab\u2009vuln\u00e9rabilit\u00e9\u2009\u00bb<\/p>\n<p class=\" wall-content\">\u00ab\u2009Ce faisant, M. X n\u2019a pas justifi\u00e9 \u00eatre dans une situation de vuln\u00e9rabilit\u00e9 [\u2026], de sorte que l\u2019administration pouvait [\u2026] refuser de lui accorder une Autorisation sp\u00e9ciale d\u2019absence\u2009\u00bb, retient donc la cour administrative d\u2019appel de Marseille. \u00ab\u2009Si l\u2019int\u00e9ress\u00e9 reproche \u00e0 l\u2019administration d\u2019avoir commis une faute [\u2026] en l\u2019ayant menac\u00e9 d\u2019op\u00e9rer une retenue sur son traitement [\u2026], il n\u2019a pas d\u00e9f\u00e9r\u00e9 aux convocations qui lui ont \u00e9t\u00e9 adress\u00e9es et n\u2019a, de fait, pas assur\u00e9 ces surveillances d\u2019examen.\u2009\u00bb<\/p>\n<p>\u00ab\u2009Convoqu\u00e9 \u00e0 cinq reprises\u2009\u00bb devant la m\u00e9decine du travail<\/p>\n<p class=\" wall-content\">De fa\u00e7on plus g\u00e9n\u00e9rale, l\u2019universitaire avait aussi \u00e9t\u00e9 \u00ab\u2009convoqu\u00e9 \u00e0 cinq reprises\u2009\u00bb devant la m\u00e9decine du travail <strong>de 2012 \u00e0 2018<\/strong> mais \u00ab\u2009ne s\u2019y est jamais pr\u00e9sent\u00e9\u2009\u00bb, font observer les m\u00eames magistrats. \u00ab\u2009Il \u00e9tait en tout \u00e9tat de cause impossible, pour le service de m\u00e9decine pr\u00e9ventive [\u2026], de constituer un dossier m\u00e9dical le concernant\u2009\u00bb, en d\u00e9duisent-ils.<\/p>\n<p class=\" wall-content\">\u00ab\u2009Si le requ\u00e9rant reproche \u00e0 l\u2019universit\u00e9 de lui avoir retir\u00e9 de nouvelles heures de cours magistraux [\u2026], ce sont ses absences r\u00e9currentes \u00e0 ces cours durant l\u2019ann\u00e9e pr\u00e9c\u00e9dente, sans rattrapage ult\u00e9rieur, qui ont conduit le d\u00e9partement des Sciences de la Terre \u00e0 ne plus lui confier l\u2019enseignement de g\u00e9ochimie qu\u2019il assurait auparavant\u2009\u00bb, ajoute encore la cour.<\/p>\n<p class=\" wall-content\">\u00ab\u2009Malgr\u00e9 un rappel de ses obligations [\u2026] M. X n\u2019a pas assur\u00e9 les douze heures de travaux dirig\u00e9s et les seize heures de travaux pratiques qui lui incombaient\u2009\u00bb pour le second semestre 2019, d\u00e9veloppe-t-elle dans un second arr\u00eat en date du m\u00eame jour.<\/p>\n<p class=\" wall-content\">\u00ab\u2009S\u2019agissant de l\u2019ann\u00e9e 2016-2017, [\u2026] M. X n\u2019a inform\u00e9 [\u2026] l\u2019universit\u00e9 que le 5\u00a0septembre 2016 de son indisponibilit\u00e9, du fait d\u2019un d\u00e9placement en Afrique, pour assurer les travaux pratiques qui devaient d\u00e9marrer en octobre\u2009\u00bb, notent encore les juges marseillais. L\u2019universitaire a donc \u00e9t\u00e9 d\u00e9bout\u00e9 et condamn\u00e9 \u00e0 verser 2000 euros de frais de justice \u00e0 l\u2019universit\u00e9 C\u00f4te d\u2019Azur dans chacun des deux dossiers examin\u00e9s par la cour.<\/p>\n<p class=\" wall-content\"><strong>GF \/ PressPepper<\/strong><\/p>\n<p class=\" wall-content\">Personnalisez votre actualit\u00e9 en ajoutant vos villes et m\u00e9dias en favori avec <a href=\"https:\/\/moncompte.actu.fr\" title=\"D\u00e9couvez Mon Actu\" rel=\"nofollow noopener\" data-trk=\"{&quot;cta&quot;:{&quot;action&quot;:&quot;https:\\\/\\\/moncompte.actu.fr&quot;,&quot;category&quot;:&quot;mon compte&quot;,&quot;from&quot;:&quot;article footer&quot;,&quot;name&quot;:&quot;Mon actu&quot;,&quot;type&quot;:&quot;cta&quot;}}\" target=\"_blank\">Mon Actu<\/a>.<\/p>\n","protected":false},"excerpt":{"rendered":"Par R\u00e9daction Nice Publi\u00e9 le 8 d\u00e9c. 2025 \u00e0 7h14 La cour administrative d\u2019appel de Marseille a d\u00e9savou\u00e9&hellip;\n","protected":false},"author":2,"featured_media":585820,"comment_status":"","ping_status":"","sticky":false,"template":"","format":"standard","meta":{"footnotes":""},"categories":[2819],"tags":[1111,11,1057,1064,1777,674,118,1011,27,303,12,2401,882,25],"class_list":{"0":"post-585819","1":"post","2":"type-post","3":"status-publish","4":"format-standard","5":"has-post-thumbnail","7":"category-nice","8":"tag-actu","9":"tag-actualites","10":"tag-education","11":"tag-etudiantses","12":"tag-eu","13":"tag-europe","14":"tag-faits-divers","15":"tag-fr","16":"tag-france","17":"tag-justice","18":"tag-news","19":"tag-nice","20":"tag-provence-alpes-cote-dazur","21":"tag-republique-francaise"},"share_on_mastodon":{"url":"https:\/\/pubeurope.com\/@fr\/115682697119871041","error":""},"_links":{"self":[{"href":"https:\/\/www.europesays.com\/fr\/wp-json\/wp\/v2\/posts\/585819","targetHints":{"allow":["GET"]}}],"collection":[{"href":"https:\/\/www.europesays.com\/fr\/wp-json\/wp\/v2\/posts"}],"about":[{"href":"https:\/\/www.europesays.com\/fr\/wp-json\/wp\/v2\/types\/post"}],"author":[{"embeddable":true,"href":"https:\/\/www.europesays.com\/fr\/wp-json\/wp\/v2\/users\/2"}],"replies":[{"embeddable":true,"href":"https:\/\/www.europesays.com\/fr\/wp-json\/wp\/v2\/comments?post=585819"}],"version-history":[{"count":0,"href":"https:\/\/www.europesays.com\/fr\/wp-json\/wp\/v2\/posts\/585819\/revisions"}],"wp:featuredmedia":[{"embeddable":true,"href":"https:\/\/www.europesays.com\/fr\/wp-json\/wp\/v2\/media\/585820"}],"wp:attachment":[{"href":"https:\/\/www.europesays.com\/fr\/wp-json\/wp\/v2\/media?parent=585819"}],"wp:term":[{"taxonomy":"category","embeddable":true,"href":"https:\/\/www.europesays.com\/fr\/wp-json\/wp\/v2\/categories?post=585819"},{"taxonomy":"post_tag","embeddable":true,"href":"https:\/\/www.europesays.com\/fr\/wp-json\/wp\/v2\/tags?post=585819"}],"curies":[{"name":"wp","href":"https:\/\/api.w.org\/{rel}","templated":true}]}}