{"id":585823,"date":"2025-12-08T07:11:15","date_gmt":"2025-12-08T07:11:15","guid":{"rendered":"https:\/\/www.europesays.com\/fr\/585823\/"},"modified":"2025-12-08T07:11:15","modified_gmt":"2025-12-08T07:11:15","slug":"un-job-dating-propose-500-offres-demploi","status":"publish","type":"post","link":"https:\/\/www.europesays.com\/fr\/585823\/","title":{"rendered":"un job dating propose 500 offres d\u2019emploi"},"content":{"rendered":"<p>                    Par<br \/>\n        <strong><br \/>\n            <a href=\"https:\/\/actu.fr\/auteur\/redaction-nantes\" title=\"Consulter tous les articles de R\u00e9daction Nantes\" target=\"_blank\" rel=\"noopener\">R\u00e9daction Nantes<\/a><br \/>\n                    <\/strong><\/p>\n<p>        Publi\u00e9 le<\/p>\n<p>            8 d\u00e9c. 2025 \u00e0 7h26        <\/p>\n<p>Dans la continuit\u00e9 des quatre \u00e9ditions pr\u00e9c\u00e9dentes, \u00ab\u2009Les entreprises s\u2019engagent \u2013 club de Loire-Atlantique\u2009\u00bb et VINCI Airports organisent un nouveau job dating <b>le mardi 9\u00a0d\u00e9cembre 2025, de 10\u2009h \u00e0 12\u2009h, \u00e0 l\u2018a\u00e9roport de Nantes Atlantique<\/b>.<\/p>\n<p>500 offres d\u2019emploi<\/p>\n<p class=\" wall-content\">Des recruteurs d\u2019une vingtaine d\u2019entreprises de l\u2019a\u00e9roport et de la fili\u00e8re a\u00e9ronautique, dont Airbus Atlantic, Crit A\u00e9ro, Daher, GSF, Manpower, Safesquare, Synergie, VINCI Airports, Voyages Querard, seront pr\u00e9sents.<\/p>\n<p class=\" wall-content\">\u00ab\u2009Cette ann\u00e9e, de nouveau, c\u2019est pr\u00e8s de<b> 500 offres d\u2019emploi et de formation qui sont propos\u00e9es<\/b> pour accompagner le ramp-up de la fili\u00e8re a\u00e9ronautique ainsi que la saison printani\u00e8re et estivale de l\u2019a\u00e9roport\u2009\u00bb, explique Yves-Olivier Lenormand, leader Les Entreprises s\u2019engagent \u2013 club de Loire-Atlantique.<\/p>\n<p class=\" wall-content\">Pour participer, les candidats doivent <a href=\"https:\/\/urls.fr\/ReV2Qs\" target=\"_blank\" rel=\"noopener\">s\u2019inscrire en ligne<\/a>.<\/p>\n<p class=\" wall-content\">\u00c0 l\u2019issue du jobdating, <b>une s\u00e9ance de cin\u00e9-d\u00e9bat sur le handicap<\/b> est organis\u00e9e avec la diffusion du film \u201c<a href=\"https:\/\/actu.fr\/pays-de-la-loire\/nantes_44109\/devenu-tetraplegique-apres-un-accident-jordan-ducret-s-est-revele-au-rugby-fauteuil_59824296.html\" target=\"_blank\" rel=\"noopener\">Jordan Ducret<\/a> \u2013 Itin\u00e9raire d\u2019un champion\u201d.<\/p>\n<p class=\" wall-content\">Personnalisez votre actualit\u00e9 en ajoutant vos villes et m\u00e9dias en favori avec <a href=\"https:\/\/moncompte.actu.fr\" title=\"D\u00e9couvez Mon Actu\" rel=\"nofollow noopener\" data-trk=\"{&quot;cta&quot;:{&quot;action&quot;:&quot;https:\\\/\\\/moncompte.actu.fr&quot;,&quot;category&quot;:&quot;mon compte&quot;,&quot;from&quot;:&quot;article footer&quot;,&quot;name&quot;:&quot;Mon actu&quot;,&quot;type&quot;:&quot;cta&quot;}}\" target=\"_blank\">Mon Actu<\/a>.<\/p>\n","protected":false},"excerpt":{"rendered":"Par R\u00e9daction Nantes Publi\u00e9 le 8 d\u00e9c. 2025 \u00e0 7h26 Dans la continuit\u00e9 des quatre \u00e9ditions pr\u00e9c\u00e9dentes, \u00ab\u2009Les&hellip;\n","protected":false},"author":2,"featured_media":585824,"comment_status":"","ping_status":"","sticky":false,"template":"","format":"standard","meta":{"footnotes":""},"categories":[2818],"tags":[1111,11,754,33,341,1777,674,1011,27,5113,766,12,2636,25],"class_list":{"0":"post-585823","1":"post","2":"type-post","3":"status-publish","4":"format-standard","5":"has-post-thumbnail","7":"category-nantes","8":"tag-actu","9":"tag-actualites","10":"tag-aeroport-de-nantes","11":"tag-economie","12":"tag-emploi","13":"tag-eu","14":"tag-europe","15":"tag-fr","16":"tag-france","17":"tag-job-dating","18":"tag-nantes","19":"tag-news","20":"tag-pays-de-la-loire","21":"tag-republique-francaise"},"share_on_mastodon":{"url":"https:\/\/pubeurope.com\/@fr\/115682705240698998","error":""},"_links":{"self":[{"href":"https:\/\/www.europesays.com\/fr\/wp-json\/wp\/v2\/posts\/585823","targetHints":{"allow":["GET"]}}],"collection":[{"href":"https:\/\/www.europesays.com\/fr\/wp-json\/wp\/v2\/posts"}],"about":[{"href":"https:\/\/www.europesays.com\/fr\/wp-json\/wp\/v2\/types\/post"}],"author":[{"embeddable":true,"href":"https:\/\/www.europesays.com\/fr\/wp-json\/wp\/v2\/users\/2"}],"replies":[{"embeddable":true,"href":"https:\/\/www.europesays.com\/fr\/wp-json\/wp\/v2\/comments?post=585823"}],"version-history":[{"count":0,"href":"https:\/\/www.europesays.com\/fr\/wp-json\/wp\/v2\/posts\/585823\/revisions"}],"wp:featuredmedia":[{"embeddable":true,"href":"https:\/\/www.europesays.com\/fr\/wp-json\/wp\/v2\/media\/585824"}],"wp:attachment":[{"href":"https:\/\/www.europesays.com\/fr\/wp-json\/wp\/v2\/media?parent=585823"}],"wp:term":[{"taxonomy":"category","embeddable":true,"href":"https:\/\/www.europesays.com\/fr\/wp-json\/wp\/v2\/categories?post=585823"},{"taxonomy":"post_tag","embeddable":true,"href":"https:\/\/www.europesays.com\/fr\/wp-json\/wp\/v2\/tags?post=585823"}],"curies":[{"name":"wp","href":"https:\/\/api.w.org\/{rel}","templated":true}]}}