{"id":585833,"date":"2025-12-08T07:19:11","date_gmt":"2025-12-08T07:19:11","guid":{"rendered":"https:\/\/www.europesays.com\/fr\/585833\/"},"modified":"2025-12-08T07:19:11","modified_gmt":"2025-12-08T07:19:11","slug":"la-reaction-de-lexcellent-nabil-bentaleb-apres-la-victoire-contre-lom","status":"publish","type":"post","link":"https:\/\/www.europesays.com\/fr\/585833\/","title":{"rendered":"la r\u00e9action de l\u2019excellent Nabil Bentaleb apr\u00e8s la victoire contre l\u2019OM"},"content":{"rendered":"<p>Auteur d\u2019un match plein et passeur d\u00e9cisif pour Ethan Mbapp\u00e9 apr\u00e8s 10 minutes de jeu, <a href=\"https:\/\/www.footmercato.net\/joueur\/nabil-bentaleb\/\" target=\"_blank\" rel=\"noopener\">Nabil Bentaleb<\/a> a port\u00e9 sa signature sur le succ\u00e8s du LOSC obtenu ce vendredi soir face \u00e0 l\u2019OM (1-0). Apr\u00e8s la rencontre, le milieu de terrain alg\u00e9rien se r\u00e9jouissait de ce r\u00e9sultat positif face \u00e0 un autre candidat au top 3.<\/p>\n<p>            La suite apr\u00e8s cette publicit\u00e9<\/p>\n<p>\u00abC\u2019\u00e9tait un rendez-vous tr\u00e8s important qu\u2019il ne fallait pas manquer. Quand on dit que ce genre de rendez-vous, c\u2019est des matchs de Ligue des Champions\u2026 On l\u2019a pris tel quel, et on savait qu\u2019une grosse performance \u00e9tait n\u00e9cessaire pour obtenir ce qu\u2019on voulait ce soir\u00bb, a soulign\u00e9 le milieu de 31 ans.<\/p>\n<p>\n    Pub. le 05\/12\/2025 23:19<br \/>\n            &#8211; MAJ le 06\/12\/2025 00:00\n    <\/p>\n","protected":false},"excerpt":{"rendered":"Auteur d\u2019un match plein et passeur d\u00e9cisif pour Ethan Mbapp\u00e9 apr\u00e8s 10 minutes de jeu, Nabil Bentaleb a&hellip;\n","protected":false},"author":2,"featured_media":585834,"comment_status":"","ping_status":"","sticky":false,"template":"","format":"standard","meta":{"footnotes":""},"categories":[2815],"tags":[1111,11,1777,674,1011,27,811,1307,12,25],"class_list":{"0":"post-585833","1":"post","2":"type-post","3":"status-publish","4":"format-standard","5":"has-post-thumbnail","7":"category-lille","8":"tag-actu","9":"tag-actualites","10":"tag-eu","11":"tag-europe","12":"tag-fr","13":"tag-france","14":"tag-hauts-de-france","15":"tag-lille","16":"tag-news","17":"tag-republique-francaise"},"share_on_mastodon":{"url":"https:\/\/pubeurope.com\/@fr\/115682735828542267","error":""},"_links":{"self":[{"href":"https:\/\/www.europesays.com\/fr\/wp-json\/wp\/v2\/posts\/585833","targetHints":{"allow":["GET"]}}],"collection":[{"href":"https:\/\/www.europesays.com\/fr\/wp-json\/wp\/v2\/posts"}],"about":[{"href":"https:\/\/www.europesays.com\/fr\/wp-json\/wp\/v2\/types\/post"}],"author":[{"embeddable":true,"href":"https:\/\/www.europesays.com\/fr\/wp-json\/wp\/v2\/users\/2"}],"replies":[{"embeddable":true,"href":"https:\/\/www.europesays.com\/fr\/wp-json\/wp\/v2\/comments?post=585833"}],"version-history":[{"count":0,"href":"https:\/\/www.europesays.com\/fr\/wp-json\/wp\/v2\/posts\/585833\/revisions"}],"wp:featuredmedia":[{"embeddable":true,"href":"https:\/\/www.europesays.com\/fr\/wp-json\/wp\/v2\/media\/585834"}],"wp:attachment":[{"href":"https:\/\/www.europesays.com\/fr\/wp-json\/wp\/v2\/media?parent=585833"}],"wp:term":[{"taxonomy":"category","embeddable":true,"href":"https:\/\/www.europesays.com\/fr\/wp-json\/wp\/v2\/categories?post=585833"},{"taxonomy":"post_tag","embeddable":true,"href":"https:\/\/www.europesays.com\/fr\/wp-json\/wp\/v2\/tags?post=585833"}],"curies":[{"name":"wp","href":"https:\/\/api.w.org\/{rel}","templated":true}]}}