{"id":585839,"date":"2025-12-08T07:22:12","date_gmt":"2025-12-08T07:22:12","guid":{"rendered":"https:\/\/www.europesays.com\/fr\/585839\/"},"modified":"2025-12-08T07:22:12","modified_gmt":"2025-12-08T07:22:12","slug":"une-nouvelle-colocation-accueille-etudiants-et-personnes-en-situation-de-handicap","status":"publish","type":"post","link":"https:\/\/www.europesays.com\/fr\/585839\/","title":{"rendered":"une nouvelle colocation accueille \u00e9tudiants et personnes en situation de handicap"},"content":{"rendered":"<p><strong>Une initiative port\u00e9e par l\u2019ALGED et la M\u00e9tropole de Lyon vient de voir le jour \u00e0 Vaise. Une colocation inclusive o\u00f9 \u00e9tudiants et personnes en situation de handicap partagent un logement. <\/strong><\/p>\n<p>Un habitat pens\u00e9 pour l\u2019autonomie et la mixit\u00e9<\/p>\n<p>Ouverte depuis septembre et inaugur\u00e9e ce 1\u1d49\u02b3 d\u00e9cembre, la colocation inclusive de l\u2019ALGED propose un habitat ordinaire \u00e0 de jeunes adultes en situation de handicap et \u00e0 des \u00e9tudiants qui souhaitent s\u2019engager dans une vie collective mixte.<\/p>\n<p>Six appartements composent l\u2019ensemble : cinq T5 et un T3, pour quatorze habitants au total. Dans chaque T5, deux personnes en situation de handicap vivent avec un \u00e9tudiant. <\/p>\n<p>\u00ab Le plus, c\u2019est qu\u2019ils sont en colocation, ils ne sont pas seuls \u00e0 la maison. Ils sont en lien avec les autres colocataires. Et moi, je suis pr\u00e9sente trois soirs par semaine et un samedi par mois pour faire des projets ensemble \u00bb, explique Catherine Chaize, coordinatrice d\u2019habitat inclusif \u00e0 l\u2019ALGED.<\/p>\n<p>Un espace partag\u00e9 de 50 m\u00b2 permet d\u2019organiser des ateliers et des temps collectifs. Chaque semaine, le groupe se retrouve autour d\u2019activit\u00e9s : peinture, jeux de soci\u00e9t\u00e9 ou sorties comme au march\u00e9 de No\u00ebl.<\/p>\n<p>L\u2019ALGED s\u00e9lectionne les futurs r\u00e9sidents via un processus d\u2019admission. Chacun devient locataire et signe un bail classique. <\/p>\n<p>Un cadre ordinaire en plein c\u0153ur du quartier<\/p>\n<p>Les appartements se trouvent dans un immeuble de droit commun, entour\u00e9 de commerces, services m\u00e9dicaux, transports et associations. <\/p>\n<p>Lucie, 19 ans, \u00e9tudiante, a rejoint le projet apr\u00e8s avoir quitt\u00e9 son studio : \u00ab J\u2019\u00e9tais dans un 18 m\u00b2 et c\u2019\u00e9tait cher. Je suis tomb\u00e9e sur cette annonce et je me suis dit que c\u2019\u00e9tait l\u2019occasion de tester la colocation et aussi de c\u00f4toyer des personnes en situation de handicap pour changer mes repr\u00e9sentations. \u00bb  <\/p>\n<p>Les logements T5 font environ 100 m\u00b2 et le loyer tourne autour de 400 euros par mois. Camille, 28 ans, en situation de handicap, appr\u00e9cie le confort : \u00ab On a notre chambre et notre salle de bain, deux toilettes, un salon et une salle \u00e0 manger. \u00bb  <\/p>\n<p>Trois places restent disponibles : une pour un \u00e9tudiant et deux pour des personnes en situation de handicap.<\/p>\n","protected":false},"excerpt":{"rendered":"Une initiative port\u00e9e par l\u2019ALGED et la M\u00e9tropole de Lyon vient de voir le jour \u00e0 Vaise. Une&hellip;\n","protected":false},"author":2,"featured_media":585840,"comment_status":"","ping_status":"","sticky":false,"template":"","format":"standard","meta":{"footnotes":""},"categories":[1889],"tags":[1111,11,2430,69931,4081,1777,674,1011,27,1943,2428,12,25],"class_list":{"0":"post-585839","1":"post","2":"type-post","3":"status-publish","4":"format-standard","5":"has-post-thumbnail","7":"category-lyon","8":"tag-actu","9":"tag-actualites","10":"tag-auvergne-rhone-alpes","11":"tag-collocation-inclusive","12":"tag-etudiant","13":"tag-eu","14":"tag-europe","15":"tag-fr","16":"tag-france","17":"tag-handicap","18":"tag-lyon","19":"tag-news","20":"tag-republique-francaise"},"share_on_mastodon":{"url":"https:\/\/pubeurope.com\/@fr\/115682747600168031","error":""},"_links":{"self":[{"href":"https:\/\/www.europesays.com\/fr\/wp-json\/wp\/v2\/posts\/585839","targetHints":{"allow":["GET"]}}],"collection":[{"href":"https:\/\/www.europesays.com\/fr\/wp-json\/wp\/v2\/posts"}],"about":[{"href":"https:\/\/www.europesays.com\/fr\/wp-json\/wp\/v2\/types\/post"}],"author":[{"embeddable":true,"href":"https:\/\/www.europesays.com\/fr\/wp-json\/wp\/v2\/users\/2"}],"replies":[{"embeddable":true,"href":"https:\/\/www.europesays.com\/fr\/wp-json\/wp\/v2\/comments?post=585839"}],"version-history":[{"count":0,"href":"https:\/\/www.europesays.com\/fr\/wp-json\/wp\/v2\/posts\/585839\/revisions"}],"wp:featuredmedia":[{"embeddable":true,"href":"https:\/\/www.europesays.com\/fr\/wp-json\/wp\/v2\/media\/585840"}],"wp:attachment":[{"href":"https:\/\/www.europesays.com\/fr\/wp-json\/wp\/v2\/media?parent=585839"}],"wp:term":[{"taxonomy":"category","embeddable":true,"href":"https:\/\/www.europesays.com\/fr\/wp-json\/wp\/v2\/categories?post=585839"},{"taxonomy":"post_tag","embeddable":true,"href":"https:\/\/www.europesays.com\/fr\/wp-json\/wp\/v2\/tags?post=585839"}],"curies":[{"name":"wp","href":"https:\/\/api.w.org\/{rel}","templated":true}]}}