{"id":585844,"date":"2025-12-08T07:26:10","date_gmt":"2025-12-08T07:26:10","guid":{"rendered":"https:\/\/www.europesays.com\/fr\/585844\/"},"modified":"2025-12-08T07:26:10","modified_gmt":"2025-12-08T07:26:10","slug":"jeux-video-exil-dore-un-an-apres-sa-chute-bachar-al-assad-le-fantome-de-moscou-hante-encore-la-syrie","status":"publish","type":"post","link":"https:\/\/www.europesays.com\/fr\/585844\/","title":{"rendered":"Jeux vid\u00e9o, exil dor\u00e9\u2026 Un an apr\u00e8s sa chute, Bachar al-Assad, le fant\u00f4me de Moscou, hante encore la Syrie"},"content":{"rendered":"<p class=\"paragraph text_align_left lp-f-body-02\">Il n\u2019est <a href=\"https:\/\/www.leparisien.fr\/international\/bachar-al-assad-renverse-en-syrie-on-assiste-a-un-spectaculaire-renversement-des-rapports-de-force-08-12-2024-6WMX6DU7ZBC27HHQ6L7ODRRWYY.php\" target=\"_blank\" rel=\"noreferrer noopener\">plus au pouvoir depuis un an<\/a>, mais envahit toujours les t\u00e9l\u00e9phones des Syriens. Samedi, une image est devenue virale. <a href=\"https:\/\/www.leparisien.fr\/international\/censure-torture-gaz-sarin-bachar-al-assad-la-chute-dun-tyran-en-syrie-08-12-2024-UT3R7HJIXNCY7KQGO262SVI5YE.php\" target=\"_blank\" rel=\"noreferrer noopener\">Bachar al-Assad<\/a>, lunettes de soleil sur la t\u00eate au volant de sa voiture, est film\u00e9 en 2018 dans la Ghouta, bastion rebelle dans la banlieue de Damas. La ville a \u00e9t\u00e9 assi\u00e9g\u00e9e pendant cinq ans, <a href=\"https:\/\/www.leparisien.fr\/international\/syrie-dans-la-ghouta-c-est-l-apocalypse-22-02-2018-7572975.php\" target=\"_self\" rel=\"noopener\">bombard\u00e9e sans rel\u00e2che<\/a> par son r\u00e9gime et son alli\u00e9 russe, et m\u00eame vis\u00e9e par des attaques chimiques.<\/p>\n<p class=\"paragraph text_align_left lp-f-body-02\">Devant une mosqu\u00e9e miraculeusement encore debout, il ricane : \u00ab Les Syriens n\u2019ont pas d\u2019argent, mais ils d\u00e9pensent tout dans des d\u00e9bris comme les Pharaons. \u00bb Dans la voiture, sa conseill\u00e8re lui lance : \u00ab Que dis-tu avant qu\u2019on quitte la Ghouta ? \u00bb Il r\u00e9pond, hilare : \u00ab Que Dieu maudisse la Ghouta \u00bb.<\/p>\n","protected":false},"excerpt":{"rendered":"Il n\u2019est plus au pouvoir depuis un an, mais envahit toujours les t\u00e9l\u00e9phones des Syriens. Samedi, une image&hellip;\n","protected":false},"author":2,"featured_media":585845,"comment_status":"","ping_status":"","sticky":false,"template":"","format":"standard","meta":{"footnotes":""},"categories":[1888],"tags":[1111,1928,11,1927,1777,674,1011,27,14,12,1926,626,1925,25,32],"class_list":{"0":"post-585844","1":"post","2":"type-post","3":"status-publish","4":"format-standard","5":"has-post-thumbnail","7":"category-paris","8":"tag-actu","9":"tag-actu-paris","10":"tag-actualites","11":"tag-actualites-paris","12":"tag-eu","13":"tag-europe","14":"tag-fr","15":"tag-france","16":"tag-international","17":"tag-news","18":"tag-news-paris","19":"tag-paris","20":"tag-paris-news","21":"tag-republique-francaise","22":"tag-syrie"},"share_on_mastodon":{"url":"https:\/\/pubeurope.com\/@fr\/115682763354319777","error":""},"_links":{"self":[{"href":"https:\/\/www.europesays.com\/fr\/wp-json\/wp\/v2\/posts\/585844","targetHints":{"allow":["GET"]}}],"collection":[{"href":"https:\/\/www.europesays.com\/fr\/wp-json\/wp\/v2\/posts"}],"about":[{"href":"https:\/\/www.europesays.com\/fr\/wp-json\/wp\/v2\/types\/post"}],"author":[{"embeddable":true,"href":"https:\/\/www.europesays.com\/fr\/wp-json\/wp\/v2\/users\/2"}],"replies":[{"embeddable":true,"href":"https:\/\/www.europesays.com\/fr\/wp-json\/wp\/v2\/comments?post=585844"}],"version-history":[{"count":0,"href":"https:\/\/www.europesays.com\/fr\/wp-json\/wp\/v2\/posts\/585844\/revisions"}],"wp:featuredmedia":[{"embeddable":true,"href":"https:\/\/www.europesays.com\/fr\/wp-json\/wp\/v2\/media\/585845"}],"wp:attachment":[{"href":"https:\/\/www.europesays.com\/fr\/wp-json\/wp\/v2\/media?parent=585844"}],"wp:term":[{"taxonomy":"category","embeddable":true,"href":"https:\/\/www.europesays.com\/fr\/wp-json\/wp\/v2\/categories?post=585844"},{"taxonomy":"post_tag","embeddable":true,"href":"https:\/\/www.europesays.com\/fr\/wp-json\/wp\/v2\/tags?post=585844"}],"curies":[{"name":"wp","href":"https:\/\/api.w.org\/{rel}","templated":true}]}}