{"id":585852,"date":"2025-12-08T07:30:17","date_gmt":"2025-12-08T07:30:17","guid":{"rendered":"https:\/\/www.europesays.com\/fr\/585852\/"},"modified":"2025-12-08T07:30:17","modified_gmt":"2025-12-08T07:30:17","slug":"pourquoi-emmanuel-macron-vient-il-a-londres-ce-lundi-avec-volodymyr-zelensky","status":"publish","type":"post","link":"https:\/\/www.europesays.com\/fr\/585852\/","title":{"rendered":"pourquoi Emmanuel Macron vient-il \u00e0 Londres ce lundi avec Volodymyr Zelensky"},"content":{"rendered":"<p>                    Par<br \/>\n        <strong><br \/>\n            <a href=\"https:\/\/actu.fr\/auteur\/redaction-actu\" title=\"Consulter tous les articles de R\u00e9daction Actu\" target=\"_blank\" rel=\"noopener\">R\u00e9daction Actu<\/a><br \/>\n                    <\/strong><\/p>\n<p>        Publi\u00e9 le<\/p>\n<p>            8 d\u00e9c. 2025 \u00e0 8h22        <\/p>\n<p>Volodymyr Zelensky doit revoir ce lundi 8 d\u00e9cembre 2025 \u00e0 Londres ses alli\u00e9s europ\u00e9ens Keir Starmer, Emmanuel Macron et Friedrich Merz, au moment o\u00f9 Donald Trump lui reproche de<strong> ne \u00ab\u00a0pas avoir lu\u00a0\u00bb sa proposition de r\u00e8glement du conflit,<\/strong> objet de tractations s\u00e9par\u00e9es avec Moscou et Kiev.<\/p>\n<p>Faire le point sur les n\u00e9gociations en cours<\/p>\n<p class=\" wall-content\">Le pr\u00e9sident ukrainien sera re\u00e7u par le Premier ministre britannique, en compagnie du pr\u00e9sident fran\u00e7ais et du chancelier allemand.<\/p>\n<p class=\" wall-content\">La r\u00e9union est destin\u00e9e \u00e0 faire le point sur \u00ab\u00a0les n\u00e9gociations en cours dans le cadre de la m\u00e9diation am\u00e9ricaine\u00a0\u00bb, avait d\u00e9j\u00e0 \u00e9crit samedi sur X Emmanuel Macron en promettant de <strong>\u00ab\u00a0continuer \u00e0 faire pression sur la Russie<\/strong> pour la contraindre \u00e0 la paix\u00a0\u00bb.<\/p>\n<p class=\" wall-content\">Au m\u00eame moment, la cheffe de la diplomatie britannique Yvette Cooper est attendue \u00e0 Washington pour rencontrer son homologue am\u00e9ricain Marco Rubio, dans le cadre d\u2019intenses efforts diplomatiques pour tenter de mettre fin \u00e0 la guerre en Ukraine d\u00e9clench\u00e9e par l\u2019invasion russe du 24 f\u00e9vrier 2022.<\/p>\n<p class=\" wall-content\">Le Royaume-Uni et les Etats-Unis devraient r\u00e9affirmer \u00ab\u00a0leur engagement \u00e0 parvenir \u00e0 un accord de paix en Ukraine\u00a0\u00bb, a annonc\u00e9 le Foreign Office, ajoutant que Londres appuie \u00ab\u00a0les efforts continus du pr\u00e9sident Trump pour garantir une paix juste et durable\u00a0\u00bb.<\/p>\n<p>Questions cl\u00e9s<\/p>\n<p class=\" wall-content\">Ces rencontres suivent des r\u00e9unions \u00e0 Miami, en Floride, entre responsables ukrainiens et am\u00e9ricains, autour du plan qu\u2019a d\u00e9voil\u00e9 Donald Trump il y a trois semaines et cens\u00e9<strong> trouver une issue \u00e0 la guerre.<\/strong><\/p>\n<p class=\" wall-content\">Samedi, Volodymyr Zelensky avait assur\u00e9 avoir eu une conversation t\u00e9l\u00e9phonique \u00ab\u00a0substantielle et constructive\u00a0\u00bb avec les \u00e9missaires am\u00e9ricains Steve Witkoff et Jared Kushner et ses propres n\u00e9gociateurs d\u00e9p\u00each\u00e9s en Floride.<\/p>\n<p>Votre r\u00e9gion, votre actu !<\/p>\n<p>Recevez chaque jour les infos qui comptent pour vous.<\/p>\n<p>\t<a href=\"https:\/\/actu.fr\/newsletter\" class=\"ac-btn ac-btn--corner ac-btn--medium ac-btn--blue800\" target=\"_blank\" rel=\"noopener\">S&rsquo;incrire<\/a><\/p>\n<p class=\" wall-content\">\u00ab\u00a0Les questions cl\u00e9s qui pourraient garantir la fin de l\u2019effusion de sang\u00a0\u00bb et \u00ab\u00a0le risque que la Russie ne tienne pas ses promesses\u00a0\u00bb ont \u00e9t\u00e9 abord\u00e9s, avait alors pr\u00e9venu le pr\u00e9sident ukrainien.<\/p>\n<p>Paix durable possible ?<\/p>\n<p class=\" wall-content\">De son c\u00f4t\u00e9, la diplomatie am\u00e9ricaine a annonc\u00e9 ce week-end s\u2019\u00eatre entendue avec l\u2019Ukraine pour affirmer que \u00ab\u00a0tout progr\u00e8s r\u00e9el vers un accord d\u00e9pendait de la volont\u00e9 de la Russie de s\u2019engager s\u00e9rieusement en faveur d\u2019une paix durable\u00a0\u00bb.<\/p>\n<p class=\" wall-content\">Depuis la pr\u00e9sentation du plan am\u00e9ricain il y a trois semaines, les puissances europ\u00e9ennes alli\u00e9es de Kiev tentent de faire entendre leur voix.\u00a0<\/p>\n<p class=\" wall-content\">Elles ont tent\u00e9, lors d\u2019une r\u00e9union \u00e0 Gen\u00e8ve fin novembre, d\u2019amender un texte per\u00e7u comme tr\u00e8s favorable \u00e0 la Russie car port\u00e9 par Steve Witkoff, un promoteur immobilier intime du pr\u00e9sident Trump et accus\u00e9 d\u2019\u00eatre \u00e9galement proche de Moscou o\u00f9 il s\u2019est rendu plusieurs fois depuis pr\u00e8s d\u2019un an.<\/p>\n<p class=\" wall-content\">Lui et Jared Kushner, gendre de Donald Trump, avaient \u00e9t\u00e9 re\u00e7us la semaine derni\u00e8re par le pr\u00e9sident russe Vladimir Poutine, le Kremlin parlant alors de certaines avanc\u00e9es, m\u00eame s\u2019il reste \u00ab\u00a0beaucoup de travail\u00a0\u00bb.<\/p>\n<p>\u00ab\u00a0Je suis d\u00e9\u00e7u que le pr\u00e9sident Zelensky n\u2019ait pas lu la proposition\u00a0\u00bb<\/p>\n<p class=\" wall-content\">Interrog\u00e9 dimanche soir lors d\u2019une soir\u00e9e de gala \u00e0 Washington, le pr\u00e9sident des Etats-Unis, qui souffle le chaud et le froid \u00e0 l\u2019endroit de son homologue ukrainien, lui a reproch\u00e9 de n\u2019avoir \u00ab\u00a0pas lu\u00a0\u00bb son plan pour l\u2019Ukraine.<\/p>\n<p class=\" wall-content\">\u00ab\u00a0Nous avons donc parl\u00e9 au pr\u00e9sident Poutine, nous avons parl\u00e9 aux dirigeants ukrainiens \u2014 notamment Zelensky, le pr\u00e9sident Zelensky \u2013 et je dois dire que je suis un peu d\u00e9\u00e7u que le pr\u00e9sident Zelensky n\u2019ait pas encore lu la proposition\u00a0\u00bb, a lanc\u00e9 Donald Trump.<\/p>\n<p class=\" wall-content\">\u00ab\u00a0Cela convient \u00e0 la Russie, vous savez je pense que la Russie pr\u00e9f\u00e9rerait avoir tout le pays\u00a0\u00bb, mais \u00ab\u00a0je ne suis pas s\u00fbr que cela convienne \u00e0 Volodymyr Zelensky\u00a0\u00bb, a ajout\u00e9 le milliardaire r\u00e9publicain, qui s\u2019est rapproch\u00e9 de Moscou depuis qu\u2019il est revenu \u00e0 la Maison Blanche il y a pr\u00e8s d\u2019un an.<\/p>\n<p>Un texte qui s\u2019en prend \u00e0 l\u2019Europe<\/p>\n<p class=\" wall-content\">Le Kremlin a d\u2019ailleurs qualifi\u00e9 dimanche de \u00ab\u00a0globalement conformes \u00e0 (sa) vision\u00a0\u00bb les \u00ab\u00a0ajustements\u00a0\u00bb contenus dans la \u00ab\u00a0nouvelle strat\u00e9gie de s\u00e9curit\u00e9 nationale\u00a0\u00bb d\u00e9voil\u00e9e vendredi par la Maison Blanche.<\/p>\n<p class=\" wall-content\">Ce texte d\u2019une trentaine de pages s\u2019en prend \u00e0 l\u2019Europe, confront\u00e9e \u00e0 un \u00ab\u00a0effacement civilisationnel\u00a0\u00bb attribu\u00e9 \u00e0 l\u2019immigration et s\u2019engage \u00e0 ce qu\u2019il n\u2019y ait pas d\u2019\u00e9largissement de l\u2019Otan.<\/p>\n<p class=\" wall-content\">Sur le terrain en Ukraine, neuf personnes de plus ont \u00e9t\u00e9 bless\u00e9es par des frappes attribu\u00e9es \u00e0 la Russie dans la nuit de dimanche \u00e0 lundi: sept dans la r\u00e9gion de Soumy (nord-est) et deux \u00e0 Tchernihiv (nord).<\/p>\n<p class=\" wall-content\"><strong>Source AFP<\/strong><\/p>\n<p class=\" wall-content\">Personnalisez votre actualit\u00e9 en ajoutant vos villes et m\u00e9dias en favori avec <a href=\"https:\/\/moncompte.actu.fr\" title=\"D\u00e9couvez Mon Actu\" rel=\"nofollow noopener\" data-trk=\"{&quot;cta&quot;:{&quot;action&quot;:&quot;https:\\\/\\\/moncompte.actu.fr&quot;,&quot;category&quot;:&quot;mon compte&quot;,&quot;from&quot;:&quot;article footer&quot;,&quot;name&quot;:&quot;Mon actu&quot;,&quot;type&quot;:&quot;cta&quot;}}\" target=\"_blank\">Mon Actu<\/a>.<\/p>\n","protected":false},"excerpt":{"rendered":"Par R\u00e9daction Actu Publi\u00e9 le 8 d\u00e9c. 2025 \u00e0 8h22 Volodymyr Zelensky doit revoir ce lundi 8 d\u00e9cembre&hellip;\n","protected":false},"author":2,"featured_media":585853,"comment_status":"","ping_status":"","sticky":false,"template":"","format":"standard","meta":{"footnotes":""},"categories":[1591],"tags":[11,1073,1887,12,1885,1886,132,104,134],"class_list":{"0":"post-585852","1":"post","2":"type-post","3":"status-publish","4":"format-standard","5":"has-post-thumbnail","7":"category-russie","8":"tag-actualites","9":"tag-emmanuel-macron","10":"tag-federation-de-russie","11":"tag-news","12":"tag-russia","13":"tag-russian-federation","14":"tag-russie","15":"tag-societe","16":"tag-volodymyr-zelensky"},"share_on_mastodon":{"url":"https:\/\/pubeurope.com\/@fr\/115682779113276301","error":""},"_links":{"self":[{"href":"https:\/\/www.europesays.com\/fr\/wp-json\/wp\/v2\/posts\/585852","targetHints":{"allow":["GET"]}}],"collection":[{"href":"https:\/\/www.europesays.com\/fr\/wp-json\/wp\/v2\/posts"}],"about":[{"href":"https:\/\/www.europesays.com\/fr\/wp-json\/wp\/v2\/types\/post"}],"author":[{"embeddable":true,"href":"https:\/\/www.europesays.com\/fr\/wp-json\/wp\/v2\/users\/2"}],"replies":[{"embeddable":true,"href":"https:\/\/www.europesays.com\/fr\/wp-json\/wp\/v2\/comments?post=585852"}],"version-history":[{"count":0,"href":"https:\/\/www.europesays.com\/fr\/wp-json\/wp\/v2\/posts\/585852\/revisions"}],"wp:featuredmedia":[{"embeddable":true,"href":"https:\/\/www.europesays.com\/fr\/wp-json\/wp\/v2\/media\/585853"}],"wp:attachment":[{"href":"https:\/\/www.europesays.com\/fr\/wp-json\/wp\/v2\/media?parent=585852"}],"wp:term":[{"taxonomy":"category","embeddable":true,"href":"https:\/\/www.europesays.com\/fr\/wp-json\/wp\/v2\/categories?post=585852"},{"taxonomy":"post_tag","embeddable":true,"href":"https:\/\/www.europesays.com\/fr\/wp-json\/wp\/v2\/tags?post=585852"}],"curies":[{"name":"wp","href":"https:\/\/api.w.org\/{rel}","templated":true}]}}