{"id":58586,"date":"2025-04-28T06:22:08","date_gmt":"2025-04-28T06:22:08","guid":{"rendered":"https:\/\/www.europesays.com\/fr\/58586\/"},"modified":"2025-04-28T06:22:08","modified_gmt":"2025-04-28T06:22:08","slug":"alexander-zverev-a-degaine-son-smartphone-en-plein-match-denoncant-une-mauvaise-decision-arbitrale","status":"publish","type":"post","link":"https:\/\/www.europesays.com\/fr\/58586\/","title":{"rendered":"Alexander\u00a0Zverev a d\u00e9gain\u00e9 son smartphone en plein match d\u00e9non\u00e7ant une mauvaise d\u00e9cision arbitrale"},"content":{"rendered":"<p>        <img decoding=\"async\" loading=\"lazy\" src=\"https:\/\/www.europesays.com\/fr\/wp-content\/uploads\/2025\/04\/3733b07_sirius-fs-upload-1-x1kpdgvomwgg-1745792972568-000-43n344j.jpg\"  width=\"728\" height=\"476\" alt=\"L\u2019Allemand Alexander Zverev prend une photo avec son portable de la marque de la balle sur le court apr\u00e8s avoir contest\u00e9 la d\u00e9cision de l\u2019arbitre, le 27\u00a0avril 2025.\"\/>  <\/p>\n<p>THOMAS COEX \/ AFP<\/p>\n<p>L\u2019Allemand Alexander Zverev prend une photo avec son portable de la marque de la balle sur le court apr\u00e8s avoir contest\u00e9 la d\u00e9cision de l\u2019arbitre, le 27\u00a0avril 2025.<\/p>\n<p class=\"asset asset-text\">TENNIS &#8211; Il voulait une preuve par l\u2019image. Le N.2 mondial <a href=\"https:\/\/www.huffingtonpost.fr\/sport\/article\/sinner-remporte-l-open-d-australie-face-a-zverev-et-signe-un-petit-exploit_245347.html\" rel=\"nofollow noopener\" target=\"_blank\">Alexander\u00a0Zverev<\/a>\u00a0a jug\u00e9 ce dimanche 27\u00a0avril avoir \u00e9t\u00e9 victime d\u2019un \u00ab\u00a0dysfonctionnement\u00a0\u00bb de\u00a0l\u2019arbitrage\u00a0\u00e9lectronique\u00a0lors de sa victoire au 3e tour du <a href=\"https:\/\/www.huffingtonpost.fr\/sport\/article\/le-francais-ugo-humbert-s-incline-en-finale-du-masters-1000-de-paris-contre-alexander-zverev_241726.html\" rel=\"nofollow noopener\" target=\"_blank\">Masters 1000<\/a> de <a href=\"https:\/\/www.huffingtonpost.fr\/sport\/video\/au-masters-1000-de-madrid-benoit-paire-transcende-par-le-retour-du-public_180734.html\" rel=\"nofollow noopener\" target=\"_blank\">Madrid<\/a> contre l\u2019Espagnol Alejandro Davidovich Fokina (29e). Remont\u00e9, le joueur allemand a d\u00e9gain\u00e9 son portable pour prendre en photo une marque laiss\u00e9e par la balle.<\/p>\n<p class=\"asset asset-text\">Alors que l\u2019Allemand menait 5-4 dans le deuxi\u00e8me set apr\u00e8s avoir perdu le premier 6-2, une amortie de Davidovich Fokina a \u00e9t\u00e9 annonc\u00e9e \u00ab\u00a0in\u00a0\u00bb par le syst\u00e8me d\u2019arbitrage \u00e9lectronique. Tandis qu\u2019Alexander\u00a0Zverev\u00a0la voyait dans le couloir.<\/p>\n<p class=\"asset asset-text\">Le double laur\u00e9at du tournoi de Madrid a longuement parlement\u00e9 avec l\u2019arbitre, qui a refus\u00e9 de d\u00e9fendre de sa chaise pour aller v\u00e9rifier la marque laiss\u00e9e par la balle sur le court, alors que l\u2019arbitrage\u00a0\u00e9lectronique\u00a0a \u00e9t\u00e9 g\u00e9n\u00e9ralis\u00e9 cette saison sur les tournois sur terre battue de l\u2019ATP.<\/p>\n<p>    Une photo partag\u00e9e sur Instagram    <\/p>\n<p class=\"asset asset-text\">Voyant que l\u2019arbitre n\u2019infl\u00e9chirait pas sa d\u00e9cision, Alexander Zverev\u00a0a sorti son t\u00e9l\u00e9phone portable de son sac pour aller photographier la trace laiss\u00e9e par la balle, ce qui lui a valu un avertissement.<\/p>\n<p> La lecture de ce contenu est susceptible d\u2019entra\u00eener un d\u00e9p\u00f4t de cookies de la part de l\u2019op\u00e9rateur tiers qui l\u2019h\u00e9berge. Compte-tenu des choix que vous avez exprim\u00e9s en mati\u00e8re de d\u00e9p\u00f4t de cookies, nous avons bloqu\u00e9 l\u2019affichage de ce contenu. Si vous souhaitez y acc\u00e9der, vous devez accepter la cat\u00e9gorie de cookies \u201cContenus tiers\u201d en cliquant sur le bouton ci-dessous. <\/p>\n<p> Lire la Vid\u00e9o        <\/p>\n<p class=\"asset asset-text\">Le Hambourgeois de 28\u00a0ans a ensuite publi\u00e9 le clich\u00e9 sur Instagram, sur lequel on voit effectivement une trace qui pourrait correspondre \u00e0 un impact de balle, quelques centim\u00e8tres \u00e0 gauche de la ligne. \u00ab\u00a0Je pose \u00e7a l\u00e0. D\u00e9cision int\u00e9ressante\u00a0\u00bb, a \u00e9crit le joueur sur le r\u00e9seau social, accompagnant son message d\u2019\u00e9motic\u00f4nes \u00e0 l\u2019air perplexe.<\/p>\n<p class=\"asset asset-text\">\u00ab\u00a0Je pense qu\u2019il y a eu un\u00a0dysfonctionnement\u00a0du syst\u00e8me\u00a0\u00bb d\u2019arbitrage\u00a0\u00e9lectronique, a fait valoir\u00a0Zverev\u00a0en conf\u00e9rence de presse. \u00ab\u00a0Je pense qu\u2019il y a eu une erreur \u00e0 ce moment-l\u00e0\u00a0\u00bb, quelques instants apr\u00e8s que Davidovich Fokina e\u00fbt d\u00e9j\u00e0 contest\u00e9 une d\u00e9cision de l\u2019arbitrage \u00e9lectronique\u00a0qui avait valid\u00e9 un service d\u2019Alexander Zverev\u00a0jug\u00e9 irr\u00e9gulier par l\u2019Espagnol.<\/p>\n<p>    \u00ab\u00a0Ce n\u2019est pas la faute de l\u2019arbitre\u00a0\u00bb    <\/p>\n<p class=\"asset asset-text\">\u00ab\u00a0Je suis fan\u00a0de\u00a0l\u2019arbitrage\u00a0\u00e9lectronique\u00a0\u00bb, qui a remplac\u00e9 les juges de ligne charg\u00e9s jusque-l\u00e0 de trancher les balles litigieuses, a assur\u00e9\u00a0Alexander Zverev. Mais en l\u2019occurrence, \u00ab\u00a0la balle \u00e9tait quatre, cinq centim\u00e8tres dehors\u00a0\u00bb, a-t-il insist\u00e9.<\/p>\n<p class=\"asset asset-text\">\u00ab\u00a0J\u2019esp\u00e8re que je n\u2019\u00e9coperai pas d\u2019une amende parce que de mon point de vue, je suis compl\u00e8tement dans mon droit\u00a0\u00bb, a martel\u00e9 l\u2019Allemand.<\/p>\n<p class=\"asset asset-text\">\u00ab\u00a0Ce n\u2019est pas la faute de l\u2019arbitre\u00a0\u00bb de chaise Mohamed Lahyani, a nuanc\u00e9 le N.2 mondial. \u00ab\u00a0Si la r\u00e8gle dit qu\u2019il ne peut pas descendre\u00a0\u00bb pour v\u00e9rifier la trace laiss\u00e9e par la balle, \u00ab\u00a0il ne peut pas descendre\u00a0\u00bb, a-t-il convenu. \u00ab\u00a0Mais je vais parler aux superviseurs et \u00e0 l\u2019ATP, car ce n\u2019est pas normal\u00a0\u00bb, a conclu Alexander Zverev.<\/p>\n<p class=\"asset asset-text\"><strong>\u00c0 voir \u00e9galement sur Le HuffPost\u00a0: <\/strong><\/p>\n<p> La lecture de ce contenu est susceptible d\u2019entra\u00eener un d\u00e9p\u00f4t de cookies de la part de l\u2019op\u00e9rateur tiers qui l\u2019h\u00e9berge. Compte-tenu des choix que vous avez exprim\u00e9s en mati\u00e8re de d\u00e9p\u00f4t de cookies, nous avons bloqu\u00e9 l\u2019affichage de ce contenu. Si vous souhaitez y acc\u00e9der, vous devez accepter la cat\u00e9gorie de cookies \u201cContenus tiers\u201d en cliquant sur le bouton ci-dessous. <\/p>\n<p> Lire la Vid\u00e9o                    <\/p>\n","protected":false},"excerpt":{"rendered":"THOMAS COEX \/ AFP L\u2019Allemand Alexander Zverev prend une photo avec son portable de la marque de la&hellip;\n","protected":false},"author":2,"featured_media":58587,"comment_status":"","ping_status":"","sticky":false,"template":"","format":"standard","meta":{"footnotes":""},"categories":[1415],"tags":[7699,1011,27,517,60,1467],"class_list":{"0":"post-58586","1":"post","2":"type-post","3":"status-publish","4":"format-standard","5":"has-post-thumbnail","7":"category-tennis","8":"tag-arbitre","9":"tag-fr","10":"tag-france","11":"tag-sport","12":"tag-sports","13":"tag-tennis"},"share_on_mastodon":{"url":"https:\/\/pubeurope.com\/@fr\/114414154102905040","error":""},"_links":{"self":[{"href":"https:\/\/www.europesays.com\/fr\/wp-json\/wp\/v2\/posts\/58586","targetHints":{"allow":["GET"]}}],"collection":[{"href":"https:\/\/www.europesays.com\/fr\/wp-json\/wp\/v2\/posts"}],"about":[{"href":"https:\/\/www.europesays.com\/fr\/wp-json\/wp\/v2\/types\/post"}],"author":[{"embeddable":true,"href":"https:\/\/www.europesays.com\/fr\/wp-json\/wp\/v2\/users\/2"}],"replies":[{"embeddable":true,"href":"https:\/\/www.europesays.com\/fr\/wp-json\/wp\/v2\/comments?post=58586"}],"version-history":[{"count":0,"href":"https:\/\/www.europesays.com\/fr\/wp-json\/wp\/v2\/posts\/58586\/revisions"}],"wp:featuredmedia":[{"embeddable":true,"href":"https:\/\/www.europesays.com\/fr\/wp-json\/wp\/v2\/media\/58587"}],"wp:attachment":[{"href":"https:\/\/www.europesays.com\/fr\/wp-json\/wp\/v2\/media?parent=58586"}],"wp:term":[{"taxonomy":"category","embeddable":true,"href":"https:\/\/www.europesays.com\/fr\/wp-json\/wp\/v2\/categories?post=58586"},{"taxonomy":"post_tag","embeddable":true,"href":"https:\/\/www.europesays.com\/fr\/wp-json\/wp\/v2\/tags?post=58586"}],"curies":[{"name":"wp","href":"https:\/\/api.w.org\/{rel}","templated":true}]}}