{"id":585860,"date":"2025-12-08T07:34:31","date_gmt":"2025-12-08T07:34:31","guid":{"rendered":"https:\/\/www.europesays.com\/fr\/585860\/"},"modified":"2025-12-08T07:34:31","modified_gmt":"2025-12-08T07:34:31","slug":"insolite-il-achete-deux-croissants-en-allemagne-et-ecope-dune-amende-de-20-euros-a-la-douane","status":"publish","type":"post","link":"https:\/\/www.europesays.com\/fr\/585860\/","title":{"rendered":"Insolite. Il ach\u00e8te deux croissants en Allemagne&#8230; et \u00e9cope d&rsquo;une amende de 20 euros \u00e0 la douane"},"content":{"rendered":"<p>Une amende pour ne pas avoir d\u00e9clar\u00e9 deux croissants \u00e0 la douane\u00a0: c&rsquo;est la m\u00e9saventure qu&rsquo;a v\u00e9cue un p\u00e8re de famille\u00a0suisse\u00a0en ao\u00fbt, relatent <a href=\"https:\/\/www.suedkurier.de\/hochrhein\/zoll-weist-beschwerde-zurueck-21-11-2025-112807163\" target=\"_blank\" rel=\"nofollow noopener\">S\u00fcdkurier <\/a>et\u00a0<a href=\"https:\/\/www.blick.ch\/fr\/suisse\/un-fribourgeois-se-voit-infliger-une-amende-pour-deux-croissants-id21452665.html\" target=\"_blank\" rel=\"nofollow noopener\">Blick<\/a>.<\/p>\n<p>Mehmet (nom d&#8217;emprunt), habitant de Fribourg, a d\u00e9cid\u00e9 de partir faire quelques courses en Allemagne voisine, comme beaucoup de Fribourgeois.<\/p>\n<p>Ce contenu est bloqu\u00e9 car vous n&rsquo;avez pas accept\u00e9 les cookies et autres traceurs.<\/p>\n<p>En cliquant sur \u00ab J\u2019accepte \u00bb, les cookies et autres traceurs seront d\u00e9pos\u00e9s et vous pourrez visualiser les contenus  (<a href=\"\" class=\"consentModule_policy\" target=\"_blank\" title=\"Consulter la politique de protection des donn\u00e9es du fournisseur\">plus d&rsquo;informations<\/a>).<\/p>\n<p>En cliquant sur \u00ab J\u2019accepte tous les cookies \u00bb, vous autorisez des d\u00e9p\u00f4ts de cookies et autres traceurs pour le stockage de vos donn\u00e9es sur nos sites et applications \u00e0 des fins de personnalisation et de ciblage publicitaire.<\/p>\n<p class=\"consentModule_secondaryText\">Vous gardez la possibilit\u00e9 de retirer votre consentement \u00e0 tout moment en consultant notre <a href=\"https:\/\/www.ledauphine.com\/protection-des-donnees\" target=\"_blank\" title=\"Consulter notre politique de protection des donn\u00e9es\" rel=\"nofollow noopener\">politique de protection des donn\u00e9es<\/a>. <br \/>&#13;<br \/>\n            <a href=\"https:\/\/www.ledauphine.com\/faits-divers-justice\/2025\/12\/08\/javascript:Didomi.notice.show()\" class=\"consentModule_cmp\" rel=\"nofollow noopener\" target=\"_blank\">G\u00e9rer mes choix<\/a>&#13;\n        <\/p>\n<p>&#13;<br \/>\n                        J&rsquo;accepte&#13;<br \/>\n            J&rsquo;accepte tous les cookies&#13;\n        <\/p>\n<p>Au retour, \u00e0 la douane de Rheinfelden, la famille s&rsquo;attendait \u00e0 faire tamponner sans souci son certificat d&rsquo;exportation. En effet, la Suisse autorise une franchise d&rsquo;achats \u00e0 l&rsquo;\u00e9tranger de 150 francs suisses (environ 160 euros) par personne. Ce qui permet de se voir rembourser la TVA.<\/p>\n<p>Deux croissants donn\u00e9s \u00e0 ses enfants<\/p>\n<p>Mais en comparant les marchandises et la liste d&rsquo;achats, les douaniers ont rep\u00e9r\u00e9 une erreur\u00a0: deux croissants manquaient. Mehmet a expliqu\u00e9 qu&rsquo;il les avait donn\u00e9s \u00e0 ses enfants, qui avaient faim.<\/p>\n<p>Or, les marchandises pour lesquelles la TVA peut \u00eatre rembours\u00e9e ne peuvent \u00eatre consomm\u00e9es ou utilis\u00e9es en Allemagne.<\/p>\n<p>La famille s&rsquo;est vu infliger une amende de 20 euros.\u00a0Mehmet a port\u00e9 plainte aupr\u00e8s du bureau principal des douanes, qui a rejet\u00e9 son appel, soulignant que d&rsquo;autres erreurs avaient \u00e9t\u00e9 not\u00e9es.<\/p>\n<p>&gt;&gt; Lire l&rsquo;article complet sur\u00a0<a href=\"https:\/\/www.suedkurier.de\/hochrhein\/zoll-weist-beschwerde-zurueck-21-11-2025-112807163\" target=\"_blank\" rel=\"nofollow noopener\">S\u00fcdkurier <\/a>(en allemand) ou <a href=\"https:\/\/www.blick.ch\/fr\/suisse\/un-fribourgeois-se-voit-infliger-une-amende-pour-deux-croissants-id21452665.html\" target=\"_blank\" rel=\"nofollow noopener\">Blick <\/a>(en fran\u00e7ais).<\/p>\n","protected":false},"excerpt":{"rendered":"Une amende pour ne pas avoir d\u00e9clar\u00e9 deux croissants \u00e0 la douane\u00a0: c&rsquo;est la m\u00e9saventure qu&rsquo;a v\u00e9cue un&hellip;\n","protected":false},"author":2,"featured_media":585861,"comment_status":"","ping_status":"","sticky":false,"template":"","format":"standard","meta":{"footnotes":""},"categories":[1587],"tags":[11,672,1804,1805,1803,1777,674,274,107,329,1801,4638,1757,12,1802],"class_list":{"0":"post-585860","1":"post","2":"type-post","3":"status-publish","4":"format-standard","5":"has-post-thumbnail","7":"category-allemagne","8":"tag-actualites","9":"tag-allemagne","10":"tag-bundesrepublik-deutschland","11":"tag-de","12":"tag-deutschland","13":"tag-eu","14":"tag-europe","15":"tag-faits-divers-justice","16":"tag-fil-info","17":"tag-france-monde","18":"tag-germany","19":"tag-haute-savoie","20":"tag-insolite","21":"tag-news","22":"tag-republique-federale-dallemagne"},"share_on_mastodon":{"url":"https:\/\/pubeurope.com\/@fr\/115682794836245552","error":""},"_links":{"self":[{"href":"https:\/\/www.europesays.com\/fr\/wp-json\/wp\/v2\/posts\/585860","targetHints":{"allow":["GET"]}}],"collection":[{"href":"https:\/\/www.europesays.com\/fr\/wp-json\/wp\/v2\/posts"}],"about":[{"href":"https:\/\/www.europesays.com\/fr\/wp-json\/wp\/v2\/types\/post"}],"author":[{"embeddable":true,"href":"https:\/\/www.europesays.com\/fr\/wp-json\/wp\/v2\/users\/2"}],"replies":[{"embeddable":true,"href":"https:\/\/www.europesays.com\/fr\/wp-json\/wp\/v2\/comments?post=585860"}],"version-history":[{"count":0,"href":"https:\/\/www.europesays.com\/fr\/wp-json\/wp\/v2\/posts\/585860\/revisions"}],"wp:featuredmedia":[{"embeddable":true,"href":"https:\/\/www.europesays.com\/fr\/wp-json\/wp\/v2\/media\/585861"}],"wp:attachment":[{"href":"https:\/\/www.europesays.com\/fr\/wp-json\/wp\/v2\/media?parent=585860"}],"wp:term":[{"taxonomy":"category","embeddable":true,"href":"https:\/\/www.europesays.com\/fr\/wp-json\/wp\/v2\/categories?post=585860"},{"taxonomy":"post_tag","embeddable":true,"href":"https:\/\/www.europesays.com\/fr\/wp-json\/wp\/v2\/tags?post=585860"}],"curies":[{"name":"wp","href":"https:\/\/api.w.org\/{rel}","templated":true}]}}