{"id":585864,"date":"2025-12-08T07:36:16","date_gmt":"2025-12-08T07:36:16","guid":{"rendered":"https:\/\/www.europesays.com\/fr\/585864\/"},"modified":"2025-12-08T07:36:16","modified_gmt":"2025-12-08T07:36:16","slug":"oui-jai-eu-un-moment-de-deprime-miss-france-2026-hinaupoko-deveze-se-confie-apres-sa-victoire","status":"publish","type":"post","link":"https:\/\/www.europesays.com\/fr\/585864\/","title":{"rendered":"\u00ab\u00a0Oui, j\u2019ai eu un moment de d\u00e9prime\u00a0\u00bb\u00a0: Miss France 2026 Hinaupoko Dev\u00e8ze se confie apr\u00e8s sa victoire"},"content":{"rendered":"<p class=\"paragraph text_align_left lp-f-body-02\">\u00ab On se tutoie toujours maintenant ? Je peux ? Et qui dois-je vouvoyer, au juste ? \u00bb lance, amus\u00e9e, Hinaupoko Dev\u00e8ze, <a href=\"https:\/\/www.leparisien.fr\/culture-loisirs\/miss-france\/\" target=\"_self\" rel=\"noopener\">Miss France 2026<\/a>, en ce dimanche apr\u00e8s-midi. La reine de beaut\u00e9 de 23 ans nous re\u00e7oit dans le calme feutr\u00e9 d\u2019une <a href=\"https:\/\/www.leparisien.fr\/culture-loisirs\/miss-france\/miss-france-2026-salaire-appartement-cadeaux-que-va-gagner-hinaupoko-deveze-apres-sa-victoire-07-12-2025-N6E2NXQYZZDY3MGOKVFU6G6UDA.php\" target=\"_self\" rel=\"noopener\">chambre douillette d\u2019un palace parisien<\/a>, \u00e0 deux pas de la tour Eiffel (Paris VII\u1d49). Tout sourire, celle qui nous avait impressionn\u00e9s par sa prestance d\u00e8s le d\u00e9but du voyage de formation en Martinique porte depuis quelques heures seulement la couronne nationale. Et son magn\u00e9tisme frappe imm\u00e9diatement.<\/p>\n<p class=\"paragraph text_align_left lp-f-body-02\">M\u00e9tisse \u2014 marquisienne par sa m\u00e8re, m\u00e9tropolitaine par son p\u00e8re \u2014 et \u00e9tudiante en psychologie, notre favorite de l\u2019aventure rayonne. Elle se livre avec un naturel d\u00e9sarmant et un esprit vif.<\/p>\n","protected":false},"excerpt":{"rendered":"\u00ab On se tutoie toujours maintenant ? Je peux ? Et qui dois-je vouvoyer, au juste ? \u00bb&hellip;\n","protected":false},"author":2,"featured_media":585865,"comment_status":"","ping_status":"","sticky":false,"template":"","format":"standard","meta":{"footnotes":""},"categories":[1586],"tags":[11,872,1777,674,1779,1011,27,3034,12,25,1778,364],"class_list":{"0":"post-585864","1":"post","2":"type-post","3":"status-publish","4":"format-standard","5":"has-post-thumbnail","7":"category-europe","8":"tag-actualites","9":"tag-culture-et-loisirs","10":"tag-eu","11":"tag-europe","12":"tag-european-union","13":"tag-fr","14":"tag-france","15":"tag-miss-france","16":"tag-news","17":"tag-republique-francaise","18":"tag-ue","19":"tag-union-europeenne"},"share_on_mastodon":{"url":"https:\/\/pubeurope.com\/@fr\/115682802671530144","error":""},"_links":{"self":[{"href":"https:\/\/www.europesays.com\/fr\/wp-json\/wp\/v2\/posts\/585864","targetHints":{"allow":["GET"]}}],"collection":[{"href":"https:\/\/www.europesays.com\/fr\/wp-json\/wp\/v2\/posts"}],"about":[{"href":"https:\/\/www.europesays.com\/fr\/wp-json\/wp\/v2\/types\/post"}],"author":[{"embeddable":true,"href":"https:\/\/www.europesays.com\/fr\/wp-json\/wp\/v2\/users\/2"}],"replies":[{"embeddable":true,"href":"https:\/\/www.europesays.com\/fr\/wp-json\/wp\/v2\/comments?post=585864"}],"version-history":[{"count":0,"href":"https:\/\/www.europesays.com\/fr\/wp-json\/wp\/v2\/posts\/585864\/revisions"}],"wp:featuredmedia":[{"embeddable":true,"href":"https:\/\/www.europesays.com\/fr\/wp-json\/wp\/v2\/media\/585865"}],"wp:attachment":[{"href":"https:\/\/www.europesays.com\/fr\/wp-json\/wp\/v2\/media?parent=585864"}],"wp:term":[{"taxonomy":"category","embeddable":true,"href":"https:\/\/www.europesays.com\/fr\/wp-json\/wp\/v2\/categories?post=585864"},{"taxonomy":"post_tag","embeddable":true,"href":"https:\/\/www.europesays.com\/fr\/wp-json\/wp\/v2\/tags?post=585864"}],"curies":[{"name":"wp","href":"https:\/\/api.w.org\/{rel}","templated":true}]}}