{"id":585876,"date":"2025-12-08T07:47:11","date_gmt":"2025-12-08T07:47:11","guid":{"rendered":"https:\/\/www.europesays.com\/fr\/585876\/"},"modified":"2025-12-08T07:47:11","modified_gmt":"2025-12-08T07:47:11","slug":"paris-roubaix-pourquoi-la-course-feminine-aura-lieu-le-dimanche-en-2026-actualite","status":"publish","type":"post","link":"https:\/\/www.europesays.com\/fr\/585876\/","title":{"rendered":"Paris-Roubaix : Pourquoi la course f\u00e9minine aura lieu le dimanche en 2026 &#8211; Actualit\u00e9"},"content":{"rendered":"<p style=\"text-align: justify;\">Cinq ans apr\u00e8s la premi\u00e8re \u00e9dition de la version Femmes, les deux courses professionnelles de Paris-Roubaix se d\u00e9rouleront pour la premi\u00e8re fois le m\u00eame jour, \u00e0 savoir le dimanche 12 avril, en 2026. Diverses raisons ont pouss\u00e9 Amaury Sport Organisation \u00e0 prendre cette d\u00e9cision. \u201cIl y a tout d\u2019abord la mise \u00e0 disposition de la s\u00e9curit\u00e9. La mise en place du dispositif ne se fait qu\u2019une fois en regroupant tout le m\u00eame jour. C\u2019est quand m\u00eame beaucoup moins contraignant pour les forces de l\u2019ordre. Il y a aussi des raisons budg\u00e9taires\u201d, reconna\u00eet Thierry Gouvenou, le directeur de Paris-Roubaix, aupr\u00e8s de DirectVelo.<\/p>\n<p style=\"text-align: justify;\">Selon lui, il n\u2019\u00e9tait pas non plus simple d\u2019organiser une course le samedi dans la m\u00e9tropole lilloise et de fait bloquer les communes deux jours de suite. Il reconna\u00eet toutefois que \u00e7a sera plus compliqu\u00e9 ainsi au niveau de la logistique. \u201cIl faudra plus de v\u00e9hicules et de moyens humains\u201d.<\/p>\n<p><strong>QUATRE COURSES LE M\u00caME JOUR<\/strong><\/p>\n<p>Thierry Gouvenou esp\u00e8re en revanche que ce choix permettra d\u2019augmenter la visibilit\u00e9 de la course f\u00e9minine<strong> <a href=\"https:\/\/www.directvelo.com\/epreuve\/45132\/paris-roubaix-feminin-2025\" target=\"_blank\" rel=\"noopener\">remport\u00e9e cette ann\u00e9e par Pauline Ferrand-Pr\u00e9vot<\/a><\/strong>. \u201cC\u2019\u00e9tait d\u00e9j\u00e0 pas mal le samedi mais l\u00e0 les gens vont regarder les hommes puis ensuite la course des femmes\u201d, imagine le Normand. Comme c\u2019est le cas de certaines autres\u00a0\u00e9preuves WorldTour, la course masculine arrivera donc avant celle des f\u00e9minines.<\/p>\n<p>Il y aura quatre Paris-Roubaix ce jour-l\u00e0 puisque\u00a0de la m\u00eame fa\u00e7on que cette ann\u00e9e, les Espoirs et les Juniors, dont les courses sont organis\u00e9es par le VC Roubaix-Lille M\u00e9tropole, pr\u00e9c\u00e9deront une nouvelle fois les professionnels. \u201cPar rapport \u00e0 2025, ces deux \u00e9preuves seront avanc\u00e9es d\u2019environ 30 \u00e0 45 minutes\u201d, pr\u00e9vient Thierry Gouvenou.<\/p>\n","protected":false},"excerpt":{"rendered":"Cinq ans apr\u00e8s la premi\u00e8re \u00e9dition de la version Femmes, les deux courses professionnelles de Paris-Roubaix se d\u00e9rouleront&hellip;\n","protected":false},"author":2,"featured_media":585877,"comment_status":"","ping_status":"","sticky":false,"template":"","format":"standard","meta":{"footnotes":""},"categories":[1411],"tags":[834,828,836,829,837,827,83,826,824,823,1154,207,814,817,815,816,822,821,832,211,839,1011,27,820,818,819,835,831,830,833,838,60,212,208,825],"class_list":{"0":"post-585876","1":"post","2":"type-post","3":"status-publish","4":"format-standard","5":"has-post-thumbnail","7":"category-cyclisme","8":"tag-attaque","9":"tag-belgique","10":"tag-braquet","11":"tag-bretagne","12":"tag-chute","13":"tag-competition","14":"tag-coupe-de-france","15":"tag-coureur","16":"tag-course-cyclisme","17":"tag-course-cycliste","18":"tag-cycling","19":"tag-cyclisme","20":"tag-direct","21":"tag-direct-velo","22":"tag-directvelo","23":"tag-directvelo-com","24":"tag-epreuve","25":"tag-epreuve-cycliste","26":"tag-federation-francaise-de-cyclisme","27":"tag-ffc","28":"tag-flandres","29":"tag-fr","30":"tag-france","31":"tag-live","32":"tag-live-course","33":"tag-live-epreuve","34":"tag-peloton","35":"tag-radio-peloton","36":"tag-radio-tour","37":"tag-ravitaillement","38":"tag-relance","39":"tag-sports","40":"tag-uci","41":"tag-velo","42":"tag-velos"},"share_on_mastodon":{"url":"https:\/\/pubeurope.com\/@fr\/115682845928775569","error":""},"_links":{"self":[{"href":"https:\/\/www.europesays.com\/fr\/wp-json\/wp\/v2\/posts\/585876","targetHints":{"allow":["GET"]}}],"collection":[{"href":"https:\/\/www.europesays.com\/fr\/wp-json\/wp\/v2\/posts"}],"about":[{"href":"https:\/\/www.europesays.com\/fr\/wp-json\/wp\/v2\/types\/post"}],"author":[{"embeddable":true,"href":"https:\/\/www.europesays.com\/fr\/wp-json\/wp\/v2\/users\/2"}],"replies":[{"embeddable":true,"href":"https:\/\/www.europesays.com\/fr\/wp-json\/wp\/v2\/comments?post=585876"}],"version-history":[{"count":0,"href":"https:\/\/www.europesays.com\/fr\/wp-json\/wp\/v2\/posts\/585876\/revisions"}],"wp:featuredmedia":[{"embeddable":true,"href":"https:\/\/www.europesays.com\/fr\/wp-json\/wp\/v2\/media\/585877"}],"wp:attachment":[{"href":"https:\/\/www.europesays.com\/fr\/wp-json\/wp\/v2\/media?parent=585876"}],"wp:term":[{"taxonomy":"category","embeddable":true,"href":"https:\/\/www.europesays.com\/fr\/wp-json\/wp\/v2\/categories?post=585876"},{"taxonomy":"post_tag","embeddable":true,"href":"https:\/\/www.europesays.com\/fr\/wp-json\/wp\/v2\/tags?post=585876"}],"curies":[{"name":"wp","href":"https:\/\/api.w.org\/{rel}","templated":true}]}}