{"id":585880,"date":"2025-12-08T07:49:10","date_gmt":"2025-12-08T07:49:10","guid":{"rendered":"https:\/\/www.europesays.com\/fr\/585880\/"},"modified":"2025-12-08T07:49:10","modified_gmt":"2025-12-08T07:49:10","slug":"vous-trichez-laurent-lafitte-met-laurent-delahousse-dans-une-situation-plutot-inconfortable","status":"publish","type":"post","link":"https:\/\/www.europesays.com\/fr\/585880\/","title":{"rendered":"\u00ab\u00a0Vous trichez !\u00a0\u00bb : Laurent Lafitte met Laurent Delahousse dans une situation plut\u00f4t inconfortable"},"content":{"rendered":"<p><a href=\"https:\/\/www.closermag.fr\/people\/laurent-lafitte-trash-et-triste-laveu-sans-appel-3600512\" target=\"_blank\" rel=\"noopener\"><br \/>\nCe 7 d\u00e9cembre 2025, Laurent Delahousse recevait Laurent Lafitte<br \/>\ndans 20h30 dimanche.<\/a> L&rsquo;acteur que l&rsquo;on a vu r\u00e9cemment \u00e0<br \/>\nl&rsquo;affiche de la com\u00e9die T&rsquo;as pas chang\u00e9 de J\u00e9r\u00f4me<br \/>\nCommandeur y a fait la promotion de <strong>son nouveau spectacle,<br \/>\nLa Cage aux Folles<\/strong>, adaptation musicale de la<br \/>\nc\u00e9l\u00e8bre pi\u00e8ce de th\u00e9\u00e2tre \u00e9crite par Jean Poiret, au th\u00e9\u00e2tre du<br \/>\nCh\u00e2telet.<\/p>\n<p>On le reconna\u00eet difficilement sous le maquillage flamboyant<br \/>\nd&rsquo;Albin, alias Zaza, r\u00f4le immortalis\u00e9 \u00e0 l&rsquo;\u00e9cran par Michel Serrault<br \/>\ndans le film d&rsquo;\u00c9douard Molinaro sorti \u00e0 la fin des ann\u00e9es 70. Un<br \/>\nvrai d\u00e9fi que Laurent Lafitte a lanc\u00e9 \u00e0 Laurent Delahousse hier<br \/>\nsoir. <strong>Le journaliste s&rsquo;est retrouv\u00e9 dans une situation<br \/>\nplut\u00f4t inconfortable.<\/strong><\/p>\n<p>Laurent Lafitte : comment a-t-il d\u00e9fi\u00e9 Laurent Delahousse<br \/>\n?<\/p>\n<p class=\"p1\">En fin d&rsquo;interview, Laurent Delahousse a propos\u00e9 \u00e0<br \/>\nLaurent Lafitte de <strong>descendre l&rsquo;escalier<\/strong> install\u00e9<br \/>\nsur la sc\u00e8ne du th\u00e9\u00e2tre du Ch\u00e2telet. L&rsquo;acteur l&rsquo;a alors mis au d\u00e9fi<br \/>\nd&rsquo;<strong>enfiler une paire de talons haut<\/strong>. \u00ab\u00a0Je ne<br \/>\nfais pas cette pointure, donc je ne pourrais pas les mettre\u00a0\u00bb,<br \/>\na d&rsquo;abord battu en br\u00e8che <a href=\"https:\/\/www.closermag.fr\/people\/my-love-la-rare-declaration-damour-de-laurent-delahousse-a-alice-taglioni-pour-une-occasion-tres-speciale-3567246\" target=\"_blank\" rel=\"noopener\"><br \/>\nle compagnon d&rsquo;Alice Taglioni<\/a>.<\/p>\n<p class=\"p1\">Laurent Lafitte ne s&rsquo;en est pas laiss\u00e9 raconter<br \/>\nmalgr\u00e9 tout. \u00ab\u00a0Si, c&rsquo;est la bonne pointure\u00a0\u00bb, a-t-il<br \/>\ncertifi\u00e9. Mais Laurent Delahousse n&rsquo;a pas souhait\u00e9 \u00eatre le seul \u00e0<br \/>\ntenter l&rsquo;exp\u00e9rience. \u00ab\u00a0Mais moi, on s&rsquo;en fout. <strong>Je le<br \/>\nfais tous les jours<\/strong>. C&rsquo;est pas dr\u00f4le\u00a0\u00bb, lui a oppos\u00e9<br \/>\nl<strong>e com\u00e9dien, mis en difficult\u00e9 par ses chaussettes de<br \/>\nsport<\/strong>.<\/p>\n<p>Laurent Delahousse : \u00ab\u00a0Vous avez<br \/>\nbesoin d&rsquo;un peu d&rsquo;aide ?\u00a0\u00bb<\/p>\n<p class=\"p1\">A ses c\u00f4t\u00e9s, Laurent Delahousse semblait en<br \/>\ndifficult\u00e9. \u00ab\u00a0Vous avez besoin d&rsquo;un peu d&rsquo;aide pour la bride ?<br \/>\nOu alors, <strong>vous \u00eates habitu\u00e9 ?<\/strong>\u00ab\u00a0, l&rsquo;a taquin\u00e9<br \/>\n<a href=\"https:\/\/www.closermag.fr\/people\/cannes-2025-un-peu-sado-avant-la-ceremonie-douverture-laurent-lafitte-joue-gros-3544040\" target=\"_blank\" rel=\"noopener\"><br \/>\nl&rsquo;acteur qui a fait l&rsquo;ouverture du Festival de Cannes 2025<\/a>.<br \/>\n\u00ab\u00a0Je suis habitu\u00e9. On avait dit qu&rsquo;on parlait pas de tout\u00a0\u00bb,<br \/>\na plaisant\u00e9 le journaliste, sourire aux l\u00e8vres.<\/p>\n<p class=\"p1\">Est ensuite venu le temps de descendre les marches.<br \/>\n\u00ab\u00a0On tente le coup ?\u00a0\u00bb Laurent Delahousse a commenc\u00e9 par<br \/>\ndescendre, <strong>jambes \u00e9cart\u00e9es<\/strong>, sans aucune gr\u00e2ce. Ou<br \/>\n<strong>\u00ab\u00a0en b\u00fbcheron\u00a0\u00bb, selon Laurent Lafitte<\/strong> qui<br \/>\nlui a conseill\u00e9 de croiser l\u00e9g\u00e8rement les jambes. \u00ab\u00a0Vous n&rsquo;\u00eates<br \/>\npas le charpentier qui a construit l&rsquo;escalier.\u00a0\u00bb Mais Laurent<br \/>\nDelahousse n&rsquo;a rien voulu entendre. <strong>\u00ab\u00a0Vous avez trich\u00e9<br \/>\n!\u00a0\u00bb<\/strong>, a balanc\u00e9 le com\u00e9dien, une fois arriv\u00e9 au bas des<br \/>\nescaliers.<\/p>\n","protected":false},"excerpt":{"rendered":"Ce 7 d\u00e9cembre 2025, Laurent Delahousse recevait Laurent Lafitte dans 20h30 dimanche. L&rsquo;acteur que l&rsquo;on a vu r\u00e9cemment&hellip;\n","protected":false},"author":2,"featured_media":585881,"comment_status":"","ping_status":"","sticky":false,"template":"","format":"standard","meta":{"footnotes":""},"categories":[1359],"tags":[58,59,1011,27,5097,23272,973],"class_list":{"0":"post-585880","1":"post","2":"type-post","3":"status-publish","4":"format-standard","5":"has-post-thumbnail","7":"category-people","8":"tag-divertissement","9":"tag-entertainment","10":"tag-fr","11":"tag-france","12":"tag-laurent-delahousse","13":"tag-laurent-lafitte","14":"tag-people"},"share_on_mastodon":{"url":"https:\/\/pubeurope.com\/@fr\/115682853791762641","error":""},"_links":{"self":[{"href":"https:\/\/www.europesays.com\/fr\/wp-json\/wp\/v2\/posts\/585880","targetHints":{"allow":["GET"]}}],"collection":[{"href":"https:\/\/www.europesays.com\/fr\/wp-json\/wp\/v2\/posts"}],"about":[{"href":"https:\/\/www.europesays.com\/fr\/wp-json\/wp\/v2\/types\/post"}],"author":[{"embeddable":true,"href":"https:\/\/www.europesays.com\/fr\/wp-json\/wp\/v2\/users\/2"}],"replies":[{"embeddable":true,"href":"https:\/\/www.europesays.com\/fr\/wp-json\/wp\/v2\/comments?post=585880"}],"version-history":[{"count":0,"href":"https:\/\/www.europesays.com\/fr\/wp-json\/wp\/v2\/posts\/585880\/revisions"}],"wp:featuredmedia":[{"embeddable":true,"href":"https:\/\/www.europesays.com\/fr\/wp-json\/wp\/v2\/media\/585881"}],"wp:attachment":[{"href":"https:\/\/www.europesays.com\/fr\/wp-json\/wp\/v2\/media?parent=585880"}],"wp:term":[{"taxonomy":"category","embeddable":true,"href":"https:\/\/www.europesays.com\/fr\/wp-json\/wp\/v2\/categories?post=585880"},{"taxonomy":"post_tag","embeddable":true,"href":"https:\/\/www.europesays.com\/fr\/wp-json\/wp\/v2\/tags?post=585880"}],"curies":[{"name":"wp","href":"https:\/\/api.w.org\/{rel}","templated":true}]}}