{"id":585884,"date":"2025-12-08T07:52:20","date_gmt":"2025-12-08T07:52:20","guid":{"rendered":"https:\/\/www.europesays.com\/fr\/585884\/"},"modified":"2025-12-08T07:52:20","modified_gmt":"2025-12-08T07:52:20","slug":"ici-tout-commence-en-avance-resume-de-lepisode-1323-du-mardi-9-decembre-melty","status":"publish","type":"post","link":"https:\/\/www.europesays.com\/fr\/585884\/","title":{"rendered":"Ici tout commence en avance : r\u00e9sum\u00e9 de l&#039;\u00e9pisode 1323 du mardi 9 d\u00e9cembre &#8211; Melty"},"content":{"rendered":"<ol>\n<li><a href=\"https:\/\/news.google.com\/rss\/articles\/CBMisgFBVV95cUxOaEs0U2VDek51TVlxQzBvNFNuX1FmMGRLZDJVYVd3Tmszdm5taXUxT2pNX3JoY0E5RVZvUVF5ZC0yZGRSc2VWNFBRM21uWGd4NVlwdmZ6Z2QxU3Zpa0VBLXJUcWtSNWo0cjZYMEpBQVRuSF9ILTl0QmEtU1Q1cWdZb3RpWmM0a2JnTGt2TmtYY0ZKVkk0emFPNzFnS3l6WERFWGpZVlpualJnQlFfM25EODBR?oc=5\" target=\"_blank\" rel=\"noopener\">Ici tout commence en avance : r\u00e9sum\u00e9 de l&rsquo;\u00e9pisode 1323 du mardi 9 d\u00e9cembre<\/a>&nbsp;&nbsp;Melty<\/li>\n<li><a href=\"https:\/\/news.google.com\/rss\/articles\/CBMifkFVX3lxTFA1QXB2ejdoa0p5T3ZSWlVzN3Vjb3VjXzVGWFVMVm1IZElacWZuVmg3M3Bxa1g5eWlpUDdNLUN2b3N5ZjJWUDlQc0dpRUNRMHREWFJqZkxKZFNwOXExRFVQVjhkTWFmbG5neWZaUlBlTUlZTC1DMXZyalJ3ajU1QQ?oc=5\" target=\"_blank\" rel=\"noopener\">Ici tout commence en avance : Ninon d\u00e9clare la guerre \u00e0 P\u00e9n\u00e9lope&#8230; Ce qui vous attend la semaine du 8 au 12 d\u00e9cembre 2025 [SPOILERS]<\/a>&nbsp;&nbsp;AlloCin\u00e9<\/li>\n<li><a href=\"https:\/\/news.google.com\/rss\/articles\/CBMijwJBVV95cUxOTTZlRjM2cjNlQS14czAzV0RzdFZkVldyRllhamJkWXFORmdCSW1aZEdWSm9tQ1lscUduTmlMUldoMjZCbnFqQXFDZ2J5Zk9yek0zbGlla1M1NUthYkI1UzhNY0dzOTdBOS1KVkVtTUNNc0JvRWlZWkJvUlY3NFF4NnBXUmVlUjVlZElsT0Fxa2VJMmF1UDdmcVliOUtla0pUZS1ucms3Z0phSHh0N0pXelpVMGFVTzIxRXh2b0xsdHhYcVpxalo1bU5SdG1mQ203NzVFbjJwbDQtNWdSRi04TVlKT3phVDdlRmR5NURvaFFuN3FpQ2ctdU5TRmNSdk5ScEk3eVcycFZJbk1HMlZZ?oc=5\" target=\"_blank\" rel=\"noopener\">Ici tout commence : ce qui vous attend dans l&rsquo;\u00e9pisode 1322 du lundi 8 d\u00e9cembre 2025 [SPOILERS]<\/a>&nbsp;&nbsp;Divertissements : Orange<\/li>\n<li><a href=\"https:\/\/news.google.com\/rss\/articles\/CBMihgJBVV95cUxOVGd2YTNkcFFrR3E5WnRfXzBEOFVmY1Z1Q1pfQXdBOGVUTmJucm8zS2hoSVdteWdCWUVlMHZlSDJ2NFpNRC1IRjdGdkFZRFM2SWVKNWlQVGc3QVJoX0lJM2ZpVmQ4c3pBZk4yeHptemQ2LTJvMWhESlI2dTdHdmJOZUhLcVNGRVJMSHRJUF9yY3F4OWNwd09MZVpScjFsRko1Qml2UEJMcEhsMVc1NllqZUw4Z1RISW9lMHEwWG5jc2EyQmNlYnZjX0VYbF92M0t6NmpiY2FMdVRLMUFmWWY0VVpGWWk5VXVpbzhEOHFxVHJUUWctWDdOaldlMnhZQ0EwS3A1ajVB?oc=5\" target=\"_blank\" rel=\"noopener\">Ici tout commence : r\u00e9sum\u00e9s en avance des \u00e9pisodes jusqu\u2019au 26 d\u00e9cembre 2025 avec un mariage sous haute tension pour Carla et B\u00e9r\u00e9nice<\/a>&nbsp;&nbsp;Toutelatele<\/li>\n<li><a href=\"https:\/\/news.google.com\/rss\/articles\/CBMiiAJBVV95cUxORDR3dGlBOXlUYkR3LU9nZG1oR0VpdzRtTk1uQUNsQmNEZ2Y3bjZUOWJrMlpxblJHTWlMSUhiSklQZGZSbzZOSkFRXzVOUGhlRFQ3OWZiemRydWxjRHJwaE0wZDlCSGF5YzB4V29GRk5fd1RrUmZMRW9DcGVBQjRFOFcyQ2tVWTd2bmlSQThUeHctUE1Xbm05WkRxZFJKWDFUSWJpMTZCMXpSTlBreGVUOFIta0lzS3poYkJNNjQzbzZlci1oTkNmVDRDeG5vZWd4UFcwX3lzTURfRzItQWFrLXdpbTlqRG5rOU5rSHlTRVdRNXdhVmJSLWRBTnQyS0Z4aVhPdVYwT2k?oc=5\" target=\"_blank\" rel=\"noopener\">Ana\u00efs convoque un conseil de discipline : Ninon en danger d\u2019exclusion ? &#8211; Ici tout commence 11 d\u00e9cembre 2025 (\u00e9pisode 1325 &#8211; r\u00e9sum\u00e9 complet ITC)<\/a>&nbsp;&nbsp;Nouveaut\u00e9s-T\u00e9l\u00e9.com<\/li>\n<\/ol>\n","protected":false},"excerpt":{"rendered":"Ici tout commence en avance : r\u00e9sum\u00e9 de l&rsquo;\u00e9pisode 1323 du mardi 9 d\u00e9cembre&nbsp;&nbsp;Melty Ici tout commence en&hellip;\n","protected":false},"author":2,"featured_media":585885,"comment_status":"","ping_status":"","sticky":false,"template":"","format":"standard","meta":{"footnotes":""},"categories":[1356],"tags":[58,59,1011,27,620,252,199,65861,1364],"class_list":{"0":"post-585884","1":"post","2":"type-post","3":"status-publish","4":"format-standard","5":"has-post-thumbnail","7":"category-television","8":"tag-divertissement","9":"tag-entertainment","10":"tag-fr","11":"tag-france","12":"tag-ici-tout-commence","13":"tag-television","14":"tag-tf1","15":"tag-trend","16":"tag-tv"},"share_on_mastodon":{"url":"https:\/\/pubeurope.com\/@fr\/115682865645027565","error":""},"_links":{"self":[{"href":"https:\/\/www.europesays.com\/fr\/wp-json\/wp\/v2\/posts\/585884","targetHints":{"allow":["GET"]}}],"collection":[{"href":"https:\/\/www.europesays.com\/fr\/wp-json\/wp\/v2\/posts"}],"about":[{"href":"https:\/\/www.europesays.com\/fr\/wp-json\/wp\/v2\/types\/post"}],"author":[{"embeddable":true,"href":"https:\/\/www.europesays.com\/fr\/wp-json\/wp\/v2\/users\/2"}],"replies":[{"embeddable":true,"href":"https:\/\/www.europesays.com\/fr\/wp-json\/wp\/v2\/comments?post=585884"}],"version-history":[{"count":0,"href":"https:\/\/www.europesays.com\/fr\/wp-json\/wp\/v2\/posts\/585884\/revisions"}],"wp:featuredmedia":[{"embeddable":true,"href":"https:\/\/www.europesays.com\/fr\/wp-json\/wp\/v2\/media\/585885"}],"wp:attachment":[{"href":"https:\/\/www.europesays.com\/fr\/wp-json\/wp\/v2\/media?parent=585884"}],"wp:term":[{"taxonomy":"category","embeddable":true,"href":"https:\/\/www.europesays.com\/fr\/wp-json\/wp\/v2\/categories?post=585884"},{"taxonomy":"post_tag","embeddable":true,"href":"https:\/\/www.europesays.com\/fr\/wp-json\/wp\/v2\/tags?post=585884"}],"curies":[{"name":"wp","href":"https:\/\/api.w.org\/{rel}","templated":true}]}}