{"id":585886,"date":"2025-12-08T07:53:25","date_gmt":"2025-12-08T07:53:25","guid":{"rendered":"https:\/\/www.europesays.com\/fr\/585886\/"},"modified":"2025-12-08T07:53:25","modified_gmt":"2025-12-08T07:53:25","slug":"rencontre-mireille-mathieu-fete-ses-60-ans-de-carriere-je-chante-comme-je-suis-le-dauphine-libere","status":"publish","type":"post","link":"https:\/\/www.europesays.com\/fr\/585886\/","title":{"rendered":"Rencontre. Mireille Mathieu f\u00eate ses 60 ans de carri\u00e8re : \u00ab Je chante comme je suis \u00bb &#8211; Le Dauphin\u00e9 Lib\u00e9r\u00e9"},"content":{"rendered":"<ol>\n<li><a href=\"https:\/\/news.google.com\/rss\/articles\/CBMimgFBVV95cUxNTHQ0alhGa1NkYXNmTEtUOXl4YkxLZWZPMm9OTWlQY21pOEVpMlR4U21jWnVvTERoMFZ1dHJkQnpYRVllUDhVUzNnT1lKbnJKekozak5qSXRQVGkxT0pmRlVQd2VQRE1hTEhvSjdjUG91S3FoSnc1N2c4eUFpaDNTU1pFb3VWQm9ISTJFVnB2cG82TDB5Y21aeW9B?oc=5\" target=\"_blank\" rel=\"noopener\">Rencontre. Mireille Mathieu f\u00eate ses 60 ans de carri\u00e8re : \u00ab Je chante comme je suis \u00bb<\/a>&nbsp;&nbsp;Le Dauphin\u00e9 Lib\u00e9r\u00e9<\/li>\n<li><a href=\"https:\/\/news.google.com\/rss\/articles\/CBMi2AFBVV95cUxQd181OWJzb0RoZ1JqSHpQcm1HUU5wRDFNcGlHU1h0Q3RxSkI4LU5tb2NBaE40b0FUWktTZXczUWpVeGk5QWpKbF9zWUxqektEaHBlRDVtdFRydHY0OG01MXJxSWZJT2JocEhWZFhoSmgxLW5KUmljU0V1X1ZkUHhGbnk2UmtkZTBCcnM4bXc4ZzgzNjBIb1Uzb1l0d2xiWEFkUXQzbXlRUzdDc25Qb2VuQmlmYVJhNTBEVnl3NGJZTmgzNU45UHFMRjAtM1lKVWF0T3lZYkF5YXo?oc=5\" target=\"_blank\" rel=\"noopener\">Retour de Mireille Mathieu sur sc\u00e8ne \u00e0 Avignon : revivez la soir\u00e9e comme si vous \u00e9tiez<\/a>&nbsp;&nbsp;La Provence<\/li>\n<li><a href=\"https:\/\/news.google.com\/rss\/articles\/CBMimwJBVV95cUxPVTJsQkxPLWswZk8xaXdtQXpOYlI5V1RYV0xnN2FIUXBhdnVocnNrenh6VmZYRDBmbUxoLVZic1BfajA0SXJ0alRRUUpKTVVOaTRKRUU1eGRJbWg2YUR1eTUyOU5yMHVMYlM1dXNHUlRlcnAtZzYxQTJNVlFxNDVub19wWTU5TVRFTVVWY1B6SWtMRGhrMjJEajNIX051dzNtTlFGaTRNUGZRWC1pQlBRLVZ1cUZ5aVJwMjJxV2YzRFdWaUpsMXRMYkhvR0FNLXNMZG5vdVJGS3V2UzdsYUtFSkhEOEVDYTFxc0VRNHNaUjlZM0xMbTFsY19oZEQ3WTMxUlZTWjA4NkJEQ05TZmhUaV94d0FaS3k5ZTBR?oc=5\" target=\"_blank\" rel=\"noopener\">\u00ab\u00a0On lui a pr\u00e9par\u00e9 une pluie de roses\u00a0\u00bb : Mireille Mathieu \u00e0 guichets ferm\u00e9s \u00e0 Avignon, sa ville natale<\/a>&nbsp;&nbsp;France 3 R\u00e9gions<\/li>\n<li><a href=\"https:\/\/news.google.com\/rss\/articles\/CBMiugFBVV95cUxOY0pseTN1bjdOQUVLNGQtTUhKZXVySnJLNHdBbUpYWE9xaEFYOHdJWTRETWhpcGh5LThSUE9kQUtHa2FJUXZsZThFX1J2OXppTXdxYnlNSUZqU0FYSnJtbXgyb1VZcnYxdmxUQWJGejVmaDRFNzFPQ2dWQmtvbzVvV0lZV2FUeXNtSEJjLUJQcENTd3JfNkI5TjF3TVQ2NEdnZlowemFGNGdwN0lNd0dZcDhKeFVDUF9BSVE?oc=5\" target=\"_blank\" rel=\"noopener\">Les 60 ans de carri\u00e8re de Mireille Mathieu : \u00c0 travers le monde, 1969-1977 (4\/4)<\/a>&nbsp;&nbsp;Radio France<\/li>\n<li><a href=\"https:\/\/news.google.com\/rss\/articles\/CBMizgFBVV95cUxQYVo5M2QzeDZiR2h2bm44Ql9kQndvRFE1VnRhM25TV1lsLXVmemFXYnpBaVBNN1o0NWowaFhaQkQ3d2dyUEN4eURfc1dCanJ1OW9BZmdyb19lUzlyUXpTYXJPU1dIMXh0Y1ZCR2t5WHZaYzVWV2NkUWc1WUN0bVlURjlPTC1TYk5PUHVlOFRPT3dLcVJkUTVFaVRXSXRhM1U3TkNCSTZJOUJBcldWWnFyQno0VlE5QUl4dDdOU0g1V1M0TTdRSjZaMm1Qb3lhQQ?oc=5\" target=\"_blank\" rel=\"noopener\">VID\u00c9O &#8211; Mireille Mathieu fait chanter Avignon pour son grand retour \u00e0 la maison<\/a>&nbsp;&nbsp;francebleu.fr<\/li>\n<\/ol>\n","protected":false},"excerpt":{"rendered":"Rencontre. Mireille Mathieu f\u00eate ses 60 ans de carri\u00e8re : \u00ab Je chante comme je suis \u00bb&nbsp;&nbsp;Le Dauphin\u00e9&hellip;\n","protected":false},"author":2,"featured_media":585887,"comment_status":"","ping_status":"","sticky":false,"template":"","format":"standard","meta":{"footnotes":""},"categories":[1355],"tags":[6184,6185,1687,58,3859,59,107,1795,1011,27,1361,873,4604,273,4520],"class_list":{"0":"post-585886","1":"post","2":"type-post","3":"status-publish","4":"format-standard","5":"has-post-thumbnail","7":"category-musique","8":"tag-avignon","9":"tag-avignon-bassin","10":"tag-culture-loisirs","11":"tag-divertissement","12":"tag-edition-provencale","13":"tag-entertainment","14":"tag-fil-info","15":"tag-fil-web","16":"tag-fr","17":"tag-france","18":"tag-music","19":"tag-musique","20":"tag-selection-abonne","21":"tag-selection-de-la-redaction","22":"tag-vaucluse"},"share_on_mastodon":{"url":"https:\/\/pubeurope.com\/@fr\/115682869506043095","error":""},"_links":{"self":[{"href":"https:\/\/www.europesays.com\/fr\/wp-json\/wp\/v2\/posts\/585886","targetHints":{"allow":["GET"]}}],"collection":[{"href":"https:\/\/www.europesays.com\/fr\/wp-json\/wp\/v2\/posts"}],"about":[{"href":"https:\/\/www.europesays.com\/fr\/wp-json\/wp\/v2\/types\/post"}],"author":[{"embeddable":true,"href":"https:\/\/www.europesays.com\/fr\/wp-json\/wp\/v2\/users\/2"}],"replies":[{"embeddable":true,"href":"https:\/\/www.europesays.com\/fr\/wp-json\/wp\/v2\/comments?post=585886"}],"version-history":[{"count":0,"href":"https:\/\/www.europesays.com\/fr\/wp-json\/wp\/v2\/posts\/585886\/revisions"}],"wp:featuredmedia":[{"embeddable":true,"href":"https:\/\/www.europesays.com\/fr\/wp-json\/wp\/v2\/media\/585887"}],"wp:attachment":[{"href":"https:\/\/www.europesays.com\/fr\/wp-json\/wp\/v2\/media?parent=585886"}],"wp:term":[{"taxonomy":"category","embeddable":true,"href":"https:\/\/www.europesays.com\/fr\/wp-json\/wp\/v2\/categories?post=585886"},{"taxonomy":"post_tag","embeddable":true,"href":"https:\/\/www.europesays.com\/fr\/wp-json\/wp\/v2\/tags?post=585886"}],"curies":[{"name":"wp","href":"https:\/\/api.w.org\/{rel}","templated":true}]}}