{"id":585896,"date":"2025-12-08T07:58:12","date_gmt":"2025-12-08T07:58:12","guid":{"rendered":"https:\/\/www.europesays.com\/fr\/585896\/"},"modified":"2025-12-08T07:58:12","modified_gmt":"2025-12-08T07:58:12","slug":"une-pluie-detoiles-filantes-spectaculaire-prevue-en-decembre-comment-lobserver","status":"publish","type":"post","link":"https:\/\/www.europesays.com\/fr\/585896\/","title":{"rendered":"une pluie d&rsquo;\u00e9toiles filantes spectaculaire pr\u00e9vue en d\u00e9cembre, comment l&rsquo;observer"},"content":{"rendered":"<p>                    Par<br \/>\n        <strong><br \/>\n            <a href=\"https:\/\/actu.fr\/auteur\/redaction-actu\" title=\"Consulter tous les articles de R\u00e9daction Actu\" target=\"_blank\" rel=\"noopener\">R\u00e9daction Actu<\/a><br \/>\n                    <\/strong><\/p>\n<p>        Publi\u00e9 le<\/p>\n<p>            7 d\u00e9c. 2025 \u00e0 21h28        <\/p>\n<p>On en entend moins parler que les <strong>\u00e9toiles filantes<\/strong> du mois d\u2019ao\u00fbt, <a href=\"https:\/\/actu.fr\/sciences-technologie\/etoiles-filantes-la-pluie-des-perseides-a-commence-quel-spectacle-nous-reserve-t-elle-et-comment-l-observer_62943049.html\" target=\"_blank\" rel=\"noopener\">les fameuses Pers\u00e9ides<\/a>. Pourtant, les <a href=\"https:\/\/actu.fr\/sciences-technologie\/geminides-l-une-des-plus-belles-pluies-d-etoiles-filantes-de-l-annee-a-voir-ces-jours-ci-comment-l-observer_61986371.html\" target=\"_blank\" rel=\"noopener\">G\u00e9minides<\/a> d\u2019hiver sont particuli\u00e8rement spectaculaires. <strong>Et elles devraient \u00eatre tr\u00e8s visibles cette ann\u00e9e.<\/strong> On vous explique pourquoi.<\/p>\n<p>Des poussi\u00e8res sem\u00e9es par un ast\u00e9ro\u00efde<\/p>\n<p>Une pluie d\u2019\u00e9toiles filantes, ce sont des poussi\u00e8res d\u2019ast\u00e9ro\u00efdes ou de com\u00e8tes qui br\u00fblent dans notre atmosph\u00e8re.<\/p>\n<p>Les G\u00e9minides, elles, sont des poussi\u00e8res sem\u00e9es par l\u2019ast\u00e9ro\u00efde Phaeton, qui pourrait \u00eatre un noyau de com\u00e8te \u00ab ass\u00e9ch\u00e9 \u00bb. <\/p>\n<p>Le nom G\u00e9minides vient de la constellation des G\u00e9meaux qui abrite le radiant, le point d\u2019o\u00f9 semblent venir les m\u00e9t\u00e9ores par effet de perspective.<\/p>\n<p>100 \u00e0 150 \u00e9toiles filantes par heure<\/p>\n<p class=\" wall-content\">Mis \u00e0 part les passionn\u00e9s d\u2019<a href=\"https:\/\/actu.fr\/tag\/astronomie\" target=\"_blank\" rel=\"noopener\">astronomie<\/a>, quelques f\u00eatards et les noctambules, rares sont ceux qui s\u2019aventurent dehors, au c\u0153ur de la nuit, pour aller regarder les \u00e9toiles filantes. Pourtant, le week-end prochain, dans <strong>la nuit du samedi 13 au dimanche 14 d\u00e9cembre 2025<\/strong>, le ciel, \u00e0 condition qu\u2019il soit d\u00e9gag\u00e9, va nous r\u00e9server un <strong>beau spectacle<\/strong>.<\/p>\n<p class=\" wall-content\">\u00ab\u2009Il faudra bien se couvrir\u2009\u00bb, pr\u00e9vient\u00a0J\u00e9r\u00e9mie Vaubaillon, astronome de <a href=\"https:\/\/observatoiredeparis.psl.eu\/\" target=\"_blank\" rel=\"noopener\">l\u2019Observatoire de Paris<\/a>. Interrog\u00e9 par <a href=\"http:\/\/actu.fr\" target=\"_blank\" rel=\"noopener\">actu.fr<\/a>, il indique qu\u2019en sortant \u00ab\u00a0<strong>seulement une ou deux heures<\/strong>, on devrait \u00eatre en mesure de voir <strong>plusieurs dizaines d\u2019\u00e9toiles filantes<\/strong>\u2009\u00bb. M\u00eame les enfants peuvent les observer\u2009: elles seront tr\u00e8s abondantes et brillantes.<\/p>\n<p class=\" wall-content\">Le <strong>pic<\/strong> est attendu au c\u0153ur de la nuit, <strong>entre 2 et 3 h du matin<\/strong>, pour les plus d\u00e9termin\u00e9s, avec pas moins de <strong>100 \u00e0 150 \u00e9toiles filantes par heure<\/strong>. Et nombre d\u2019entre elles devraient \u00eatre bien visibles cette ann\u00e9e.<\/p>\n<p>\u00ab\u00a0Une p\u00e9riode assez id\u00e9ale pour les voir\u00a0\u00bb<\/p>\n<p class=\" wall-content\">Car, alors qu\u2019<a href=\"https:\/\/actu.fr\/sciences-technologie\/la-super-pleine-lune-de-decembre-approche-et-c-est-la-derniere-du-genre-avant-2042-ce-qu-elle-nous-reserve_63510957.html\" target=\"_blank\" rel=\"noopener\">une super pleine Lune<\/a> a illumin\u00e9 le ciel vendredi 5 d\u00e9cembre, sa lumi\u00e8re aura d\u00e9j\u00e0 bien diminu\u00e9 le week-end suivant. \u00ab\u2009Les conditions d\u2019observation des G\u00e9minides s\u2019av\u00e8rent bien <strong>plus favorables<\/strong> qu\u2019en 2024, puisque la Lune sera cette ann\u00e9e relativement discr\u00e8te, avec une illumination \u00e0 30\u2009%\u2009\u00bb, indique <a href=\"https:\/\/www.cite-espace.com\/actualites-spatiales\/la-pluie-de-meteores-des-geminides\/\" target=\"_blank\" rel=\"noopener\">la Cit\u00e9 de l\u2019Espace<\/a>.<\/p>\n<p>Votre r\u00e9gion, votre actu !<\/p>\n<p>Recevez chaque jour les infos qui comptent pour vous.<\/p>\n<p>\t<a href=\"https:\/\/actu.fr\/newsletter\" class=\"ac-btn ac-btn--corner ac-btn--medium ac-btn--blue800\" target=\"_blank\" rel=\"noopener\">S&rsquo;incrire<\/a><\/p>\n<blockquote class=\"ac-article-quote wall-content\">\n<p>Surtout, la Lune ne se l\u00e8vera qu&rsquo;\u00e0 3 heures du matin. Donc la premi\u00e8re partie de la nuit est une p\u00e9riode assez id\u00e9ale pour les voir. <\/p>\n<p>    <strong>J\u00e9r\u00e9mie Vaubaillon<\/strong><br \/>\n        astronome de l&rsquo;Observatoire de Paris    <\/p><\/blockquote>\n<p class=\" wall-content\">En effet, si l\u2019organisme tr\u00e8s s\u00e9rieux qu\u2019est <a href=\"https:\/\/www.imo.net\/\" target=\"_blank\" rel=\"noopener\">l\u2019International Meteor Organization<\/a> (IMO) qualifie les G\u00e9minides de <strong>\u00ab\u2009plus forte pluie de m\u00e9t\u00e9ores de l\u2019ann\u00e9e\u2009\u00bb<\/strong>, leur observation d\u00e9pend v\u00e9ritablement de la lumi\u00e8re \u00e9mise par <a href=\"https:\/\/actu.fr\/sciences-technologie\/ce-jeudi-c-est-la-derniere-pleine-lune-de-l-annee-et-elle-est-un-peu-particuliere-on-vous-explique_63526432.html\" target=\"_blank\" rel=\"noopener\">la Lune<\/a>, qui permet de les distinguer plus ou moins bien dans le ciel.<\/p>\n<p>Les conseils pour en voir le plus possible<\/p>\n<p class=\" wall-content\">Pas besoin de se coucher trop tard pour voir les G\u00e9minides, m\u00eame si, comme elles tombent en plein week-end, nombreux sont ceux qui pourront faire la grasse matin\u00e9e. D\u2019ailleurs, la <strong>nuit pr\u00e9c\u00e9dente<\/strong> (du 12 au 13 d\u00e9cembre)<strong> et la nuit suivante<\/strong> (du 14 au 15 d\u00e9cembre) pourront aussi r\u00e9server quelques surprises si l\u2019on regarde bien la vo\u00fbte c\u00e9leste.<\/p>\n<p class=\" wall-content\">Pour les voir au mieux, le professeur d\u2019astronomie \u00e0 l\u2019Observatoire de Paris livre ses conseils\u2009: \u00ab\u2009<strong>Il faut regarder vers le nord ou vers le sud<\/strong>. En fait, les G\u00e9minides proviennent de la constellation des G\u00e9meaux, d\u2019o\u00f9 leur nom, qui se situe \u00e0 l\u2019est. On appelle ce point le radiant. Il ne faut pas regarder dans cette direction.\u2009\u00bb<\/p>\n<blockquote class=\"ac-article-quote wall-content\">\n<p>Quand on roule sur l&rsquo;autoroute et qu&rsquo;il pleut, on a toujours l&rsquo;impression que les gouttes qui s&rsquo;\u00e9crasent sur le pare-brise viennent de l&rsquo;avant, alors qu&rsquo;elles tombent verticalement. C&rsquo;est d\u00fb \u00e0 la vitesse de la pluie et de la voiture. Donc si on regarde le point d&rsquo;origine des \u00e9toiles filantes, \u00e0 savoir la constellation des G\u00e9meaux, on les verra moins longtemps, elles seront moins persistantes. Il vaut mieux regarder \u00e0 45 \u00b0C du radiant.\u00a0 <\/p>\n<p>    <strong>J\u00e9r\u00e9mie Vaubaillon<\/strong>\n            <\/p><\/blockquote>\n<p class=\" wall-content\">Le ciel doit \u00e9galement \u00eatre d\u00e9pourvu de nuages et de <a href=\"https:\/\/actu.fr\/planete\/biodiversite\/incendies-guerres-lumieres-de-nouveaux-dangers-menacent-la-vie-des-abeilles-et-la-notre_62679899.html\" target=\"_blank\" rel=\"noopener\">pollution lumineuse<\/a>. On parle ici de la pollution lumineuse urbaine, comme celle des lampadaires, des lumi\u00e8res d\u2019une maison ou d\u2019un voisinage. Mais il faut aussi veiller \u00e0 ne<strong> pas trop regarder son smartphone<\/strong> avant d\u2019admirer le ciel \u00e0 la recherche de ces poussi\u00e8res c\u00e9lestes.<\/p>\n<p class=\" wall-content\">Il faut en effet entre 10 et 15 minutes \u00e0 nos yeux pour s\u2019habituer \u00e0 l\u2019obscurit\u00e9. Et nos yeux (et notre patience) sont les meilleures armes pour observer ce spectacle.<\/p>\n<p>Les Ursides arriveront un peu apr\u00e8s<\/p>\n<p class=\" wall-content\">Et pour ceux qui rateront le rendez-vous, vous pourrez toujours tenter d\u2019apercevoir <strong>les Ursides<\/strong>, une pluie d\u2019\u00e9toiles issues de la com\u00e8te 8P\/Tuttle, et dont le radiant est dans la Petite Ourse.<\/p>\n<p class=\" wall-content\">Ces derni\u00e8res, dont le pic est annonc\u00e9 dans la <strong style=\"font-size: 1.8rem;\">nuit du 21 au 22\u00a0d\u00e9cembre autour de 6\u2009h\u200940<\/strong>, seront bien plus modestes que les G\u00e9minides, avec environ 10 \u00e9toiles filantes par heure.<\/p>\n<p class=\" wall-content\">Cependant, la Nouvelle Lune n\u2019\u00e9mettra que peu de lumi\u00e8re, et si la m\u00e9t\u00e9o est cl\u00e9mente, il sera facile de les voir\u2009!<\/p>\n<p class=\" wall-content\">Personnalisez votre actualit\u00e9 en ajoutant vos villes et m\u00e9dias en favori avec <a href=\"https:\/\/moncompte.actu.fr\" title=\"D\u00e9couvez Mon Actu\" rel=\"nofollow noopener\" data-trk=\"{&quot;cta&quot;:{&quot;action&quot;:&quot;https:\\\/\\\/moncompte.actu.fr&quot;,&quot;category&quot;:&quot;mon compte&quot;,&quot;from&quot;:&quot;article footer&quot;,&quot;name&quot;:&quot;Mon actu&quot;,&quot;type&quot;:&quot;cta&quot;}}\" target=\"_blank\">Mon Actu<\/a>.<\/p>\n","protected":false},"excerpt":{"rendered":"Par R\u00e9daction Actu Publi\u00e9 le 7 d\u00e9c. 2025 \u00e0 21h28 On en entend moins parler que les \u00e9toiles&hellip;\n","protected":false},"author":2,"featured_media":585897,"comment_status":"","ping_status":"","sticky":false,"template":"","format":"standard","meta":{"footnotes":""},"categories":[7],"tags":[48,386,1011,27,43,40,41,39,2631,42,44],"class_list":{"0":"post-585896","1":"post","2":"type-post","3":"status-publish","4":"format-standard","5":"has-post-thumbnail","7":"category-sciences-et-technologies","8":"tag-astronomie","9":"tag-espace","10":"tag-fr","11":"tag-france","12":"tag-science","13":"tag-science-and-technology","14":"tag-sciences","15":"tag-sciences-et-technologies","16":"tag-sciences-technologie","17":"tag-technologies","18":"tag-technology"},"share_on_mastodon":{"url":"https:\/\/pubeurope.com\/@fr\/115682889238720345","error":""},"_links":{"self":[{"href":"https:\/\/www.europesays.com\/fr\/wp-json\/wp\/v2\/posts\/585896","targetHints":{"allow":["GET"]}}],"collection":[{"href":"https:\/\/www.europesays.com\/fr\/wp-json\/wp\/v2\/posts"}],"about":[{"href":"https:\/\/www.europesays.com\/fr\/wp-json\/wp\/v2\/types\/post"}],"author":[{"embeddable":true,"href":"https:\/\/www.europesays.com\/fr\/wp-json\/wp\/v2\/users\/2"}],"replies":[{"embeddable":true,"href":"https:\/\/www.europesays.com\/fr\/wp-json\/wp\/v2\/comments?post=585896"}],"version-history":[{"count":0,"href":"https:\/\/www.europesays.com\/fr\/wp-json\/wp\/v2\/posts\/585896\/revisions"}],"wp:featuredmedia":[{"embeddable":true,"href":"https:\/\/www.europesays.com\/fr\/wp-json\/wp\/v2\/media\/585897"}],"wp:attachment":[{"href":"https:\/\/www.europesays.com\/fr\/wp-json\/wp\/v2\/media?parent=585896"}],"wp:term":[{"taxonomy":"category","embeddable":true,"href":"https:\/\/www.europesays.com\/fr\/wp-json\/wp\/v2\/categories?post=585896"},{"taxonomy":"post_tag","embeddable":true,"href":"https:\/\/www.europesays.com\/fr\/wp-json\/wp\/v2\/tags?post=585896"}],"curies":[{"name":"wp","href":"https:\/\/api.w.org\/{rel}","templated":true}]}}