{"id":585900,"date":"2025-12-08T08:00:15","date_gmt":"2025-12-08T08:00:15","guid":{"rendered":"https:\/\/www.europesays.com\/fr\/585900\/"},"modified":"2025-12-08T08:00:15","modified_gmt":"2025-12-08T08:00:15","slug":"lunion-europeenne-sapprete-a-enteriner-un-durcissement-de-sa-politique","status":"publish","type":"post","link":"https:\/\/www.europesays.com\/fr\/585900\/","title":{"rendered":"l&rsquo;Union europ\u00e9enne s\u2019appr\u00eate \u00e0 ent\u00e9riner un durcissement de sa politique"},"content":{"rendered":"<p>\n    R\u00e9unis \u00e0 Bruxelles, les ministres de l\u2019Int\u00e9rieur des \u00c9tats membres de l\u2019Union se prononceront pour la premi\u00e8re fois sur trois textes pr\u00e9sent\u00e9s cette ann\u00e9e par la Commission europ\u00e9enne afin d\u2019encadrer plus strictement les arriv\u00e9es et les renvois de migrants.<\/p>\n<p class=\"fig-paragraph\">Sous pression des droites, les 27 pays de l&rsquo;<a href=\"http:\/\/www.lefigaro.fr\/societes\/l-union-europeenne-devrait-etre-dissoute-elon-musk-reagit-a-l-amende-de-120-millions-d-euros-imposee-a-x-20251206\" data-fig-type=\"NewsFlash\" data-gtm-custom-categorie=\"navigation\" data-gtm-custom-action=\"crossclick\" data-gtm-custom-label=\"Contextuel\" data-gtm-event=\"customEventSPE\" data-fig-domain=\"LEFIGARO\" target=\"_blank\" rel=\"noopener\">Union europ\u00e9enne\u00a0<\/a>devraient ent\u00e9riner lundi un net durcissement de la politique migratoire du continent et valider le concept de \u00abhubs de retour\u00bb pour migrants. R\u00e9unis \u00e0 Bruxelles, les ministres de l&rsquo;Int\u00e9rieur des \u00c9tats membres de l&rsquo;Union se prononceront pour la premi\u00e8re fois sur trois textes pr\u00e9sent\u00e9s cette ann\u00e9e par la Commission europ\u00e9enne afin d&rsquo;encadrer plus strictement les arriv\u00e9es et les renvois de\u00a0<a href=\"http:\/\/www.lefigaro.fr\/international\/je-prefere-mourir-en-europe-que-retourner-en-syrie-a-calais-les-migrants-syriens-restent-determines-a-rejoindre-le-royaume-uni-20241212\" data-fig-type=\"Article\" data-gtm-custom-categorie=\"navigation\" data-gtm-custom-action=\"crossclick\" data-gtm-custom-label=\"Contextuel\" data-gtm-event=\"customEventSPE\" data-fig-domain=\"LEFIGARO\" target=\"_blank\" rel=\"noopener\">migrants<\/a>.<\/p>\n<p class=\"fig-paragraph\">Ils permettraient notamment:<\/p>\n<ol class=\"fig-list\">\n<li>D&rsquo;ouvrir des centres en dehors des fronti\u00e8res de l&rsquo;UE pour y envoyer les migrants dont la demande d&rsquo;asile aurait \u00e9t\u00e9 rejet\u00e9e, les fameux \u00abhubs de retours\u00bb.<\/li>\n<li>De sanctionner plus durement les migrants qui refusent de quitter le territoire europ\u00e9en, via des p\u00e9riodes de d\u00e9tention plus longues.<\/li>\n<li>De renvoyer des migrants vers des pays dont ils ne sont pas originaires mais que l&rsquo;Europe consid\u00e8re comme \u00abs\u00fbrs\u00bb.<\/li>\n<\/ol>\n<p>                                            <a class=\"fig-a11y-skip\" href=\"#fig-a11y-skip-main-inarticle\" data-module=\"a11y-skip\" data-context=\"was @visible\"><br \/>\n    Passer la publicit\u00e9<br \/>\n<\/a>            <\/p>\n<p class=\"fig-paragraph\">La baisse des arriv\u00e9es &#8211; environ 20% d&rsquo;entr\u00e9es irr\u00e9guli\u00e8res en moins par rapport \u00e0 l&rsquo;an dernier &#8211; n&rsquo;a pas fait retomber la pression sur les responsables politiques du Vieux continent. Bien au contraire. \u00abIl faut que nous avancions afin de donner aux citoyens le sentiment que nous ma\u00eetrisons la situation\u00bb, a martel\u00e9 jeudi le commissaire europ\u00e9en Magnus Brunner, architecte de ce tour de vis migratoire.<\/p>\n<p>                                            La France et l&rsquo;Espagne sceptiques<\/p>\n<p class=\"fig-paragraph\">Ses id\u00e9es font bondir la gauche et les associations de protection de migrants &#8211; elles d\u00e9noncent des mesures violant les droits humains. \u00abAu lieu d&rsquo;investir dans la s\u00e9curit\u00e9, la protection et l&rsquo;inclusion, l&rsquo;UE choisit des politiques qui plongeront davantage de personnes dans le danger et l&rsquo;ins\u00e9curit\u00e9 juridique\u00bb, alerte Silvia Carta de PICUM, une ONG de protection des sans-papiers.<\/p>\n<p class=\"fig-paragraph\">Sous l&rsquo;impulsion du\u00a0<a href=\"http:\/\/www.lefigaro.fr\/international\/a-mes-yeux-la-plus-grande-menace-pour-les-pays-nordiques-est-l-immigration-le-danemark-enregistre-une-baisse-record-du-nombre-de-demandeurs-d-asile-20251128\" data-fig-type=\"Article\" data-gtm-custom-categorie=\"navigation\" data-gtm-custom-action=\"crossclick\" data-gtm-custom-label=\"Contextuel\" data-gtm-event=\"customEventSPE\" data-fig-domain=\"LEFIGARO\" target=\"_blank\" rel=\"noopener\">Danemark<\/a>, qui assure la pr\u00e9sidence tournante de l&rsquo;Union europ\u00e9enne et d\u00e9fend de longue date ce durcissement migratoire, les \u00c9tats membres avancent au pas de charge dans leur examen des mesures. \u00abNous progressons tr\u00e8s vite\u00bb, assure un diplomate europ\u00e9en, estimant qu&rsquo;il existe une \u00abvolont\u00e9 politique largement partag\u00e9e\u00bb parmi les Vingt-Sept pour valider ces propositions.<\/p>\n<p class=\"fig-paragraph\">Parmi les rares sceptiques\u00a0: la France, qui s&rsquo;interroge sur la l\u00e9galit\u00e9 et l&rsquo;efficacit\u00e9 de certaines de ces mesures, et l&rsquo;Espagne, pas convaincue par les \u00abhubs de retour\u00bb, d\u00e9j\u00e0 exp\u00e9riment\u00e9s par plusieurs pays mais sans r\u00e9el succ\u00e8s. Ces mesures b\u00e9n\u00e9ficient aussi du net soutien de la droite et de la droite nationaliste qui se sont alli\u00e9es au Parlement europ\u00e9en la semaine derni\u00e8re pour leur accorder de premiers feux verts. L\u00e0 encore, l&rsquo;id\u00e9e est d&rsquo;avancer vite, de nombreux eurod\u00e9put\u00e9s et dirigeants plaidant pour leur adoption finale en d\u00e9but d&rsquo;ann\u00e9e prochaine.<\/p>\n<p>                                            Qui accueillera les demandeurs d&rsquo;asile\u00a0?<\/p>\n<p class=\"fig-paragraph\">Des discussions extr\u00eamement p\u00e9rilleuses sont par ailleurs pr\u00e9vues lundi sur un nouveau syst\u00e8me de r\u00e9partition des demandeurs d&rsquo;asile en Europe. Afin de soulager les pays se situant le long des routes migratoires, comme la Gr\u00e8ce et l&rsquo;Italie, l&rsquo;UE exigera bient\u00f4t que les autres \u00c9tats membres relocalisent des demandeurs d&rsquo;asile sur leur sol. Ou versent, \u00e0 d\u00e9faut, une contribution financi\u00e8re de 20.000 euros par demandeur d&rsquo;asile aux pays sous pression.<\/p>\n<p>                                            <a class=\"fig-a11y-skip\" href=\"#fig-a11y-skip-main-inarticle_mtf\" data-module=\"a11y-skip\" data-context=\"was @visible\"><br \/>\n    Passer la publicit\u00e9<br \/>\n<\/a>            <\/p>\n<p class=\"fig-paragraph\">Les pays de l&rsquo;UE n\u00e9gocient depuis plusieurs semaines sur comment mettre en place ce syst\u00e8me. Mais les tractations ont d\u00e9j\u00e0 connu de nombreux remous: dans le contexte politique actuel, quels pays seraient pr\u00eats \u00e0 accepter les demandeurs d&rsquo;asile d&rsquo;un autre?<\/p>\n<p class=\"fig-paragraph\">Plusieurs pays, dont la Belgique, la Su\u00e8de ou l&rsquo;Autriche sont d\u00e9j\u00e0 sortis du bois en annon\u00e7ant qu&rsquo;ils n&rsquo;accepteront pas les demandeurs d&rsquo;asile d&rsquo;autres \u00c9tats membres. \u00abIl y a peu de ministres de l&rsquo;Int\u00e9rieur qui vont vouloir venir devant la presse et dire \u00ab\u00a0ok j&rsquo;en ai pris 3000&Prime;\u00bb, pr\u00e9dit un responsable europ\u00e9en, s&rsquo;exprimant sous couvert d&rsquo;anonymat. Une d\u00e9cision finale sur la r\u00e9partition de plusieurs milliers de demandeurs d&rsquo;asile est malgr\u00e9 tout requise d&rsquo;ici la fin de l&rsquo;ann\u00e9e.<\/p>\n","protected":false},"excerpt":{"rendered":"R\u00e9unis \u00e0 Bruxelles, les ministres de l\u2019Int\u00e9rieur des \u00c9tats membres de l\u2019Union se prononceront pour la premi\u00e8re fois&hellip;\n","protected":false},"author":2,"featured_media":585901,"comment_status":"","ping_status":"","sticky":false,"template":"","format":"standard","meta":{"footnotes":""},"categories":[5],"tags":[11,1011,27,1061,14,12,1778,28],"class_list":{"0":"post-585900","1":"post","2":"type-post","3":"status-publish","4":"format-standard","5":"has-post-thumbnail","7":"category-international","8":"tag-actualites","9":"tag-fr","10":"tag-france","11":"tag-immigration","12":"tag-international","13":"tag-news","14":"tag-ue","15":"tag-world"},"share_on_mastodon":{"url":"https:\/\/pubeurope.com\/@fr\/115682897110642262","error":""},"_links":{"self":[{"href":"https:\/\/www.europesays.com\/fr\/wp-json\/wp\/v2\/posts\/585900","targetHints":{"allow":["GET"]}}],"collection":[{"href":"https:\/\/www.europesays.com\/fr\/wp-json\/wp\/v2\/posts"}],"about":[{"href":"https:\/\/www.europesays.com\/fr\/wp-json\/wp\/v2\/types\/post"}],"author":[{"embeddable":true,"href":"https:\/\/www.europesays.com\/fr\/wp-json\/wp\/v2\/users\/2"}],"replies":[{"embeddable":true,"href":"https:\/\/www.europesays.com\/fr\/wp-json\/wp\/v2\/comments?post=585900"}],"version-history":[{"count":0,"href":"https:\/\/www.europesays.com\/fr\/wp-json\/wp\/v2\/posts\/585900\/revisions"}],"wp:featuredmedia":[{"embeddable":true,"href":"https:\/\/www.europesays.com\/fr\/wp-json\/wp\/v2\/media\/585901"}],"wp:attachment":[{"href":"https:\/\/www.europesays.com\/fr\/wp-json\/wp\/v2\/media?parent=585900"}],"wp:term":[{"taxonomy":"category","embeddable":true,"href":"https:\/\/www.europesays.com\/fr\/wp-json\/wp\/v2\/categories?post=585900"},{"taxonomy":"post_tag","embeddable":true,"href":"https:\/\/www.europesays.com\/fr\/wp-json\/wp\/v2\/tags?post=585900"}],"curies":[{"name":"wp","href":"https:\/\/api.w.org\/{rel}","templated":true}]}}