{"id":585904,"date":"2025-12-08T08:02:12","date_gmt":"2025-12-08T08:02:12","guid":{"rendered":"https:\/\/www.europesays.com\/fr\/585904\/"},"modified":"2025-12-08T08:02:12","modified_gmt":"2025-12-08T08:02:12","slug":"le-selectionneur-de-legypte-apporte-son-soutien-a-mohamed-salah","status":"publish","type":"post","link":"https:\/\/www.europesays.com\/fr\/585904\/","title":{"rendered":"Le s\u00e9lectionneur de l\u2019\u00c9gypte apporte son soutien \u00e0 Mohamed Salah"},"content":{"rendered":"<p>L\u2019avenir de <a href=\"https:\/\/www.footmercato.net\/joueur\/mohamed-salah-1\/\" target=\"_blank\" rel=\"noopener\">Mohamed Salah<\/a> \u00e0 <a href=\"https:\/\/www.footmercato.net\/club\/liverpool\/\" target=\"_blank\" rel=\"noopener\">Liverpool<\/a> s\u2019est encore obscurci apr\u00e8s <a href=\"https:\/\/www.footmercato.net\/a7302080804835514723-liverpool-mohamed-salah-detruit-arne-slot-et-evoque-un-depart-cet-hiver\" target=\"_blank\" rel=\"noopener\">la sortie m\u00e9diatique retentissante du joueur<\/a>. Depuis 3 matchs rel\u00e9gu\u00e9 sur le banc par <a href=\"https:\/\/www.footmercato.net\/entraineur\/arne-slot\" target=\"_blank\" rel=\"noopener\">Arne Slot<\/a>, l\u2019attaquant de 33 ans a exprim\u00e9 un profond malaise. Apr\u00e8s le nul 3-3 conc\u00e9d\u00e9 \u00e0 Leeds ce samedi, Salah n\u2019a pas m\u00e2ch\u00e9 ses mots : \u00ab je n\u2019arrivais pas \u00e0 croire que j\u2019\u00e9tais sur le banc pendant 90 minutes. C\u2019est la troisi\u00e8me fois. Je crois que c\u2019est la premi\u00e8re fois de ma carri\u00e8re. \u00bb Il a ajout\u00e9 se sentir \u00ab trahi \u00bb par son club : \u00ab j\u2019ai tellement fait pour ce club, tout le monde peut le voir, au fil des ann\u00e9es, et surtout la saison derni\u00e8re. Me retrouver sur le banc, je ne comprends pas pourquoi. Le club m\u2019a fait beaucoup de promesses cet \u00e9t\u00e9. Maintenant que je suis sur le banc, je peux dire qu\u2019ils n\u2019ont pas tenu leurs promesses. \u00bb L\u2019\u00c9gyptien a \u00e9galement \u00e9voqu\u00e9 une rupture totale avec son entra\u00eeneur : \u00ab il n\u2019y a plus aucune relation entre nous. C\u2019\u00e9tait une tr\u00e8s bonne relation et maintenant, tout d\u2019un coup, il n\u2019y a plus rien. \u00bb <\/p>\n<p>            La suite apr\u00e8s cette publicit\u00e9<\/p>\n<blockquote class=\"instagram-media\" data-lazyload=\"instagramEmbeds\" data-instgrm-captioned=\"\" data-instgrm-permalink=\"https:\/\/www.instagram.com\/p\/DR9aIOsjHXP\/?utm_source=ig_embed&amp;utm_campaign=loading\" data-instgrm-version=\"14\" style=\" background:#FFF; border:0; border-radius:3px; box-shadow:0 0 1px 0 rgba(0,0,0,0.5),0 1px 10px 0 rgba(0,0,0,0.15); margin: 1px; max-width:540px; min-width:326px; padding:0; width:99.375%; width:-webkit-calc(100% - 2px); width:calc(100% - 2px);\"\/>\n<p>Face \u00e0 cette temp\u00eate, le s\u00e9lectionneur \u00e9gyptien <a href=\"https:\/\/www.footmercato.net\/entraineur\/hossam-hassan-hussein\" target=\"_blank\" rel=\"noopener\">Hossam Hassan<\/a> a tenu \u00e0 afficher publiquement son soutien \u00e0 sa star. Sur Instagram, le technicien de 59 ans a publi\u00e9 une photo de lui avec Salah, accompagn\u00e9e du message : \u00ab toujours un symbole de d\u00e9termination et de force. \u00bb Arriv\u00e9 \u00e0 la t\u00eate des Pharaons en f\u00e9vrier 2024, Hassan consid\u00e8re l\u2019attaquant comme une pi\u00e8ce essentielle de sa s\u00e9lection, qui d\u00e9butera la CAN face au Zimbabwe le 22 d\u00e9cembre prochain. <\/p>\n<p>\n    Pub. le 08\/12\/2025 08:03<br \/>\n            &#8211; MAJ le 08\/12\/2025 08:04\n    <\/p>\n<p><script async src=\"\/\/www.instagram.com\/embed.js\"><\/script><\/p>\n","protected":false},"excerpt":{"rendered":"L\u2019avenir de Mohamed Salah \u00e0 Liverpool s\u2019est encore obscurci apr\u00e8s la sortie m\u00e9diatique retentissante du joueur. Depuis 3&hellip;\n","protected":false},"author":2,"featured_media":585905,"comment_status":"","ping_status":"","sticky":false,"template":"","format":"standard","meta":{"footnotes":""},"categories":[2],"tags":[11,1011,27,12],"class_list":{"0":"post-585904","1":"post","2":"type-post","3":"status-publish","4":"format-standard","5":"has-post-thumbnail","7":"category-actualites","8":"tag-actualites","9":"tag-fr","10":"tag-france","11":"tag-news"},"share_on_mastodon":{"url":"https:\/\/pubeurope.com\/@fr\/115682904920736176","error":""},"_links":{"self":[{"href":"https:\/\/www.europesays.com\/fr\/wp-json\/wp\/v2\/posts\/585904","targetHints":{"allow":["GET"]}}],"collection":[{"href":"https:\/\/www.europesays.com\/fr\/wp-json\/wp\/v2\/posts"}],"about":[{"href":"https:\/\/www.europesays.com\/fr\/wp-json\/wp\/v2\/types\/post"}],"author":[{"embeddable":true,"href":"https:\/\/www.europesays.com\/fr\/wp-json\/wp\/v2\/users\/2"}],"replies":[{"embeddable":true,"href":"https:\/\/www.europesays.com\/fr\/wp-json\/wp\/v2\/comments?post=585904"}],"version-history":[{"count":0,"href":"https:\/\/www.europesays.com\/fr\/wp-json\/wp\/v2\/posts\/585904\/revisions"}],"wp:featuredmedia":[{"embeddable":true,"href":"https:\/\/www.europesays.com\/fr\/wp-json\/wp\/v2\/media\/585905"}],"wp:attachment":[{"href":"https:\/\/www.europesays.com\/fr\/wp-json\/wp\/v2\/media?parent=585904"}],"wp:term":[{"taxonomy":"category","embeddable":true,"href":"https:\/\/www.europesays.com\/fr\/wp-json\/wp\/v2\/categories?post=585904"},{"taxonomy":"post_tag","embeddable":true,"href":"https:\/\/www.europesays.com\/fr\/wp-json\/wp\/v2\/tags?post=585904"}],"curies":[{"name":"wp","href":"https:\/\/api.w.org\/{rel}","templated":true}]}}