{"id":585908,"date":"2025-12-08T08:04:11","date_gmt":"2025-12-08T08:04:11","guid":{"rendered":"https:\/\/www.europesays.com\/fr\/585908\/"},"modified":"2025-12-08T08:04:11","modified_gmt":"2025-12-08T08:04:11","slug":"lasse-se-decouvre-un-enorme-probleme","status":"publish","type":"post","link":"https:\/\/www.europesays.com\/fr\/585908\/","title":{"rendered":"L&rsquo;ASSE se d\u00e9couvre un \u00e9norme probl\u00e8me"},"content":{"rendered":"<p><b>Battue par Dunkerque, l&rsquo;ASSE ne parvient pas \u00e0 prendre les commandes de la <a href=\"https:\/\/www.foot01.com\/ligue2\" title=\"Ligue 2\" target=\"_blank\" rel=\"noopener\">Ligue 2<\/a> et reste sous la menace de ses poursuivants. Les Verts constatent un gros manque dans leur effectif.<\/b>L&rsquo;AS Saint-Etienne a rat\u00e9 une belle occasion de devenir le leader du championnat de L2 \u00e0 \u00e9galit\u00e9 de points avec Troyes, puisque, contre toute attente, <a href=\"https:\/\/www.foot01.com\/ligue2\/l2-lasse-rate-encore-le-coche\" target=\"_self\" rel=\"noopener\">le club du Forez est tomb\u00e9 samedi \u00e0 Dunkerque<\/a>. Encore une fois, malgr\u00e9 une vraie domination, les joueurs d&rsquo;Eirik Horneland n&rsquo;ont pas \u00e9t\u00e9 assez efficaces, et ils n&rsquo;ont pas eu la force de renverser la tendance. Ce n&rsquo;est pas la premi\u00e8re fois cette saison que l&rsquo;ASSE n&rsquo;affiche pas les qualit\u00e9s attendues par un effectif pourtant taill\u00e9 pour dominer la Ligue 2 gr\u00e2ce aux investissements faits par Kilmer Sports lors du mercato.  Mais encore une fois, Eirik Horneland semble se heurter \u00e0 la r\u00e9alit\u00e9, \u00e0 savoir que Saint\u00e9 n&rsquo;a pas assez de joueurs de caract\u00e8re. Un constat confirm\u00e9 par Patrick Guillou dans <a href=\"https:\/\/www.leprogres.fr\/\" target=\"_blank\" rel=\"noopener\">Le Progr\u00e8s<\/a>.\u00a0L&rsquo;ASSE manque de plusieurs joueurs<\/p>\n<p>Pour l&rsquo;ancien joueur de l&rsquo;AS Saint-Etienne, qui est d\u00e9sormais l&rsquo;un des consultants de Beinsports, il est clair que l&rsquo;entra\u00eeneur norv\u00e9gien des Verts n&rsquo;a pas assez de cadres sur le terrain, \u00e0 l&rsquo;exception d&rsquo;un joueur. \u00ab\u00a0Cette \u00e9quipe manque de personnalit\u00e9. \u00c0 part Tardieu, peu de caract\u00e8res forts sur le terrain. Une mentalit\u00e9 de chiffonniers, indispensable en Ligue 2, fait d\u00e9faut. On peut parfois passer \u00e0 c\u00f4t\u00e9 de ses objectifs \u00e0 force de se bercer de belles intentions. Les absents, les blessures et le manque d\u2019automatismes n\u2019expliquent pas, \u00e0 eux seuls, cette cinqui\u00e8me d\u00e9faite. La quintessence de ce groupe n\u2019est pas r\u00e9v\u00e9l\u00e9e. L\u2019irr\u00e9gularit\u00e9 constante en est la preuve\u00a0\u00bb, constate Patrick Guillou deux jours apr\u00e8s la d\u00e9faite st\u00e9phanoise \u00e0 Dunkerque.<\/p>\n<p>Samedi prochain, l&rsquo;AS Saint-Etienne recevra Bastia, bon dernier de Ligue 2 et dont le maintien serait une \u00e9norme performance. Les Verts n&rsquo;auront pas le droit \u00e0 l&rsquo;erreur, m\u00eame si battre une \u00e9quipe corse n&rsquo;a jamais \u00e9t\u00e9 facile. Mais si l&rsquo;ASSE veut passer les f\u00eates de fin d&rsquo;ann\u00e9e au chaud, il faut imp\u00e9rativement prendre trois points \u00e0 Geoffroy-Guichard.<\/p>\n","protected":false},"excerpt":{"rendered":"Battue par Dunkerque, l&rsquo;ASSE ne parvient pas \u00e0 prendre les commandes de la Ligue 2 et reste sous&hellip;\n","protected":false},"author":2,"featured_media":585909,"comment_status":"","ping_status":"","sticky":false,"template":"","format":"standard","meta":{"footnotes":""},"categories":[9653],"tags":[1111,11,461,2430,1777,674,1011,27,446,12,25,4001],"class_list":{"0":"post-585908","1":"post","2":"type-post","3":"status-publish","4":"format-standard","5":"has-post-thumbnail","7":"category-saint-etienne","8":"tag-actu","9":"tag-actualites","10":"tag-asse","11":"tag-auvergne-rhone-alpes","12":"tag-eu","13":"tag-europe","14":"tag-fr","15":"tag-france","16":"tag-ligue-2","17":"tag-news","18":"tag-republique-francaise","19":"tag-saint-etienne"},"share_on_mastodon":{"url":"https:\/\/pubeurope.com\/@fr\/115682912893503265","error":""},"_links":{"self":[{"href":"https:\/\/www.europesays.com\/fr\/wp-json\/wp\/v2\/posts\/585908","targetHints":{"allow":["GET"]}}],"collection":[{"href":"https:\/\/www.europesays.com\/fr\/wp-json\/wp\/v2\/posts"}],"about":[{"href":"https:\/\/www.europesays.com\/fr\/wp-json\/wp\/v2\/types\/post"}],"author":[{"embeddable":true,"href":"https:\/\/www.europesays.com\/fr\/wp-json\/wp\/v2\/users\/2"}],"replies":[{"embeddable":true,"href":"https:\/\/www.europesays.com\/fr\/wp-json\/wp\/v2\/comments?post=585908"}],"version-history":[{"count":0,"href":"https:\/\/www.europesays.com\/fr\/wp-json\/wp\/v2\/posts\/585908\/revisions"}],"wp:featuredmedia":[{"embeddable":true,"href":"https:\/\/www.europesays.com\/fr\/wp-json\/wp\/v2\/media\/585909"}],"wp:attachment":[{"href":"https:\/\/www.europesays.com\/fr\/wp-json\/wp\/v2\/media?parent=585908"}],"wp:term":[{"taxonomy":"category","embeddable":true,"href":"https:\/\/www.europesays.com\/fr\/wp-json\/wp\/v2\/categories?post=585908"},{"taxonomy":"post_tag","embeddable":true,"href":"https:\/\/www.europesays.com\/fr\/wp-json\/wp\/v2\/tags?post=585908"}],"curies":[{"name":"wp","href":"https:\/\/api.w.org\/{rel}","templated":true}]}}