{"id":585910,"date":"2025-12-08T08:05:17","date_gmt":"2025-12-08T08:05:17","guid":{"rendered":"https:\/\/www.europesays.com\/fr\/585910\/"},"modified":"2025-12-08T08:05:17","modified_gmt":"2025-12-08T08:05:17","slug":"laffaire-bojarski-en-avant-premiere-a-ugc-ludres-en-presence-de-jean-paul-salome","status":"publish","type":"post","link":"https:\/\/www.europesays.com\/fr\/585910\/","title":{"rendered":"\u00ab L\u2019Affaire Bojarski \u00bb en avant-premi\u00e8re \u00e0 UGC Ludres en pr\u00e9sence de Jean-Paul Salom\u00e9"},"content":{"rendered":"<p>        <strong>CIN\u00c9MA. Inspir\u00e9 d\u2019une histoire vraie aussi m\u00e9connue que vertigineuse, L\u2019Affaire Bojarski sera d\u00e9voil\u00e9 en avant-premi\u00e8re le 11 d\u00e9cembre \u00e0 UGC Cin\u00e9 Cit\u00e9 Ludres, en pr\u00e9sence de son r\u00e9alisateur Jean-Paul Salom\u00e9. Le film retrace la trajectoire hors norme de Jan Bojarski, ing\u00e9nieur r\u00e9fugi\u00e9 devenu, malgr\u00e9 lui, l\u2019un des plus grands faussaires du XXe si\u00e8cle.<\/strong><\/p>\n<p>Le public nanc\u00e9ien d\u00e9couvrira le film plusieurs semaines avant sa sortie nationale. Jeudi 11 d\u00e9cembre \u00e0 19h15, le complexe UGC Cin\u00e9 Cit\u00e9 \u00e0 Ludres accueillera l\u2019avant-premi\u00e8re de L\u2019Affaire Bojarski, le nouveau long m\u00e9trage de Jean-Paul Salom\u00e9. Le r\u00e9alisateur, d\u00e9j\u00e0 remarqu\u00e9 pour La Daronne et La Syndicaliste, viendra \u00e9changer avec les spectateurs \u00e0 l\u2019issue de la projection.<\/p>\n<p>Port\u00e9 par Reda Kateb, le film s\u2019inspire de la vie de Jan Czes\u0142aw Bojarski, un ing\u00e9nieur polonais r\u00e9fugi\u00e9 en France pendant la Seconde Guerre mondiale.\u00a0Le casting r\u00e9unit \u00e9galement Sara Giraudeau, Bastien Bouillon et Pierre Lottin.<\/p>\n<p>Durant l\u2019Occupation, l&rsquo;homme met son talent au service de la fabrication de faux papiers, permettant de sauver de nombreuses vies. Mais la paix retrouv\u00e9e ne lui apporte pas la reconnaissance esp\u00e9r\u00e9e. Faute d\u2019existence administrative officielle, ses inventions restent sans protection, et il survit gr\u00e2ce \u00e0 des emplois mal pay\u00e9s.<\/p>\n<p>Peu \u00e0 peu, ce rejet institutionnel le conduit vers une autre clandestinit\u00e9. Approch\u00e9 par le milieu, Bojarski se lance dans la fabrication de faux billets d\u2019une pr\u00e9cision exceptionnelle, r\u00e9alis\u00e9s seul, dans le secret de son jardin, sans que sa famille ne se doute de quoi que ce soit. Ces contrefa\u00e7ons, ind\u00e9tectables, lui vaudront le surnom de \u00ab C\u00e9zanne de la fausse monnaie \u00bb et placeront l\u2019ing\u00e9nieur dans le viseur des meilleurs enqu\u00eateurs de l\u2019\u00e9poque.<\/p>\n<p>La sortie nationale est pr\u00e9vue le 4 janvier 2026.\u00a0<\/p>\n<p class=\"p1\" style=\"line-height: 22.4px;\"><strong>Gagnez vos invitations !\u00a0<\/strong><\/p>\n<p><img loading=\"lazy\" decoding=\"async\" src=\"https:\/\/www.europesays.com\/fr\/wp-content\/uploads\/2025\/12\/bojarski.jpg\" alt=\"Chers parents copie\" width=\"250\" height=\"340\" style=\"float: left;\" data-alt=\"jean val\"\/>ICI-C-NANCY.FR en partenariat avec UGC vous offre\u00a0<strong>vos invitations pour assister \u00e0 la projection en avant-premi\u00e8re <\/strong>du film \u00ab\u00a0<strong>l&rsquo;AFFAIRE BOJARSKI<\/strong>\u00a0\u00bb <strong>le\u00a0jeudi 11 d\u00e9cembre\u00a0\u00e0 19 h15 \u00e0 UGC LUDRES.\u00a0<\/strong><\/p>\n<p><strong>10 places (5 lots x 2) sont \u00e0 gagner via le formulaire de contact<\/strong><strong>.\u00a0<\/strong><\/p>\n<p><strong>D\u00e9but du concours ce lundi 8 d\u00e9cembre \u00e0 8h, fin du concours lundi 8 d\u00e9cembre \u00e0 20 h<\/strong>. Les gagnants d\u00e9sign\u00e9s par tirage au sort seront contact\u00e9s individuellement, le pr\u00e9nom et la premi\u00e8re lettre du nom de famille seront affich\u00e9s ici sur cette page.\u00a0<\/p>\n<p>Pour participer envoyez \u00e0\u00a0<a href=\"https:\/\/www.ici-c-nancy.fr\/cinema\/mailto:contact@ici-c-nancy.fr\" target=\"_blank\" rel=\"noopener\">Cette adresse e-mail est prot\u00e9g\u00e9e contre les robots spammeurs. Vous devez activer le JavaScript pour la visualiser.\u00a0un message avec pour objet \u00ab\u00a0Concours cin\u00e9ma\u00a0\u00bb. N&rsquo;oubliez-pas de pr\u00e9ciser un nom, pr\u00e9nom, votre commune ainsi qu&rsquo;un num\u00e9ro de t\u00e9l\u00e9phone portable.\u00a0<\/p>\n<p>\u00a0<\/p>\n<p>\u00a0<\/p>\n<p>\u00a0<\/p>\n<p>\t\t\t\t\t\t<a href=\"https:\/\/www.pinterest.com\/pin\/create\/button\/\" data-pin-do=\"buttonBookmark\" data-pin-color=\"red\" target=\"_blank\" rel=\"noopener\"><img decoding=\"async\" src=\"https:\/\/www.europesays.com\/fr\/wp-content\/uploads\/2025\/04\/pinit_fg_en_rect_red_20.png\" alt=\"Pin It\"\/><\/a><\/p>\n","protected":false},"excerpt":{"rendered":"CIN\u00c9MA. Inspir\u00e9 d\u2019une histoire vraie aussi m\u00e9connue que vertigineuse, L\u2019Affaire Bojarski sera d\u00e9voil\u00e9 en avant-premi\u00e8re le 11 d\u00e9cembre&hellip;\n","protected":false},"author":2,"featured_media":585911,"comment_status":"","ping_status":"","sticky":false,"template":"","format":"standard","meta":{"footnotes":""},"categories":[9635],"tags":[1111,11,1777,674,1011,27,775,1702,12,25],"class_list":{"0":"post-585910","1":"post","2":"type-post","3":"status-publish","4":"format-standard","5":"has-post-thumbnail","7":"category-nancy","8":"tag-actu","9":"tag-actualites","10":"tag-eu","11":"tag-europe","12":"tag-fr","13":"tag-france","14":"tag-grand-est","15":"tag-nancy","16":"tag-news","17":"tag-republique-francaise"},"share_on_mastodon":{"url":"https:\/\/pubeurope.com\/@fr\/115682917634442437","error":""},"_links":{"self":[{"href":"https:\/\/www.europesays.com\/fr\/wp-json\/wp\/v2\/posts\/585910","targetHints":{"allow":["GET"]}}],"collection":[{"href":"https:\/\/www.europesays.com\/fr\/wp-json\/wp\/v2\/posts"}],"about":[{"href":"https:\/\/www.europesays.com\/fr\/wp-json\/wp\/v2\/types\/post"}],"author":[{"embeddable":true,"href":"https:\/\/www.europesays.com\/fr\/wp-json\/wp\/v2\/users\/2"}],"replies":[{"embeddable":true,"href":"https:\/\/www.europesays.com\/fr\/wp-json\/wp\/v2\/comments?post=585910"}],"version-history":[{"count":0,"href":"https:\/\/www.europesays.com\/fr\/wp-json\/wp\/v2\/posts\/585910\/revisions"}],"wp:featuredmedia":[{"embeddable":true,"href":"https:\/\/www.europesays.com\/fr\/wp-json\/wp\/v2\/media\/585911"}],"wp:attachment":[{"href":"https:\/\/www.europesays.com\/fr\/wp-json\/wp\/v2\/media?parent=585910"}],"wp:term":[{"taxonomy":"category","embeddable":true,"href":"https:\/\/www.europesays.com\/fr\/wp-json\/wp\/v2\/categories?post=585910"},{"taxonomy":"post_tag","embeddable":true,"href":"https:\/\/www.europesays.com\/fr\/wp-json\/wp\/v2\/tags?post=585910"}],"curies":[{"name":"wp","href":"https:\/\/api.w.org\/{rel}","templated":true}]}}