{"id":585912,"date":"2025-12-08T08:06:36","date_gmt":"2025-12-08T08:06:36","guid":{"rendered":"https:\/\/www.europesays.com\/fr\/585912\/"},"modified":"2025-12-08T08:06:36","modified_gmt":"2025-12-08T08:06:36","slug":"entre-125-000-et-130-000-personnes-samedi-a-nancy-pour-le-grand-defile-selon-ladjoint-a-la-culture-bertrand-masson","status":"publish","type":"post","link":"https:\/\/www.europesays.com\/fr\/585912\/","title":{"rendered":"\u00ab\u00a0Entre 125 000 et 130 000 personnes\u00a0\u00bb samedi \u00e0 Nancy pour le Grand d\u00e9fil\u00e9 selon l\u2019adjoint \u00e0 la culture Bertrand Masson"},"content":{"rendered":"<p>Nancy a v\u00e9cu un week-end du 6 et 7 d\u00e9cembre hors norme avec le grand d\u00e9fil\u00e9 de Saint-Nicolas. L\u2019adjoint \u00e0 la culture Bertrand Masson dresse un tr\u00e8s bon bilan, \u00e9voquant une affluence record d\u00e9passant les 125 000 personnes et un public venu bien au-del\u00e0 des fronti\u00e8res r\u00e9gionales.<\/p>\n<p>Invit\u00e9 d\u2019<strong>ICI Lorraine ce lundi 8 d\u00e9cembre<\/strong>, Bertrand Masson, adjoint \u00e0 la culture et aux grands \u00e9v\u00e9nements \u00e0 la Ville de Nancy, est revenu sur le week-end festif qui a anim\u00e9 la cit\u00e9 ducale. Avec notamment le <strong>grand d\u00e9fil\u00e9 de Saint-Nicolas<\/strong>, la ville a connu une affluence record, d\u00e9passant les chiffres de l\u2019an pass\u00e9.<\/p>\n<p>Un d\u00e9fil\u00e9 qui bat des records<\/p>\n<p>Selon l\u2019\u00e9lu en charge de la culture et des grands \u00e9v\u00e9nements, les rues de Nancy ont \u00e9t\u00e9 litt\u00e9ralement envahies ce samedi 6 d\u00e9cembre. \u00ab\u00a0On a enregistr\u00e9 entre 125 et 130 000 personnes dans les rues de Nancy ce samedi apr\u00e8s-midi pour ce grand d\u00e9fil\u00e9. C\u2019\u00e9tait une affluence tout \u00e0 fait exceptionnelle, in\u00e9dite\u00a0\u00bb,\u00a0explique Bertrand Masson.<\/p>\n<p>Avec ces chiffres, la manifestation signe un <strong>bilan encore meilleur que l\u2019an dernier<\/strong>, confirmant l\u2019attractivit\u00e9 grandissante des festivit\u00e9s de Saint-Nicolas.<\/p>\n<p>Un public qui vient de loin<\/p>\n<p>Si les Nanc\u00e9iens \u00e9taient \u00e9videmment au rendez-vous, une grande partie du public vient d\u2019ailleurs. Les visiteurs affluent <strong>des pays frontaliers,<\/strong>\u00a0Allemagne, Belgique ou Luxembourg mais aussi massivement de <strong>la r\u00e9gion parisienne<\/strong>. Bertrand Masson pr\u00e9cise\u00a0: \u00ab\u00a0On accueille beaucoup de gens d\u2019\u00cele-de-France. On sait par exemple, et ce sont des informations que la SNCF nous fournit, que les trains entre Paris et Nancy sont pleins depuis tr\u00e8s longtemps \u00e0 l&rsquo;avance sur ce week-end-l\u00e0.\u00a0\u00bb<\/p>\n","protected":false},"excerpt":{"rendered":"Nancy a v\u00e9cu un week-end du 6 et 7 d\u00e9cembre hors norme avec le grand d\u00e9fil\u00e9 de Saint-Nicolas.&hellip;\n","protected":false},"author":2,"featured_media":585913,"comment_status":"","ping_status":"","sticky":false,"template":"","format":"standard","meta":{"footnotes":""},"categories":[9635],"tags":[1111,11,1777,674,1011,27,775,1702,12,25],"class_list":{"0":"post-585912","1":"post","2":"type-post","3":"status-publish","4":"format-standard","5":"has-post-thumbnail","7":"category-nancy","8":"tag-actu","9":"tag-actualites","10":"tag-eu","11":"tag-europe","12":"tag-fr","13":"tag-france","14":"tag-grand-est","15":"tag-nancy","16":"tag-news","17":"tag-republique-francaise"},"share_on_mastodon":{"url":"https:\/\/pubeurope.com\/@fr\/115682920571905238","error":""},"_links":{"self":[{"href":"https:\/\/www.europesays.com\/fr\/wp-json\/wp\/v2\/posts\/585912","targetHints":{"allow":["GET"]}}],"collection":[{"href":"https:\/\/www.europesays.com\/fr\/wp-json\/wp\/v2\/posts"}],"about":[{"href":"https:\/\/www.europesays.com\/fr\/wp-json\/wp\/v2\/types\/post"}],"author":[{"embeddable":true,"href":"https:\/\/www.europesays.com\/fr\/wp-json\/wp\/v2\/users\/2"}],"replies":[{"embeddable":true,"href":"https:\/\/www.europesays.com\/fr\/wp-json\/wp\/v2\/comments?post=585912"}],"version-history":[{"count":0,"href":"https:\/\/www.europesays.com\/fr\/wp-json\/wp\/v2\/posts\/585912\/revisions"}],"wp:featuredmedia":[{"embeddable":true,"href":"https:\/\/www.europesays.com\/fr\/wp-json\/wp\/v2\/media\/585913"}],"wp:attachment":[{"href":"https:\/\/www.europesays.com\/fr\/wp-json\/wp\/v2\/media?parent=585912"}],"wp:term":[{"taxonomy":"category","embeddable":true,"href":"https:\/\/www.europesays.com\/fr\/wp-json\/wp\/v2\/categories?post=585912"},{"taxonomy":"post_tag","embeddable":true,"href":"https:\/\/www.europesays.com\/fr\/wp-json\/wp\/v2\/tags?post=585912"}],"curies":[{"name":"wp","href":"https:\/\/api.w.org\/{rel}","templated":true}]}}