{"id":585914,"date":"2025-12-08T08:08:16","date_gmt":"2025-12-08T08:08:16","guid":{"rendered":"https:\/\/www.europesays.com\/fr\/585914\/"},"modified":"2025-12-08T08:08:16","modified_gmt":"2025-12-08T08:08:16","slug":"fracture-de-la-main-pour-melvyn-jaminet-toulon","status":"publish","type":"post","link":"https:\/\/www.europesays.com\/fr\/585914\/","title":{"rendered":"Fracture de la main pour Melvyn Jaminet (Toulon) ?"},"content":{"rendered":"<p>C\u2019est un potentiel coup dur pour le RC Toulon et Melvyn Jaminet. Touch\u00e9 en d\u00e9but de rencontre face \u00e0 \u00c9dimbourg, l\u2019arri\u00e8re pourrait manquer plusieurs semaines de comp\u00e9tition.<\/p>\n<p><img data-recalc-dims=\"1\" fetchpriority=\"high\" decoding=\"async\" width=\"696\" height=\"415\" src=\"data:image\/svg+xml,%3Csvg%20xmlns=\" http:=\"\" alt=\"Melvyn Jaminet - RC Toulon\" class=\"wp-image-8049\" data-lazy- data-lazy- data-lazy-src=\"https:\/\/www.europesays.com\/fr\/wp-content\/uploads\/2025\/12\/Capture-decran-2025-12-08-a-08.52.24.jpg\"\/>Melvyn Jaminet pourrait manquer plusieurs semaines de comp\u00e9tition \u2013 \u00a9 <a href=\"https:\/\/www.youtube.com\/watch?v=m5HigOrDyrs\" target=\"_blank\" rel=\"noreferrer noopener\">Capture d\u2019\u00e9cran Youtube<\/a><\/p>\n<p>Une d\u00e9faite (33-20) et un coup dur. Toulon n\u2019a pas v\u00e9cu un superbe voyage en \u00c9cosse. Pour la premi\u00e8re journ\u00e9e de Champions Cup, le club varois s\u2019est inclin\u00e9 au Edingburgh Rugby Stadium et a, de plus, perdu son arri\u00e8re Melvyn Jaminet.<\/p>\n<p>Touch\u00e9 \u00e0 la main, il est, selon <a href=\"https:\/\/www.rugbyrama.fr\/2025\/12\/08\/champions-cup-toulon-suspicion-dune-grave-blessure-pour-melvyn-jaminet-13097705.php\" target=\"_blank\" rel=\"noopener\">Midi Olympique<\/a>, apparu dans l\u2019avion avec une poche de glace sur la main droite. Le joueur craindrait une fracture \u00e0 la main droite. Si la blessure venait \u00e0 se confirmer, le joueur pourrait manquer plusieurs semaines de comp\u00e9tition et, en l\u2019absence de Marius Domon encore trop juste, Pierre Mignoni va devoir piocher dans son vivier pour trouver un 15 face \u00e0 Bath dimanche prochain \u00e0 Mayol.<\/p>\n","protected":false},"excerpt":{"rendered":"C\u2019est un potentiel coup dur pour le RC Toulon et Melvyn Jaminet. Touch\u00e9 en d\u00e9but de rencontre face&hellip;\n","protected":false},"author":2,"featured_media":585915,"comment_status":"","ping_status":"","sticky":false,"template":"","format":"standard","meta":{"footnotes":""},"categories":[9619],"tags":[1111,11,1777,674,1011,27,12,882,25,2310],"class_list":{"0":"post-585914","1":"post","2":"type-post","3":"status-publish","4":"format-standard","5":"has-post-thumbnail","7":"category-toulon","8":"tag-actu","9":"tag-actualites","10":"tag-eu","11":"tag-europe","12":"tag-fr","13":"tag-france","14":"tag-news","15":"tag-provence-alpes-cote-dazur","16":"tag-republique-francaise","17":"tag-toulon"},"share_on_mastodon":{"url":"https:\/\/pubeurope.com\/@fr\/115682928600200855","error":""},"_links":{"self":[{"href":"https:\/\/www.europesays.com\/fr\/wp-json\/wp\/v2\/posts\/585914","targetHints":{"allow":["GET"]}}],"collection":[{"href":"https:\/\/www.europesays.com\/fr\/wp-json\/wp\/v2\/posts"}],"about":[{"href":"https:\/\/www.europesays.com\/fr\/wp-json\/wp\/v2\/types\/post"}],"author":[{"embeddable":true,"href":"https:\/\/www.europesays.com\/fr\/wp-json\/wp\/v2\/users\/2"}],"replies":[{"embeddable":true,"href":"https:\/\/www.europesays.com\/fr\/wp-json\/wp\/v2\/comments?post=585914"}],"version-history":[{"count":0,"href":"https:\/\/www.europesays.com\/fr\/wp-json\/wp\/v2\/posts\/585914\/revisions"}],"wp:featuredmedia":[{"embeddable":true,"href":"https:\/\/www.europesays.com\/fr\/wp-json\/wp\/v2\/media\/585915"}],"wp:attachment":[{"href":"https:\/\/www.europesays.com\/fr\/wp-json\/wp\/v2\/media?parent=585914"}],"wp:term":[{"taxonomy":"category","embeddable":true,"href":"https:\/\/www.europesays.com\/fr\/wp-json\/wp\/v2\/categories?post=585914"},{"taxonomy":"post_tag","embeddable":true,"href":"https:\/\/www.europesays.com\/fr\/wp-json\/wp\/v2\/tags?post=585914"}],"curies":[{"name":"wp","href":"https:\/\/api.w.org\/{rel}","templated":true}]}}