{"id":585916,"date":"2025-12-08T08:09:16","date_gmt":"2025-12-08T08:09:16","guid":{"rendered":"https:\/\/www.europesays.com\/fr\/585916\/"},"modified":"2025-12-08T08:09:16","modified_gmt":"2025-12-08T08:09:16","slug":"alterincub-occitanie-pyrenees-occitanie-mediterranee-lancent-un-nouvel-appel-a-projets","status":"publish","type":"post","link":"https:\/\/www.europesays.com\/fr\/585916\/","title":{"rendered":"Alter\u2019Incub Occitanie Pyr\u00e9n\u00e9es &#038; Occitanie M\u00e9diterran\u00e9e lancent un nouvel appel \u00e0 projets"},"content":{"rendered":"<p>\t\t\t\t\t<a href=\"https:\/\/gazette-du-midi.fr\/au-sommaire\/entreprises\/\" class=\"rubrique-lien rubrique-courante\" target=\"_blank\" rel=\"noopener\">Entreprises<\/a><\/p>\n<p><strong>Innovation.<\/strong> Les deux incubateurs r\u00e9gionaux repartent en qu\u00eate d\u2019innovations sociales capables de r\u00e9pondre aux d\u00e9fis du territoire en mati\u00e8re de sant\u00e9, de mobilit\u00e9, d\u2019\u00e9nergie ou encore d\u2019agriculture raisonn\u00e9e. Leur nouvel appel \u00e0 projets, ouvert jusqu\u2019au 11 janvier 2026, propose aux porteurs d\u2019id\u00e9es un accompagnement complet de neuf mois m\u00ealant r\u00e9seautage, ateliers, mentorat et suivi personnalis\u00e9.<\/p>\n<ul class=\"list-inline\">\n<li class=\"list-inline-item\">\n  Publi\u00e9 le 8 d\u00e9cembre 2025\n<\/li>\n<li class=\"list-inline-item d-none d-md-inline info-separateur\"><\/li>\n<li class=\"list-inline-item d-block mt-2 d-md-inline mt-md-0 info-auteur\">\n<p>R\u00e9daction GdM\n<\/li>\n<\/ul>\n<p><img decoding=\"async\" src=\"https:\/\/www.europesays.com\/fr\/wp-content\/uploads\/2025\/12\/454f590db9b28ba644e37555c39457.jpg\" alt=\"Photo de l'\u00e9quipe Tousolar\" width=\"1052\" height=\"592\" fetchpriority=\"low\" loading=\"lazy\"\/><\/p>\n<p>La soci\u00e9t\u00e9 coop\u00e9rative d\u2019int\u00e9r\u00eat collectif Tousolar situ\u00e9e au nord de Toulouse travaille aussi bien avec des particuliers qu\u2019avec les collectivit\u00e9s. Son fondateur Guillaume Lamiaud et ses \u00e9quipes posent des panneaux solaires enti\u00e8rement fabriqu\u00e9s en France. (\u00a9 Tousolar)<\/p>\n<p>Recueillir et transmettre les histoires familiales et professionnelles\u00a0: c\u2019est la mission que s\u2019est donn\u00e9e Raciines, la start-up toulousaine qui, depuis 2024, cr\u00e9e des autobiographies personnalis\u00e9es \u00e0 l\u2019aide de l\u2019intelligence artificielle.<\/p>\n<p>S\u2019adressant aux particuliers, aux structures m\u00e9dico-sociales comme aux entreprises, la jeune pousse a d\u00e9j\u00e0 vendu plus de 1 500 ouvrages et vise un chiffre d\u2019affaires de 150 K\u20ac d\u2019ici 2026. \u00c0 sa t\u00eate, deux entrepreneurs\u00a0: Manna\u00efg Fouillen et Julien Segura. Pour lancer, puis d\u00e9velopper leur activit\u00e9, le duo a b\u00e9n\u00e9fici\u00e9 de plusieurs soutiens de taille, \u00e0 commencer par l\u2019Adie Occitanie et <a href=\"https:\/\/ocpy.alterincub.coop\/\" class=\"spip_out\" rel=\"external noopener\" target=\"_blank\">Alter\u2019Incub Occitanie-Pyr\u00e9n\u00e9es<\/a>, qui se pr\u00e9sente comme le premier incubateur d\u2019innovation sociale.<\/p>\n<p>Faire \u00e9merger des projets concrets et structur\u00e9s<\/p>\n<p>Dans un communiqu\u00e9 dat\u00e9 du 3 d\u00e9cembre, Alter\u2019Incub Occitanie-Pyr\u00e9n\u00e9es, et son pendant <a href=\"https:\/\/ocmed.alterincub.coop\/\" class=\"spip_out\" rel=\"external noopener\" target=\"_blank\">Occitanie-M\u00e9diterran\u00e9e<\/a>, annoncent l\u2019ouverture d\u2019un nouvel appel \u00e0 projets, jusqu\u2019au 11 janvier 2026, pour \u00ab\u00a0accompagner la cr\u00e9ation d\u2019entreprises locales r\u00e9pondant \u00e0 une probl\u00e9matique de soci\u00e9t\u00e9\u00a0\u00bb. Tous les secteurs sont concern\u00e9s\u00a0: sant\u00e9, mobilit\u00e9, d\u00e9veloppement local et \u00e9nergies, bien vieillir, petite enfance, agriculture raisonn\u00e9e, \u00e9conomie circulaire\u2026<\/p>\n<p>\t\t\u00c0 lire aussi<\/p>\n<p>\t<a href=\"https:\/\/gazette-du-midi.fr\/au-sommaire\/entreprises\/a-toulouse-la-plateforme-raciines-commercialise-des-biographies-generees-grace\" target=\"_blank\" rel=\"noopener\">Avec la plateforme Raciines, \u00e9crire son autobiographie n\u2019a jamais \u00e9t\u00e9 aussi facile et accessible<\/a><\/p>\n<p>Alors qui succ\u00e9dera \u00e0 Raciines, mais aussi \u00e0 Tousolar, installateur de panneaux photovolta\u00efques\u00a0; \u00e0 Ecolybris, premi\u00e8re plateforme innovante de revente du livre d\u2019occasion r\u00e9mun\u00e9rant auteurs et \u00e9diteurs\u00a0; ou encore \u00e0 l\u2019association Miam\u2019Up, qui collecte les surplus des restaurants collectifs pour les redistribuer aux foyers sociaux\u00a0? Eux aussi accompagn\u00e9s par Alter\u2019Incub.<\/p>\n<p>Pour esp\u00e9rer rejoindre la prochaine promotion, les projets doivent r\u00e9pondre \u00e0 un besoin social et\/ou environnemental, avoir un impact territorial, pr\u00e9senter un r\u00e9el potentiel en termes d\u2019emploi et montrer une viabilit\u00e9 \u00e9conomique. Les porteurs doivent \u00e9galement \u00ab\u00a0\u00eatre en capacit\u00e9 de s\u2019impliquer et \u00eatre pleinement disponibles pour suivre le parcours d\u2019accompagnement\u00a0\u00bb.<\/p>\n<p>Incubateurs r\u00e9gionaux\u00a0: catalyseurs de r\u00e9ussite\u00a0?<\/p>\n<p>\u00c0 la cl\u00e9 pour les laur\u00e9ats\u00a0: un accompagnement gratuit de neuf mois pour passer de l\u2019id\u00e9e \u00e0 la cr\u00e9ation de leur entreprise. Le programme s\u2019articule autour de\u00a0:<br class=\"autobr\"\/><br \/>\n\u2013 sessions collectives (\u00e9tude de march\u00e9, mod\u00e8le \u00e9conomique, gouvernance, financement, juridique, etc.)\u00a0;<br class=\"autobr\"\/><br \/>\n\u2013 un suivi individuel assur\u00e9 par un membre de l\u2019\u00e9quipe\u00a0;<br class=\"autobr\"\/><br \/>\n\u2013 un mentorat propos\u00e9 par des experts externes\u00a0;<br class=\"autobr\"\/><br \/>\n\u2013 une immersion dans l\u2019\u00e9cosyst\u00e8me de l\u2019\u00e9conomie sociale et solidaire, \u00e0 l\u2019\u00e9chelle locale et r\u00e9gionale.<\/p>\n<p>\t\t\u00c0 lire aussi<\/p>\n<p>\t<a href=\"https:\/\/gazette-du-midi.fr\/au-sommaire\/entreprises\/tousolar-la-start-up-toulousaine-d-installation-photovoltaique-mise-sur-le\" target=\"_blank\" rel=\"noopener\">Depuis Toulouse, la start-up Tousolar installe des panneaux solaires Made in France<\/a><\/p>\n<p>Apr\u00e8s avoir compl\u00e9t\u00e9 le <a href=\"https:\/\/forms.office.com\/Pages\/ResponsePage.aspx?id=fBHZdvX9_02d0hGgb6fNflHNcqj-gp1Lq85_epSUx8tUMFZLRDJFMUpaUDY4U0RXRkY4QldIQjU4MC4u\" class=\"spip_out\" rel=\"external noopener\" target=\"_blank\">formulaire de candidature<\/a> (date limite\u00a0: 11 janvier 2026, minuit), les pr\u00e9s\u00e9lectionn\u00e9s seront invit\u00e9s \u00e0 pr\u00e9senter leur projet devant un jury. Pour celles et ceux retenus, l\u2019accompagnement se d\u00e9roulera du 5 f\u00e9vrier au 8 d\u00e9cembre 2026.<\/p>\n<p>En dix ans, Alter\u2019Incub Occitanie-Pyr\u00e9n\u00e9es a soutenu pr\u00e8s de 200 projets, permettant la cr\u00e9ation de plus de 120 entreprises, avec un taux de p\u00e9rennit\u00e9 de 83\u00a0% \u00e0 cinq ans, ce qui en fait l\u2019une des structures les plus dynamiques du r\u00e9seau. Avec ce nouvel appel \u00e0 candidatures, l\u2019incubateur entend confirmer son r\u00f4le de \u00ab\u00a0catalyseur pour les porteurs de projets \u00e0 impact social et solidaire\u00a0\u00bb. Une ambition partag\u00e9e par Alter\u2019Incub Occitanie-M\u00e9diterran\u00e9e, qui a accompagn\u00e9 depuis 2007 quelque 265 projets pour 129 entreprises aujourd\u2019hui op\u00e9rationnelles.<\/p>\n","protected":false},"excerpt":{"rendered":"Entreprises Innovation. Les deux incubateurs r\u00e9gionaux repartent en qu\u00eate d\u2019innovations sociales capables de r\u00e9pondre aux d\u00e9fis du territoire&hellip;\n","protected":false},"author":2,"featured_media":585917,"comment_status":"","ping_status":"","sticky":false,"template":"","format":"standard","meta":{"footnotes":""},"categories":[9599],"tags":[1111,11,1777,674,1011,27,2208,12,2680,25],"class_list":{"0":"post-585916","1":"post","2":"type-post","3":"status-publish","4":"format-standard","5":"has-post-thumbnail","7":"category-montpellier","8":"tag-actu","9":"tag-actualites","10":"tag-eu","11":"tag-europe","12":"tag-fr","13":"tag-france","14":"tag-montpellier","15":"tag-news","16":"tag-occitanie","17":"tag-republique-francaise"},"share_on_mastodon":{"url":"https:\/\/pubeurope.com\/@fr\/115682933164553368","error":""},"_links":{"self":[{"href":"https:\/\/www.europesays.com\/fr\/wp-json\/wp\/v2\/posts\/585916","targetHints":{"allow":["GET"]}}],"collection":[{"href":"https:\/\/www.europesays.com\/fr\/wp-json\/wp\/v2\/posts"}],"about":[{"href":"https:\/\/www.europesays.com\/fr\/wp-json\/wp\/v2\/types\/post"}],"author":[{"embeddable":true,"href":"https:\/\/www.europesays.com\/fr\/wp-json\/wp\/v2\/users\/2"}],"replies":[{"embeddable":true,"href":"https:\/\/www.europesays.com\/fr\/wp-json\/wp\/v2\/comments?post=585916"}],"version-history":[{"count":0,"href":"https:\/\/www.europesays.com\/fr\/wp-json\/wp\/v2\/posts\/585916\/revisions"}],"wp:featuredmedia":[{"embeddable":true,"href":"https:\/\/www.europesays.com\/fr\/wp-json\/wp\/v2\/media\/585917"}],"wp:attachment":[{"href":"https:\/\/www.europesays.com\/fr\/wp-json\/wp\/v2\/media?parent=585916"}],"wp:term":[{"taxonomy":"category","embeddable":true,"href":"https:\/\/www.europesays.com\/fr\/wp-json\/wp\/v2\/categories?post=585916"},{"taxonomy":"post_tag","embeddable":true,"href":"https:\/\/www.europesays.com\/fr\/wp-json\/wp\/v2\/tags?post=585916"}],"curies":[{"name":"wp","href":"https:\/\/api.w.org\/{rel}","templated":true}]}}