{"id":585922,"date":"2025-12-08T08:15:16","date_gmt":"2025-12-08T08:15:16","guid":{"rendered":"https:\/\/www.europesays.com\/fr\/585922\/"},"modified":"2025-12-08T08:15:16","modified_gmt":"2025-12-08T08:15:16","slug":"deux-jeunes-tues-par-balle-a-grenoble-ce-week-end-ce-que-lon-sait","status":"publish","type":"post","link":"https:\/\/www.europesays.com\/fr\/585922\/","title":{"rendered":"Deux jeunes tu\u00e9s par balle \u00e0 Grenoble ce week-end: ce que l&rsquo;on sait"},"content":{"rendered":"<p>Deux hommes ont \u00e9t\u00e9 tu\u00e9s par balle \u00e0 \u00c9chirolles, et \u00e0 Grenoble ce week-end. Ils avaient 18 et 22 ans. Tout semble avoir d\u00e9marr\u00e9 d&rsquo;une rixe \u00e0 proximit\u00e9 d&rsquo;un fast-food. Pour l&rsquo;heure, aucune hypoth\u00e8se n&rsquo;est \u00e9tablie m\u00eame si ces deux meurtres semblent li\u00e9s. La maire d&rsquo;Echirolles r\u00e9agit sur RMC.<\/p>\n<p>Nuit d\u2019horreur ce week-end dans la m\u00e9tropole grenobloise. Dans la nuit de samedi \u00e0 dimanche, deux hommes de 18 et 22 ans ont perdu la vie. L\u2019un a \u00e9t\u00e9 abattu apr\u00e8s une rixe \u00e0 proximit\u00e9 d\u2019un fast-food, et l\u2019autre a \u00e9t\u00e9 retrouv\u00e9 dans un parc dimanche matin.<\/p>\n<p>Deux morts qui seraient li\u00e9es selon le parquet. Le point de d\u00e9part serait une rixe qui a \u00e9clat\u00e9 \u00e0 proximit\u00e9 d\u2019un fast-food \u00e0 23 heures \u00e0 \u00c9chirolles dans la banlieue de Grenoble. Un homme de 22 ans, inconnu des services de police, a \u00e9t\u00e9 abattu selon Myriam Munoz, d\u00e9l\u00e9gu\u00e9e d\u00e9partementale Alliance de l\u2019Is\u00e8re.<\/p>\n<blockquote class=\"embed embed_quote\"><p>\u201cLa premi\u00e8re victime a \u00e9t\u00e9 touch\u00e9e par des tirs d\u2019un homme mont\u00e9 sur un scooter. Malheureusement, il a \u00e9t\u00e9 transport\u00e9 dans un \u00e9tat tr\u00e8s inqui\u00e9tant et il est d\u00e9c\u00e9d\u00e9 des suites de ses blessures \u00e0 l\u2019h\u00f4pital\u201d, assure-t-elle.<\/p><\/blockquote>\n<p>La deuxi\u00e8me victime enlev\u00e9e et retrouv\u00e9e dans un parc<\/p>\n<p>Sur place, plusieurs t\u00e9moins informent les policiers que dans le m\u00eame temps et \u00e0 proximit\u00e9 du m\u00eame fast-food, un autre jeune a \u00e9t\u00e9 enlev\u00e9 et emmen\u00e9 de force \u00e0 bord d\u2019une voiture. \u201cCet individu serait le jeune homme de 18 ans retrouv\u00e9 dans le parc\u201d, pointe-t-elle.<\/p>\n<p>La victime a \u00e9t\u00e9 retrouv\u00e9e dans un parc de <a href=\"https:\/\/rmc.bfmtv.com\/actualites\/police-justice\/faits-divers\/grenoble-ce-que-l-on-sait-de-l-enfant-de-12-ans-dans-le-coma-apres-avoir-ete-blesse-par-balles_AV-202511170170.html\" title=\"Grenoble: ce que l&#039;on sait de l&#039;enfant de 12 ans, dans le coma, apr\u00e8s avoir \u00e9t\u00e9 bless\u00e9 par balles\" class=\"internal_link\" target=\"_blank\" rel=\"noopener\">Grenoble<\/a> dimanche matin selon le parquet de Grenoble. Il pr\u00e9sente plusieurs plaies et des blessures par arme \u00e0 feu. Pour l\u2019heure, aucun lien avec ne peut \u00eatre \u00e9tabli avec le narcobanditisme. La seconde victime est connue pour des infractions \u00e0 la l\u00e9gislation sur les stup\u00e9fiants.<\/p>\n<p>La maire d&rsquo;Echirolles demande des renforts policiers<\/p>\n<p>Invit\u00e9e ce lundi matin sur RMC, la maire d\u2019<a href=\"https:\/\/rmc.bfmtv.com\/actualites\/police-justice\/isere-un-homme-grievement-blesse-par-balles-pres-de-grenoble-le-quatrieme-en-un-week-end_AD-202504270125.html\" title=\"Is\u00e8re: un homme gri\u00e8vement bless\u00e9 par balles pr\u00e8s de Grenoble, le quatri\u00e8me en un week-end\" class=\"internal_link\" target=\"_blank\" rel=\"noopener\">\u00c9chirolles<\/a> a fait part de son inqui\u00e9tude alors que beaucoup de zones d\u2019ombre entourent cette affaire.<\/p>\n<p>\u201cJe suis extr\u00eamement choqu\u00e9 et inqui\u00e8te de ce qui s\u2019est pass\u00e9. Il y a eu l\u2019usage d&rsquo;armes \u00e0 feu de ces tr\u00e8s jeunes gens. Moi je m\u2019interroge beaucoup sur la circulation dans notre pays et de la violence aujourd\u2019hui chez nos jeunes dans notre pays\u201d, souligne Amandine Demore.<\/p>\n<p>Elle r\u00e9clame une r\u00e9action de l\u2019Etat et des moyens suppl\u00e9mentaires. \u00ab\u00a0Sur notre territoire, je me bats depuis plus d\u2019un an pour obtenir des moyens de police suppl\u00e9mentaires, un commissariat de plein exercice sur cette commune qui fait 37.000 habitants et pour l\u2019instant, je n\u2019ai aucune r\u00e9ponse du minist\u00e8re de l\u2019Int\u00e9rieur\u00a0\u00bb, d\u00e9plore-t-elle.<\/p>\n<p>\u00ab\u00a0(Je me sens) un petit peu abandonn\u00e9e (par l&rsquo;Etat) (&#8230;) c&rsquo;est compliqu\u00e9 on ne pas laisser les populations sans r\u00e9ponses et les \u00e9lus sans aide\u00a0\u00bb, regrette-t-lle.<\/p>\n<p>Constance Bostoen et Vincent Chevalier avec Guillaume Descours<\/p>\n","protected":false},"excerpt":{"rendered":"Deux hommes ont \u00e9t\u00e9 tu\u00e9s par balle \u00e0 \u00c9chirolles, et \u00e0 Grenoble ce week-end. Ils avaient 18 et&hellip;\n","protected":false},"author":2,"featured_media":585923,"comment_status":"","ping_status":"","sticky":false,"template":"","format":"standard","meta":{"footnotes":""},"categories":[9566],"tags":[1111,11,2430,1777,674,1011,27,2731,12,25],"class_list":{"0":"post-585922","1":"post","2":"type-post","3":"status-publish","4":"format-standard","5":"has-post-thumbnail","7":"category-grenoble","8":"tag-actu","9":"tag-actualites","10":"tag-auvergne-rhone-alpes","11":"tag-eu","12":"tag-europe","13":"tag-fr","14":"tag-france","15":"tag-grenoble","16":"tag-news","17":"tag-republique-francaise"},"share_on_mastodon":{"url":"https:\/\/pubeurope.com\/@fr\/115682956153805644","error":""},"_links":{"self":[{"href":"https:\/\/www.europesays.com\/fr\/wp-json\/wp\/v2\/posts\/585922","targetHints":{"allow":["GET"]}}],"collection":[{"href":"https:\/\/www.europesays.com\/fr\/wp-json\/wp\/v2\/posts"}],"about":[{"href":"https:\/\/www.europesays.com\/fr\/wp-json\/wp\/v2\/types\/post"}],"author":[{"embeddable":true,"href":"https:\/\/www.europesays.com\/fr\/wp-json\/wp\/v2\/users\/2"}],"replies":[{"embeddable":true,"href":"https:\/\/www.europesays.com\/fr\/wp-json\/wp\/v2\/comments?post=585922"}],"version-history":[{"count":0,"href":"https:\/\/www.europesays.com\/fr\/wp-json\/wp\/v2\/posts\/585922\/revisions"}],"wp:featuredmedia":[{"embeddable":true,"href":"https:\/\/www.europesays.com\/fr\/wp-json\/wp\/v2\/media\/585923"}],"wp:attachment":[{"href":"https:\/\/www.europesays.com\/fr\/wp-json\/wp\/v2\/media?parent=585922"}],"wp:term":[{"taxonomy":"category","embeddable":true,"href":"https:\/\/www.europesays.com\/fr\/wp-json\/wp\/v2\/categories?post=585922"},{"taxonomy":"post_tag","embeddable":true,"href":"https:\/\/www.europesays.com\/fr\/wp-json\/wp\/v2\/tags?post=585922"}],"curies":[{"name":"wp","href":"https:\/\/api.w.org\/{rel}","templated":true}]}}