{"id":585928,"date":"2025-12-08T08:18:26","date_gmt":"2025-12-08T08:18:26","guid":{"rendered":"https:\/\/www.europesays.com\/fr\/585928\/"},"modified":"2025-12-08T08:18:26","modified_gmt":"2025-12-08T08:18:26","slug":"vote-du-budget-soutien-aux-assos-et-rapport-sur-les-violences-sexistes-au-conseil-municipal","status":"publish","type":"post","link":"https:\/\/www.europesays.com\/fr\/585928\/","title":{"rendered":"Vote du budget, soutien aux assos et rapport sur les violences sexistes au conseil municipal"},"content":{"rendered":"<p class=\"wp-block-post-excerpt__excerpt\">Comme souvent en d\u00e9cembre, l\u2019ordre du jour du conseil municipal de Strasbourg est particuli\u00e8rement charg\u00e9\u00a0: budget 2026, soutien aux associations, rapports annuels, soutien au photovolta\u00efque et nombreuses questions diverses, dont une sur l\u2019affaire Polesi et le rapport \u00c9gae sur les violences sexistes. <\/p>\n<p class=\"font-sans\">\n\t\t\tCet article est en acc\u00e8s libre. Pour soutenir Rue89 Strasbourg,<br \/>\n\t\t\t<a class=\"underline\" href=\"https:\/\/www.rue89strasbourg.com\/abonnement\" target=\"_blank\" rel=\"noopener\">abonnez-vous<\/a>.\n\t\t<\/p>\n<p>Eva Chibane<\/p>\n<p>Publi\u00e9 le 8 d\u00e9cembre 2025\u00a0\u00a0\u00b7\u00a0\u00a0<\/p>\n<p>Imprim\u00e9 le 8 d\u00e9cembre 2025 \u00e0 09h06\u00a0\u00a0\u00b7\u00a0\u00a0<\/p>\n<p>\t\t\t\t\t5\u00a0minutes\n<\/p>\n<p class=\"has-drop-cap\">Au c\u0153ur des d\u00e9bats du conseil municipal de Strasbourg du lundi 8 d\u00e9cembre, le budget primitif 2026 (point 1), qui fixe les priorit\u00e9s financi\u00e8res de la collectivit\u00e9 pour l\u2019ann\u00e9e \u00e0 venir s\u2019\u00e9l\u00e8ve \u00e0 471,1 millions d\u2019euros en fonctionnement et 216,7 millions en investissement. Pr\u00e8s de la moiti\u00e9 des d\u00e9penses de fonctionnement est absorb\u00e9e par les charges de personnel, \u00e0 hauteur de 228,5 millions d\u2019euros, tandis que les subventions repr\u00e9sentent 52,2 millions. L\u2019autofinancement pr\u00e9visionnel atteint 27,8 millions d\u2019euros. C\u00f4t\u00e9 recettes, la fiscalit\u00e9 locale reste le socle principal. Les investissements pr\u00e9vus, tr\u00e8s d\u00e9pendants d\u2019un emprunt de 111,7 millions d\u2019euros, doivent permettre la r\u00e9novation du patrimoine municipal et la poursuite des grands programmes urbains. Un point qui devrait largement alimenter les d\u00e9bats, <a href=\"https:\/\/www.rue89strasbourg.com\/bilan-finances-strasbourg-jeanne-barseghian-368478\" target=\"_blank\" rel=\"noreferrer noopener\">puisque la dette a doubl\u00e9 en six ans<\/a> et s\u2019allonge assez dens\u00e9ment sur cette derni\u00e8re ann\u00e9e 2026.<\/p>\n<p>\t\t65 000 euros d\u2019urgence pour loger des familles <\/p>\n<p>Le soutien au tissu associatif constitue un autre volet important du conseil. Annonc\u00e9e le 5 d\u00e9cembre, une d\u00e9lib\u00e9ration d\u2019urgence sera vot\u00e9e pour d\u00e9bloquer 65 000 euros afin de loger 30 personnes au foyer Jean-Jaur\u00e8s. Foyer dont la gestion sera confi\u00e9e \u00e0 l\u2019association Les Petites Roues, pour assurer l\u2019h\u00e9bergement de familles dans ce b\u00e2timent vacant de la collectivit\u00e9. \u00ab\u00a0Les personnes h\u00e9berg\u00e9es seront des familles dont les enfants sont scolaris\u00e9s \u00e0 Strasbourg, en priorisant les familles les plus vuln\u00e9rables au regard de l\u2019\u00e9tat de sant\u00e9, de l\u2019\u00e2ge des enfants, de l\u2019absence de relais et de la dur\u00e9e d\u2019errance\u00a0\u00bb, pr\u00e9cise la Ville de Strasbourg.<\/p>\n<p>De nombreuses autres subventions seront vot\u00e9es (point 14,\u00a015,\u00a021,\u00a032,\u00a039,\u00a041,\u00a042,\u00a043,\u00a049,\u00a052,\u00a055 \u00e0 58 et\u00a061). Ainsi qu\u2019un certain nombre de conventions pluriannuelles d\u2019objectifs et de moyens cens\u00e9es s\u00e9curiser les budgets et \u00ab\u00a0clarifier la gestion des \u00e9quipements mis \u00e0 disposition\u00a0\u00bb. Ce soutien repr\u00e9sentait 8,17 millions en 2024, un niveau que la municipalit\u00e9 explique maintenir sur la fin du mandat.<\/p>\n<p>Les associations concern\u00e9es sont tr\u00e8s diverses, allant de structures \u0153uvrant contre l\u2019habitat indigne et pour la sant\u00e9 environnementale \u2014 comme l\u2019Association pour la pr\u00e9vention de la pollution atmosph\u00e9rique (3 100 euros) ou la Conf\u00e9d\u00e9ration nationale du logement (2 000 euros) \u2014 \u00e0 celles qui interviennent sur la surpopulation de rongeurs ou les punaises de lit. La Ville apporte \u00e9galement chaque ann\u00e9e un soutien aux associations cultuelles et aux projets cultuels dans le cadre du droit local d\u2019Alsace-Moselle, aux associations s\u2019occupant du bien-\u00eatre environnemental, et surtout aux initiatives relevant de la solidarit\u00e9, avec un budget de 1,3 million d\u2019euros. <\/p>\n<p>\t\tEau, assainissement, stationnement<\/p>\n<p>Les \u00e9lus prendront acte du rapport annuel 2024 sur le prix et la qualit\u00e9 des services de l\u2019eau et de l\u2019assainissement dans l\u2019agglom\u00e9ration (point 16). Le document souligne une conformit\u00e9 sanitaire de 99 % et plus de 34 millions de m\u00e8tres cubes produits pour les 33 communes de l\u2019Eurom\u00e9tropole.<\/p>\n<p>Le conseil pr\u00e9sentera \u00e9galement la synth\u00e8se de l\u2019activit\u00e9 2024 des d\u00e9l\u00e9gations de service public de la ville (point 35). Strasbourg a confi\u00e9 la gestion de neuf services publics \u00e0 des organismes priv\u00e9s, qu\u2019il s\u2019agisse d\u2019associations ou de soci\u00e9t\u00e9s commerciales. Ces services concernent principalement le stationnement \u2014 sur voirie et dans les parkings municipaux, notamment aux Halles et aux Ateliers \u2014 ainsi que l\u2019action sociale, via les maisons de la petite enfance (MPE) de Cronenbourg, Neuhof, Roberstau et la structure transfrontali\u00e8re franco-allemande. La gestion du cin\u00e9ma municipal Cosmos et des Bains municipaux de la Victoire compl\u00e8te le panorama des activit\u00e9s d\u00e9l\u00e9gu\u00e9es. Un rapport inclut \u00e9galement une synth\u00e8se sur le fonctionnement du port autonome de Strasbourg.<\/p>\n<p>Enfin, comme chaque fin d\u2019ann\u00e9e, le conseil examinera les rapports d\u2019activit\u00e9 des soci\u00e9t\u00e9s \u00e0 capitaux mixtes (point 36). Strasbourg d\u00e9tient des parts dans huit entreprises publiques locales couvrant des secteurs allant du logement social \u00e0 l\u2019am\u00e9nagement urbain, en passant par la gestion des parkings, avec des structures comme Habitation Moderne, Parcus, la SPL Deux Rives ou R\u00e9seau GDS. En 2024, sept de ces soci\u00e9t\u00e9s affichent des r\u00e9sultats b\u00e9n\u00e9ficiaires et regroupent 616 salari\u00e9s, tandis que le niveau de participation de la Ville reste stable \u00e0 13,41 millions d\u2019euros.<\/p>\n<p>Contrat pour le photovolta\u00efque<\/p>\n<p>L\u2019un des dossiers importants concerne l\u2019\u00e9nergie (point 22). Les \u00e9lus doivent valider le contrat de concession confi\u00e9 \u00e0 la nouvelle Soci\u00e9t\u00e9 publique locale (SPL) Strasbourg \u00c9nergies Renouvelables Eurom\u00e9tropolitaines (Sere), charg\u00e9e de produire de l\u2019\u00e9lectricit\u00e9 renouvelable. Le contrat, conclu pour 30 ans \u00e0 partir du 1er janvier 2026, pr\u00e9voit un premier programme d\u2019investissement d\u2019environ 10 millions d\u2019euros, financ\u00e9s directement par la soci\u00e9t\u00e9 publique. La collectivit\u00e9 s\u2019engage \u00e0 acheter l\u2019\u00e9lectricit\u00e9 produite, dans un mod\u00e8le en quasi-r\u00e9gie destin\u00e9 \u00e0 r\u00e9duire les co\u00fbts, s\u00e9curiser les recettes et acc\u00e9l\u00e9rer le d\u00e9ploiement des \u00e9quipements.<\/p>\n<p>Les premiers sites identifi\u00e9s concernent principalement des toitures d\u2019\u00e9coles, des b\u00e2timents sportifs, des d\u00e9p\u00f4ts techniques et plusieurs parkings pouvant accueillir des ombri\u00e8res. La SPL pourra \u00e9galement d\u00e9velopper des installations sur les friches publiques ou les zones d\u2019activit\u00e9s, avec la possibilit\u00e9 de monter en puissance sur des projets d\u2019autoconsommation collective.<\/p>\n<p>L\u2019affaire Polesi \u00e9voqu\u00e9e par l\u2019opposition<\/p>\n<p>Comme au conseil municipal de novembre, l\u2019opposition annonce une question en lien avec l\u2019affaire Polesi. Nicolas Matt, comme l\u2019ensemble des \u00e9lus, ont eu acc\u00e8s au rapport \u00c9gae, <a href=\"https:\/\/www.rue89strasbourg.com\/rapport-egae-gestion-affaire-herve-polesi-367184\" target=\"_blank\" rel=\"noreferrer noopener\">que Rue89 Strasbourg a d\u00e9voil\u00e9 le 22 novembre<\/a>. Rapport qui d\u00e9crit plusieurs mois de d\u00e9faillances institutionnelles et d\u2019alertes minimis\u00e9es mais l\u2019\u00e9lu d\u2019opposition, <a href=\"https:\/\/www.rue89strasbourg.com\/jean-philippe-vetter-ordre-republicain-strasbourg-366835\" target=\"_blank\" rel=\"noreferrer noopener\">qui a r\u00e9cemment rejoint Jean-Philippe Vetter<\/a> (Les R\u00e9publicains) en vue des \u00e9lections municipales de mars 2026, souhaite des pr\u00e9cisions sur les propos discriminatoires \u00e9voqu\u00e9s et les obligations l\u00e9gales de signalement.<\/p>\n<p>Jean-Philippe Vetter (LR) interpellera la maire sur la baisse de fr\u00e9quentation du march\u00e9 de Cronenbourg depuis son d\u00e9placement de la place de Haldenbourg vers la rue du Rieth et saisit la d\u00e9couverte d\u2019une arme et de munitions cach\u00e9s dans un buisson de la Petite France pour questionner la s\u00e9curit\u00e9 du March\u00e9 de No\u00ebl. <\/p>\n<p>Pierre Jakubowicz, \u00e9lu d\u2019opposition macroniste (Horizons), souhaite attirer l\u2019attention du conseil sur un rapport rendu le 1er d\u00e9cembre 2025 par le Comit\u00e9 science, sant\u00e9 et soci\u00e9t\u00e9 (C4S), consacr\u00e9 aux effets des politiques de mobilit\u00e9 sur l\u2019acc\u00e8s aux soins dans l\u2019Eurom\u00e9tropole. Le document pointe les difficult\u00e9s croissantes rencontr\u00e9es par les soignants, les services d\u2019urgence et les patients, notamment autour des \u00e9tablissements du centre-ville, en raison des \u00e9volutions du stationnement, des sens de circulation, des travaux ou encore des restrictions li\u00e9es \u00e0 la zone \u00e0 faibles \u00e9missions.<\/p>\n<p>Aller <strong>plus loin<\/strong><\/p>\n","protected":false},"excerpt":{"rendered":"Comme souvent en d\u00e9cembre, l\u2019ordre du jour du conseil municipal de Strasbourg est particuli\u00e8rement charg\u00e9\u00a0: budget 2026, soutien&hellip;\n","protected":false},"author":2,"featured_media":585929,"comment_status":"","ping_status":"","sticky":false,"template":"","format":"standard","meta":{"footnotes":""},"categories":[2820],"tags":[1111,11,1003,18352,1984,1777,674,1011,27,775,12,25,640,3911],"class_list":{"0":"post-585928","1":"post","2":"type-post","3":"status-publish","4":"format-standard","5":"has-post-thumbnail","7":"category-strasbourg","8":"tag-actu","9":"tag-actualites","10":"tag-budget","11":"tag-budget-2026","12":"tag-conseil-municipal","13":"tag-eu","14":"tag-europe","15":"tag-fr","16":"tag-france","17":"tag-grand-est","18":"tag-news","19":"tag-republique-francaise","20":"tag-strasbourg","21":"tag-ville-de-strasbourg"},"share_on_mastodon":{"url":"https:\/\/pubeurope.com\/@fr\/115682967887626481","error":""},"_links":{"self":[{"href":"https:\/\/www.europesays.com\/fr\/wp-json\/wp\/v2\/posts\/585928","targetHints":{"allow":["GET"]}}],"collection":[{"href":"https:\/\/www.europesays.com\/fr\/wp-json\/wp\/v2\/posts"}],"about":[{"href":"https:\/\/www.europesays.com\/fr\/wp-json\/wp\/v2\/types\/post"}],"author":[{"embeddable":true,"href":"https:\/\/www.europesays.com\/fr\/wp-json\/wp\/v2\/users\/2"}],"replies":[{"embeddable":true,"href":"https:\/\/www.europesays.com\/fr\/wp-json\/wp\/v2\/comments?post=585928"}],"version-history":[{"count":0,"href":"https:\/\/www.europesays.com\/fr\/wp-json\/wp\/v2\/posts\/585928\/revisions"}],"wp:featuredmedia":[{"embeddable":true,"href":"https:\/\/www.europesays.com\/fr\/wp-json\/wp\/v2\/media\/585929"}],"wp:attachment":[{"href":"https:\/\/www.europesays.com\/fr\/wp-json\/wp\/v2\/media?parent=585928"}],"wp:term":[{"taxonomy":"category","embeddable":true,"href":"https:\/\/www.europesays.com\/fr\/wp-json\/wp\/v2\/categories?post=585928"},{"taxonomy":"post_tag","embeddable":true,"href":"https:\/\/www.europesays.com\/fr\/wp-json\/wp\/v2\/tags?post=585928"}],"curies":[{"name":"wp","href":"https:\/\/api.w.org\/{rel}","templated":true}]}}