{"id":585934,"date":"2025-12-08T08:22:13","date_gmt":"2025-12-08T08:22:13","guid":{"rendered":"https:\/\/www.europesays.com\/fr\/585934\/"},"modified":"2025-12-08T08:22:13","modified_gmt":"2025-12-08T08:22:13","slug":"accident-du-travail-quarante-deux-inspecteurs-interviennent-au-quotidien-en","status":"publish","type":"post","link":"https:\/\/www.europesays.com\/fr\/585934\/","title":{"rendered":"Accident du travail\u00a0: quarante-deux inspecteurs interviennent \u00ab\u00a0au quotidien\u00a0\u00bb en"},"content":{"rendered":"<p>Ils sont en premi\u00e8re ligne pour r\u00e9aliser des contr\u00f4les d\u2019opportunit\u00e9 et lorsqu\u2019un accident du travail a lieu.<\/p>\n<p>Avec 42 277\u00a0\u00e9tablissements \u00e0 contr\u00f4ler pour 534 000\u00a0salari\u00e9s en Loire-Atlantique (selon des chiffres de 2022), les quarante-deux inspecteurs du travail bas\u00e9s dans les quatre unit\u00e9s de Nantes et Saint-Nazaire, ont de quoi faire.<\/p>\n<p>Le BTP et l\u2019industrie tr\u00e8s accidentog\u00e8ne<\/p>\n<p>\u00a0Nous intervenons au quotidien &#8230;<\/p>\n<p>\u00a0<\/p>\n","protected":false},"excerpt":{"rendered":"Ils sont en premi\u00e8re ligne pour r\u00e9aliser des contr\u00f4les d\u2019opportunit\u00e9 et lorsqu\u2019un accident du travail a lieu. Avec&hellip;\n","protected":false},"author":2,"featured_media":585935,"comment_status":"","ping_status":"","sticky":false,"template":"","format":"standard","meta":{"footnotes":""},"categories":[2818],"tags":[119,1111,11,1777,674,1011,27,46622,58864,3047,766,12,2636,69936,1404,25,3847],"class_list":{"0":"post-585934","1":"post","2":"type-post","3":"status-publish","4":"format-standard","5":"has-post-thumbnail","7":"category-nantes","8":"tag-accident","9":"tag-actu","10":"tag-actualites","11":"tag-eu","12":"tag-europe","13":"tag-fr","14":"tag-france","15":"tag-inspecteurs","16":"tag-interviennent","17":"tag-loire-atlantique","18":"tag-nantes","19":"tag-news","20":"tag-pays-de-la-loire","21":"tag-quarante-deux","22":"tag-quotidien","23":"tag-republique-francaise","24":"tag-travail"},"share_on_mastodon":{"url":"https:\/\/pubeurope.com\/@fr\/115682983557635649","error":""},"_links":{"self":[{"href":"https:\/\/www.europesays.com\/fr\/wp-json\/wp\/v2\/posts\/585934","targetHints":{"allow":["GET"]}}],"collection":[{"href":"https:\/\/www.europesays.com\/fr\/wp-json\/wp\/v2\/posts"}],"about":[{"href":"https:\/\/www.europesays.com\/fr\/wp-json\/wp\/v2\/types\/post"}],"author":[{"embeddable":true,"href":"https:\/\/www.europesays.com\/fr\/wp-json\/wp\/v2\/users\/2"}],"replies":[{"embeddable":true,"href":"https:\/\/www.europesays.com\/fr\/wp-json\/wp\/v2\/comments?post=585934"}],"version-history":[{"count":0,"href":"https:\/\/www.europesays.com\/fr\/wp-json\/wp\/v2\/posts\/585934\/revisions"}],"wp:featuredmedia":[{"embeddable":true,"href":"https:\/\/www.europesays.com\/fr\/wp-json\/wp\/v2\/media\/585935"}],"wp:attachment":[{"href":"https:\/\/www.europesays.com\/fr\/wp-json\/wp\/v2\/media?parent=585934"}],"wp:term":[{"taxonomy":"category","embeddable":true,"href":"https:\/\/www.europesays.com\/fr\/wp-json\/wp\/v2\/categories?post=585934"},{"taxonomy":"post_tag","embeddable":true,"href":"https:\/\/www.europesays.com\/fr\/wp-json\/wp\/v2\/tags?post=585934"}],"curies":[{"name":"wp","href":"https:\/\/api.w.org\/{rel}","templated":true}]}}