{"id":585945,"date":"2025-12-08T08:29:12","date_gmt":"2025-12-08T08:29:12","guid":{"rendered":"https:\/\/www.europesays.com\/fr\/585945\/"},"modified":"2025-12-08T08:29:12","modified_gmt":"2025-12-08T08:29:12","slug":"semaine-de-la-laicite-2025-actualites","status":"publish","type":"post","link":"https:\/\/www.europesays.com\/fr\/585945\/","title":{"rendered":"Semaine de la la\u00efcit\u00e9 2025 \/ Actualit\u00e9s"},"content":{"rendered":"<p>Engag\u00e9e notamment au c\u00f4t\u00e9 du Denier des \u00e9coles la\u00efques, qui \u0153uvre \u00e0 la sensibilisation des \u00e9tablissements du premier et second degr\u00e9 \u00e0 la loi 1905, la Ville de Lille a choisi de placer les valeurs r\u00e9publicaines au c\u0153ur de son projet \u00e9ducatif global (PEG). Les actions mises en \u0153uvre dans le cadre de son\u00a0<strong>plan d\u2019action<\/strong><strong>\u00a0\u00ab\u00a0La\u00efcit\u00e9, Vivre Ensemble et Valeurs de la R\u00e9publique\u00a0\u00bb\u00a0<\/strong>visent, tout au long de l\u2019ann\u00e9e, \u00e0 renforcer les comp\u00e9tences citoyennes qui soutiennent le vivre ensemble et la d\u00e9mocratie\u00a0: capacit\u00e9 d\u2019expression, respect de chacun, attention \u00e0 l\u2019autre, tol\u00e9rance ou bien encore esprit critique.<\/p>\n<p>Des actions d\u00e9ploy\u00e9es\u00a0dans les \u00e9coles lilloises<\/p>\n<p><strong>\u00c0 l\u2019occasion du 120e\u00a0anniversaire de la loi du 9 d\u00e9cembre 1905, la Ville de Lille a souhait\u00e9 renforcer son engagement en faveur de la la\u00efcit\u00e9 et de l\u2019\u00e9ducation citoyenne en d\u00e9ployant, du 1er\u00a0au 20 d\u00e9cembre 2025, de nombreuses actions dans le cadre du plan \u00ab\u00a0La\u00efcit\u00e9, Vivre-ensemble et Valeurs de la R\u00e9publique.\u00a0<\/strong>Ce plan a pour objectif d\u2019aborder les enjeux de la la\u00efcit\u00e9 sous ses diff\u00e9rents aspects pour affirmer d\u2019une seule voix les valeurs de la R\u00e9publique. Au travers, par exemple, du patrimoine, de la musique de la danse du th\u00e9\u00e2tre ou encore de la lecture, de nombreux ateliers et temps d\u2019\u00e9changes sur la la\u00efcit\u00e9, la libert\u00e9 d\u2019expression, les r\u00e9seaux sociaux et les m\u00e9dias seront r\u00e9alis\u00e9s avec le soutien d&rsquo;acteurs p\u00e9riscolaires et des associations, \u200ben compl\u00e9mentarit\u00e9 avec l&rsquo;Education nationale.\u00a0<strong>La semaine du 1er\u00a0d\u00e9cembre au 5 d\u00e9cembre, les professionnels de l\u2019accompagnement des enfants ont b\u00e9n\u00e9fici\u00e9 d\u2019une formation \u00e0 la la\u00efcit\u00e9 dispens\u00e9e par l\u2019association d\u2019\u00e9ducation populaire Aro\u00e9ven Hauts-de-France, \u0153uvrant \u00e0 l\u2019\u00e9panouissement des plus jeunes et la transmissions des valeurs d\u00e9mocratiques.<\/strong>\u00a0<strong>Le Denier des \u00e9coles la\u00efques proposera pour sa part, du 8 d\u00e9cembre au 12 d\u00e9cembre, six animations d\u2019environ deux heures<\/strong><strong>,\u00a0\u00e9galement \u00e0 destination des agents.\u00a0<\/strong>Parmi les nombreuses actions port\u00e9es par la Ville de Lille,\u00a0<strong>l\u2019Ecole Sup\u00e9rieure de Journalisme de Lille interviendra aupr\u00e8s des enfants des accueils de loisirs pour encourager leur esprit critique<\/strong>\u00a0en travaillant autour des outils \u00ab journaux \u00bb et \u00ab articles de presse \u00bb.<\/p>\n<p><strong>Chaque enfant des \u00e9coles maternelles et \u00e9l\u00e9mentaires b\u00e9n\u00e9ficiera \u00e0 Lille d\u2019une action \u00e9ducative port\u00e9e par la Ville.<\/strong>\u00a0Certains ateliers sont organis\u00e9s pendant la pause m\u00e9ridienne comme celui du 9 d\u00e9cembre\u00a0pour les \u00e9l\u00e8ves de l\u2019\u00e9cole Cabanis, participant \u00e0 l\u2019action \u00ab\u00a0Graine de Philo \u00bb.<\/p>\n<p>D\u2019autres sont organis\u00e9s le soir, comme l\u2019atelier du 11 d\u00e9cembre, au cours duquel\u00a0<strong>les \u00e9l\u00e8ves de maternelle de l\u2019\u00e9cole des Ptits Pouchins<\/strong>\u00a0<strong>\u00e9changeront des cartes de v\u0153ux autour des valeurs de la R\u00e9publique avec les \u00e9l\u00e8ves en \u00e9l\u00e9mentaire, avant que messages et dessins ne soient ensuite donn\u00e9s \u00e0 des s\u00e9niors lillois.\u00a0<\/strong><\/p>\n<p>Les \u00e9l\u00e8ves de l\u2019\u00e9cole Amp\u00e8re participeront pour leur part, le 8 d\u00e9cembre, entre midi et 13h \u00e0 un\u00a0<strong>atelier p\u00e9riscolaire de pratique musicale et de percussions corporelles sur la th\u00e9matique du vivre-ensemble, en compagnie de Christine Berthon, com\u00e9dienne-chanteuse au Conservatoire de Lille.<\/strong><\/p>\n","protected":false},"excerpt":{"rendered":"Engag\u00e9e notamment au c\u00f4t\u00e9 du Denier des \u00e9coles la\u00efques, qui \u0153uvre \u00e0 la sensibilisation des \u00e9tablissements du premier&hellip;\n","protected":false},"author":2,"featured_media":585946,"comment_status":"","ping_status":"","sticky":false,"template":"","format":"standard","meta":{"footnotes":""},"categories":[2815],"tags":[1111,11,4763,1777,674,1011,27,811,1307,5415,12,25],"class_list":{"0":"post-585945","1":"post","2":"type-post","3":"status-publish","4":"format-standard","5":"has-post-thumbnail","7":"category-lille","8":"tag-actu","9":"tag-actualites","10":"tag-agenda","11":"tag-eu","12":"tag-europe","13":"tag-fr","14":"tag-france","15":"tag-hauts-de-france","16":"tag-lille","17":"tag-mairie","18":"tag-news","19":"tag-republique-francaise"},"share_on_mastodon":{"url":"https:\/\/pubeurope.com\/@fr\/115683011138676884","error":""},"_links":{"self":[{"href":"https:\/\/www.europesays.com\/fr\/wp-json\/wp\/v2\/posts\/585945","targetHints":{"allow":["GET"]}}],"collection":[{"href":"https:\/\/www.europesays.com\/fr\/wp-json\/wp\/v2\/posts"}],"about":[{"href":"https:\/\/www.europesays.com\/fr\/wp-json\/wp\/v2\/types\/post"}],"author":[{"embeddable":true,"href":"https:\/\/www.europesays.com\/fr\/wp-json\/wp\/v2\/users\/2"}],"replies":[{"embeddable":true,"href":"https:\/\/www.europesays.com\/fr\/wp-json\/wp\/v2\/comments?post=585945"}],"version-history":[{"count":0,"href":"https:\/\/www.europesays.com\/fr\/wp-json\/wp\/v2\/posts\/585945\/revisions"}],"wp:featuredmedia":[{"embeddable":true,"href":"https:\/\/www.europesays.com\/fr\/wp-json\/wp\/v2\/media\/585946"}],"wp:attachment":[{"href":"https:\/\/www.europesays.com\/fr\/wp-json\/wp\/v2\/media?parent=585945"}],"wp:term":[{"taxonomy":"category","embeddable":true,"href":"https:\/\/www.europesays.com\/fr\/wp-json\/wp\/v2\/categories?post=585945"},{"taxonomy":"post_tag","embeddable":true,"href":"https:\/\/www.europesays.com\/fr\/wp-json\/wp\/v2\/tags?post=585945"}],"curies":[{"name":"wp","href":"https:\/\/api.w.org\/{rel}","templated":true}]}}