{"id":585949,"date":"2025-12-08T08:32:21","date_gmt":"2025-12-08T08:32:21","guid":{"rendered":"https:\/\/www.europesays.com\/fr\/585949\/"},"modified":"2025-12-08T08:32:21","modified_gmt":"2025-12-08T08:32:21","slug":"marseille-accueille-les-20-ans-daktantis-une-journee-dediee-a-la","status":"publish","type":"post","link":"https:\/\/www.europesays.com\/fr\/585949\/","title":{"rendered":"Marseille accueille les 20 ans d\u2019AKTANTIS : une journ\u00e9e d\u00e9di\u00e9e \u00e0 la (\u2026)"},"content":{"rendered":"<p>                    <img loading=\"lazy\" decoding=\"async\" src=\"https:\/\/www.europesays.com\/fr\/wp-content\/uploads\/2025\/12\/e240cda7e6bf003fb149b219dd9fe3.png\" class=\"img-responsive post-image\" width=\"680\" height=\"510\" alt=\"Marseille accueille (\u2026)\" title=\"Marseille accueille les 20 ans d'AKTANTIS : une journ\u00e9e d\u00e9di\u00e9e \u00e0 la souverainet\u00e9 technologique europ\u00e9enne\"\/><\/p>\n<p class=\"chapo\">Le 9 d\u00e9cembre, AKTANTIS f\u00eate ses 20 ans et r\u00e9unit au Mucem l\u2019\u00e9cosyst\u00e8me deeptech de toute la r\u00e9gion Sud autour d\u2019un enjeu majeur\u00a0: la souverainet\u00e9 technologique europ\u00e9enne.<\/p>\n<p>Alors que l\u2019Europe intensifie ses efforts pour renforcer son autonomie num\u00e9rique, cette \u00e9dition anniversaire prend une r\u00e9sonance toute particuli\u00e8re.<br class=\"texte\"\/><br \/>\nCr\u00e9\u00e9 en 2005, AKTANTIS s\u2019est impos\u00e9 comme un acteur cl\u00e9 de la transition technologique en f\u00e9d\u00e9rant plus de 300 entreprises, laboratoires et institutions autour de cinq domaines strat\u00e9giques\u00a0: micro\u00e9lectronique, cybers\u00e9curit\u00e9, intelligence artificielle et data analytics, Internet des objets et photonique-imagerie.<\/p>\n<p>180 participants attendus pour une \u00e9dition tourn\u00e9e vers l\u2019avenir<\/p>\n<p>Cette convention annuelle r\u00e9unira plus de 180 professionnels, dont une majorit\u00e9 de startups et de PME (55\u00a0%), venus \u00e9changer sur les enjeux technologiques majeurs du moment et d\u00e9couvrir les innovations pr\u00e9sent\u00e9es par une quinzaine d\u2019exposants. Parmi eux\u00a0: <strong>Asclepios, Digitech Groupe, KeeeX, Moabi, EHO.LINK, Stil Sensors ou encore l\u2019\u00c9cole des Mines de Saint-\u00c9tienne \u2013 campus Aix-Marseille Provence.<\/strong><br class=\"autobr\"\/><br \/>\n<strong>Au programme\u00a0: <\/strong> conf\u00e9rences, expositions, remises de prix, rencontres B2B et \u00e9changes entre acteurs industriels, acad\u00e9miques et institutionnels.<\/p>\n<p>Souverainet\u00e9 num\u00e9rique\u00a0: un enjeu strat\u00e9gique au c\u0153ur des d\u00e9bats<\/p>\n<p>Face aux d\u00e9fis li\u00e9s aux mat\u00e9riaux critiques, aux semiconducteurs, aux infrastructures t\u00e9l\u00e9com ou encore \u00e0 la ma\u00eetrise des donn\u00e9es, AKTANTIS consacre sa matin\u00e9e \u00e0 une<strong> table ronde <\/strong> r\u00e9unissant trois sp\u00e9cialistes europ\u00e9ens\u00a0:<br class=\"autobr\"\/><br \/>\n<strong>Vincent Casillas<\/strong> (SIPEARL) \u2013 \u00ab\u00a0Pas de souverainet\u00e9 technologique sans mat\u00e9riel souverain\u00a0\u00bb<br class=\"autobr\"\/><br \/>\n<strong>David Gesbert<\/strong> (EURECOM) \u2013 \u00ab\u00a06G\u00a0: promesses et enjeux\u00a0\u00bb<br class=\"autobr\"\/><br \/>\n<strong>Antoine Buat <\/strong> (DIGDASH) \u2013 \u00ab\u00a0IA et traitement des donn\u00e9es \u00e0 l\u2019heure du RGPD, DORA et NIS2\u00a0\u00bb<br class=\"autobr\"\/><br \/>\nUn moment fort qui permettra de confronter visions industrielles, exigences r\u00e9glementaires et perspectives de collaboration europ\u00e9ennes.<\/p>\n<p>AKTANTIS Awards et rencontres business l\u2019apr\u00e8s-midi<\/p>\n<p>La traditionnelle remise des <a href=\"https:\/\/www.aktantis.com\/2025\/09\/19\/les-rencontres-business-2025-daktantis\/\" class=\"spip_out\" rel=\"external noopener\" target=\"_blank\">AKTANTIS Awards<\/a> se tiendra \u00e0 11h45 et mettra en lumi\u00e8re les projets les plus innovants du territoire. L\u2019apr\u00e8s-midi sera d\u00e9di\u00e9 aux rendez-vous B2B entre entreprises, laboratoires et investisseurs afin de favoriser de nouvelles synergies, collaborations et opportunit\u00e9s de financement.<br class=\"autobr\"\/><br \/>\nUne conf\u00e9rence de presse est pr\u00e9vue \u00e0 13h, et des interviews avec intervenants et organisateurs peuvent \u00eatre organis\u00e9es en amont.<\/p>\n<p>\u00ab\u00a0Une nouvelle phase de d\u00e9veloppement\u00a0\u00bb<\/p>\n<p>Pour <strong>Fabien Aili,<\/strong> pr\u00e9sident d\u2019AKTANTIS, cette \u00e9dition anniversaire marque un tournant\u00a0: \u00ab\u00a0 Depuis 20 ans, AKTANTIS d\u00e9veloppe, f\u00e9d\u00e8re et accompagne les acteurs deeptech du territoire. Nous sommes pr\u00eats pour une nouvelle phase de d\u00e9veloppement pour faire du Grand Sud un \u00e9cosyst\u00e8me incontournable au service de la souverainet\u00e9 europ\u00e9enne.\u00a0\u00bb<\/p>\n","protected":false},"excerpt":{"rendered":"Le 9 d\u00e9cembre, AKTANTIS f\u00eate ses 20 ans et r\u00e9unit au Mucem l\u2019\u00e9cosyst\u00e8me deeptech de toute la r\u00e9gion&hellip;\n","protected":false},"author":2,"featured_media":585950,"comment_status":"","ping_status":"","sticky":false,"template":"","format":"standard","meta":{"footnotes":""},"categories":[2814],"tags":[1111,11,2408,1777,674,1011,27,884,12,882,25],"class_list":{"0":"post-585949","1":"post","2":"type-post","3":"status-publish","4":"format-standard","5":"has-post-thumbnail","7":"category-marseille","8":"tag-actu","9":"tag-actualites","10":"tag-appels-d","11":"tag-eu","12":"tag-europe","13":"tag-fr","14":"tag-france","15":"tag-marseille","16":"tag-news","17":"tag-provence-alpes-cote-dazur","18":"tag-republique-francaise"},"share_on_mastodon":{"url":"https:\/\/pubeurope.com\/@fr\/115683024137457502","error":""},"_links":{"self":[{"href":"https:\/\/www.europesays.com\/fr\/wp-json\/wp\/v2\/posts\/585949","targetHints":{"allow":["GET"]}}],"collection":[{"href":"https:\/\/www.europesays.com\/fr\/wp-json\/wp\/v2\/posts"}],"about":[{"href":"https:\/\/www.europesays.com\/fr\/wp-json\/wp\/v2\/types\/post"}],"author":[{"embeddable":true,"href":"https:\/\/www.europesays.com\/fr\/wp-json\/wp\/v2\/users\/2"}],"replies":[{"embeddable":true,"href":"https:\/\/www.europesays.com\/fr\/wp-json\/wp\/v2\/comments?post=585949"}],"version-history":[{"count":0,"href":"https:\/\/www.europesays.com\/fr\/wp-json\/wp\/v2\/posts\/585949\/revisions"}],"wp:featuredmedia":[{"embeddable":true,"href":"https:\/\/www.europesays.com\/fr\/wp-json\/wp\/v2\/media\/585950"}],"wp:attachment":[{"href":"https:\/\/www.europesays.com\/fr\/wp-json\/wp\/v2\/media?parent=585949"}],"wp:term":[{"taxonomy":"category","embeddable":true,"href":"https:\/\/www.europesays.com\/fr\/wp-json\/wp\/v2\/categories?post=585949"},{"taxonomy":"post_tag","embeddable":true,"href":"https:\/\/www.europesays.com\/fr\/wp-json\/wp\/v2\/tags?post=585949"}],"curies":[{"name":"wp","href":"https:\/\/api.w.org\/{rel}","templated":true}]}}