{"id":585957,"date":"2025-12-08T08:40:13","date_gmt":"2025-12-08T08:40:13","guid":{"rendered":"https:\/\/www.europesays.com\/fr\/585957\/"},"modified":"2025-12-08T08:40:13","modified_gmt":"2025-12-08T08:40:13","slug":"le-palace-lieu-mythique-des-nuits-a-paris-va-rouvrir-ses-portes","status":"publish","type":"post","link":"https:\/\/www.europesays.com\/fr\/585957\/","title":{"rendered":"le Palace, lieu mythique des nuits \u00e0 Paris, va rouvrir ses portes"},"content":{"rendered":"<p>                    Par<br \/>\n        <strong><br \/>\n            <a href=\"https:\/\/actu.fr\/auteur\/redaction-paris\" title=\"Consulter tous les articles de R\u00e9daction Paris\" target=\"_blank\" rel=\"noopener\">R\u00e9daction Paris<\/a><br \/>\n                    <\/strong><\/p>\n<p>        Publi\u00e9 le<\/p>\n<p>            8 d\u00e9c. 2025 \u00e0 8h31        <\/p>\n<p>Mick Jagger, Andy Warhol, Karl Lagerfeld ou <strong>Yves Saint Laurent<\/strong> en \u00e9taient de fid\u00e8les clients. \u00c0 l\u2019abandon depuis deux ans, la salle de spectacles du Palace, lieu mythique des nuits parisiennes, rouvrira ses portes fin 2026 apr\u00e8s un an de r\u00e9novation, a annonc\u00e9 \u00e0 l\u2019AFP son nouveau propri\u00e9taire Mickael Chetrit.<\/p>\n<p>Un lieu charg\u00e9 d\u2019histoire qui manque d\u2019entretien<\/p>\n<p class=\" wall-content\">\u00ab\u2009Je veux <strong>recr\u00e9er l\u2019ADN du Palace<\/strong> \u00e0 l\u2019\u00e9poque o\u00f9 il accueillait des concerts\u2009\u00bb, d\u00e9taille cet entrepreneur et producteur de 42\u00a0ans, qui poss\u00e8de d\u00e9j\u00e0 deux salles parisiennes, dont le Palais des Glaces, et vient de finaliser le rachat, avec ses associ\u00e9s, de ce lieu centenaire charg\u00e9 d\u2019histoire. \u00ab\u2009C\u2019est un nom connu dans le monde entier\u2009\u00bb, assure-t-il, tablant sur une r\u00e9ouverture en octobre\u00a02026.<\/p>\n<p class=\" wall-content\">Au tournant des ann\u00e9es 80, le Palace \u00e9tait \u00e0 la fois le <strong>night-club le plus c\u00e9l\u00e8bre d\u2019Europe<\/strong>, attirant stars, artistes et cr\u00e9ateurs, et une salle de concert o\u00f9 se sont produits Prince, Gainsbourg ou Grace Jones. Son sous-sol, d\u00e9cor\u00e9 par le peintre G\u00e9rard Garouste, abritait un restaurant tr\u00e8s s\u00e9lect.<\/p>\n<p class=\" wall-content\">\u00c0 partir du mitan des ann\u00e9es 80, avec le reflux de la vague de la disco, le lieu a connu de longs trous d\u2019air et chang\u00e9 plusieurs fois de propri\u00e9taire. Laiss\u00e9 <strong>\u00e0 l\u2019abandon de 1996 \u00e0 2008<\/strong>, il avait \u00e9t\u00e9 enti\u00e8rement restaur\u00e9, accueillant concerts et spectacles \u00e0 partir de 2018 avant de nouveau de fermer ses portes en 2023.\u00a0Inoccup\u00e9s depuis, la salle avec balcon et son sous-sol ont souffert du manque d\u2019entretien, a constat\u00e9 l\u2019AFP lors d\u2019une r\u00e9cente visite.<\/p>\n<p>\u00ab\u2009L\u2019impression que tout \u00e9tait autoris\u00e9\u2009\u00bb<\/p>\n<p class=\" wall-content\">Pour la r\u00e9novation, les nouveaux ma\u00eetres des lieux ont fait appel au d\u00e9corateur-star <strong>Jacques Garcia<\/strong>, qui a imprim\u00e9 sa marque dans des h\u00f4tels de luxe et au Louvre et a aussi \u00e9t\u00e9 un habitu\u00e9 des ann\u00e9es folles du Palace.<\/p>\n<p class=\" wall-content\">\u00ab\u2009J\u2019ai pass\u00e9 ma vie ici, avec des f\u00eates les unes apr\u00e8s les autres aux c\u00f4t\u00e9s de gens hallucinants. <strong>On \u00e9tait des dingues<\/strong>, sans limite mais avec une forme d\u2019\u00e9l\u00e9gance\u2009\u00bb, dit \u00e0 l\u2019AFP le d\u00e9corateur septuag\u00e9naire, qui promet de \u00ab\u2009l\u2019exub\u00e9rance\u2009\u00bb pour la r\u00e9novation.<\/p>\n<p class=\" wall-content\">Mickael Chetrit esp\u00e8re refaire du Palace une salle pris\u00e9e des artistes, avec une jauge pouvant aller jusqu\u2019\u00e0 <strong>1\u2009400\u00a0spectateurs<\/strong>, en insufflant un peu de l\u2019\u00e2me de l\u2019\u00e9poque.<br \/>\u00ab\u2009Le Palace repr\u00e9sentait une \u00e9poque de f\u00eates qui n\u2019existe plus aujourd\u2019hui o\u00f9 on avait l\u2019impression que tout \u00e9tait autoris\u00e9. Yves Saint Laurent pouvait danser \u00e0 c\u00f4t\u00e9 du mec qui d\u00e9barrassait les poubelles. Tout \u00e7a est r\u00e9volu mais on va continuer de m\u00e9langer les genres\u2009\u00bb, assure-t-il.<\/p>\n<p>Votre r\u00e9gion, votre actu !<\/p>\n<p>Recevez chaque jour les infos qui comptent pour vous.<\/p>\n<p>\t<a href=\"https:\/\/actu.fr\/newsletter\" class=\"ac-btn ac-btn--corner ac-btn--medium ac-btn--blue800\" target=\"_blank\" rel=\"noopener\">S&rsquo;incrire<\/a><\/p>\n<p class=\" wall-content\">Avec AFP.<\/p>\n<p class=\" wall-content\">Personnalisez votre actualit\u00e9 en ajoutant vos villes et m\u00e9dias en favori avec <a href=\"https:\/\/moncompte.actu.fr\" title=\"D\u00e9couvez Mon Actu\" rel=\"nofollow noopener\" data-trk=\"{&quot;cta&quot;:{&quot;action&quot;:&quot;https:\\\/\\\/moncompte.actu.fr&quot;,&quot;category&quot;:&quot;mon compte&quot;,&quot;from&quot;:&quot;article footer&quot;,&quot;name&quot;:&quot;Mon actu&quot;,&quot;type&quot;:&quot;cta&quot;}}\" target=\"_blank\">Mon Actu<\/a>.<\/p>\n","protected":false},"excerpt":{"rendered":"Par R\u00e9daction Paris Publi\u00e9 le 8 d\u00e9c. 2025 \u00e0 8h31 Mick Jagger, Andy Warhol, Karl Lagerfeld ou Yves&hellip;\n","protected":false},"author":2,"featured_media":585958,"comment_status":"","ping_status":"","sticky":false,"template":"","format":"standard","meta":{"footnotes":""},"categories":[1888],"tags":[1111,1928,11,1927,1697,1777,674,1011,27,1652,12,1926,626,1925,25,853],"class_list":{"0":"post-585957","1":"post","2":"type-post","3":"status-publish","4":"format-standard","5":"has-post-thumbnail","7":"category-paris","8":"tag-actu","9":"tag-actu-paris","10":"tag-actualites","11":"tag-actualites-paris","12":"tag-concert","13":"tag-eu","14":"tag-europe","15":"tag-fr","16":"tag-france","17":"tag-loisirs-culture","18":"tag-news","19":"tag-news-paris","20":"tag-paris","21":"tag-paris-news","22":"tag-republique-francaise","23":"tag-spectacles"},"share_on_mastodon":{"url":"https:\/\/pubeurope.com\/@fr\/115683054404731234","error":""},"_links":{"self":[{"href":"https:\/\/www.europesays.com\/fr\/wp-json\/wp\/v2\/posts\/585957","targetHints":{"allow":["GET"]}}],"collection":[{"href":"https:\/\/www.europesays.com\/fr\/wp-json\/wp\/v2\/posts"}],"about":[{"href":"https:\/\/www.europesays.com\/fr\/wp-json\/wp\/v2\/types\/post"}],"author":[{"embeddable":true,"href":"https:\/\/www.europesays.com\/fr\/wp-json\/wp\/v2\/users\/2"}],"replies":[{"embeddable":true,"href":"https:\/\/www.europesays.com\/fr\/wp-json\/wp\/v2\/comments?post=585957"}],"version-history":[{"count":0,"href":"https:\/\/www.europesays.com\/fr\/wp-json\/wp\/v2\/posts\/585957\/revisions"}],"wp:featuredmedia":[{"embeddable":true,"href":"https:\/\/www.europesays.com\/fr\/wp-json\/wp\/v2\/media\/585958"}],"wp:attachment":[{"href":"https:\/\/www.europesays.com\/fr\/wp-json\/wp\/v2\/media?parent=585957"}],"wp:term":[{"taxonomy":"category","embeddable":true,"href":"https:\/\/www.europesays.com\/fr\/wp-json\/wp\/v2\/categories?post=585957"},{"taxonomy":"post_tag","embeddable":true,"href":"https:\/\/www.europesays.com\/fr\/wp-json\/wp\/v2\/tags?post=585957"}],"curies":[{"name":"wp","href":"https:\/\/api.w.org\/{rel}","templated":true}]}}