{"id":585961,"date":"2025-12-08T08:42:16","date_gmt":"2025-12-08T08:42:16","guid":{"rendered":"https:\/\/www.europesays.com\/fr\/585961\/"},"modified":"2025-12-08T08:42:16","modified_gmt":"2025-12-08T08:42:16","slug":"cap-sur-noel-au-maif-social-club","status":"publish","type":"post","link":"https:\/\/www.europesays.com\/fr\/585961\/","title":{"rendered":"Cap sur No\u00ebl au MAIF Social Club !"},"content":{"rendered":"<p data-start=\"38\" data-end=\"412\"><strong>Le vendredi 12 et le samedi 13 d\u00e9cembre, le MAIF Social Club transforme son espace du Marais en march\u00e9 de No\u00ebl engag\u00e9, accessible librement et gratuitement. Pendant deux jours, on vient y faire ses cadeaux, d\u00e9couvrir des marques responsables, visiter l\u2019exposition \u00ab Voir la mer \u00bb et profiter d\u2019une ambiance de f\u00eates sans tomber dans la surconsommation. Une parenth\u00e8se de fin d\u2019ann\u00e9e qui parle autant d\u2019oc\u00e9an que de cadeaux.<\/strong><\/p>\n<p>Un march\u00e9 de no\u00ebl tourn\u00e9 vers l\u2019oc\u00e9an<\/p>\n<p data-start=\"458\" data-end=\"752\">Cette \u00e9dition du march\u00e9 de No\u00ebl s\u2019inscrit dans la continuit\u00e9 de l\u2019exposition \u00ab Voir la mer \u00bb, pr\u00e9sent\u00e9e au MAIF Social Club. Quatorze artistes y interrogent notre rapport \u00e0 l\u2019oc\u00e9an : beaut\u00e9 des paysages marins, mais aussi r\u00e9chauffement climatique, surp\u00eache, pollution, \u00e9cosyst\u00e8mes fragilis\u00e9s.<\/p>\n<p data-start=\"754\" data-end=\"1193\">Le march\u00e9 reprend ce fil conducteur et le d\u00e9cline dans les achats de fin d\u2019ann\u00e9e : comment offrir autrement, en soutenant des d\u00e9marches durables, des circuits courts et des projets \u00e0 taille humaine ? La sc\u00e9nographie, imagin\u00e9e par l\u2019atelier LR (L\u00e9a Roussy), prolonge cette immersion : mat\u00e9riaux de seconde main, nuances de bleu et d\u2019argent, coquillages et bancs de poissons en plastique recycl\u00e9 remplacent les d\u00e9corations traditionnelles.<\/p>\n<p>Des cadeaux responsables pour toute la famille !<img loading=\"lazy\" data-lazyloaded=\"1\" decoding=\"async\" aria-describedby=\"caption-attachment-115790\" class=\"wp-image-115790 size-medium\" src=\"https:\/\/www.europesays.com\/fr\/wp-content\/uploads\/2025\/12\/MAIF008544_020_JLC8059-214x300.jpg\" alt=\"\" width=\"214\" height=\"300\"  data-\/><\/p>\n<p id=\"caption-attachment-115790\" class=\"wp-caption-text\">Jean-Louis Carli \/ MAIF<\/p>\n<p data-start=\"1387\" data-end=\"1539\">C\u00f4t\u00e9 stands, la s\u00e9lection fait la part belle aux marques engag\u00e9es, avec une offre large : \u00e9picerie, boissons, bien-\u00eatre, maison, livres, jeux, bijoux\u2026<\/p>\n<p data-start=\"1541\" data-end=\"1591\">Pour la table, on pourra par exemple d\u00e9couvrir :<\/p>\n<ul data-start=\"1592\" data-end=\"2096\">\n<li data-start=\"1592\" data-end=\"1706\">\n<p data-start=\"1594\" data-end=\"1706\"><strong data-start=\"1594\" data-end=\"1607\">INFUSE ME<\/strong>, qui r\u00e9invente le cocktail avec des infusions 100 % naturelles, \u00e0 d\u00e9cliner avec ou sans alcool ;<\/p>\n<\/li>\n<li data-start=\"1707\" data-end=\"1816\">\n<p data-start=\"1709\" data-end=\"1816\"><strong data-start=\"1709\" data-end=\"1718\">OLATU<\/strong> et <strong data-start=\"1722\" data-end=\"1730\">Adio<\/strong>, jus, sauces et condiments imagin\u00e9s au Pays basque, \u00e0 partir d\u2019ingr\u00e9dients locaux ;<\/p>\n<\/li>\n<li data-start=\"1817\" data-end=\"1921\">\n<p data-start=\"1819\" data-end=\"1921\"><strong data-start=\"1819\" data-end=\"1838\">Pirate Cannerie<\/strong>, micro-conserverie basque qui travaille des poissons issus d\u2019une p\u00eache durable ;<\/p>\n<\/li>\n<li data-start=\"1922\" data-end=\"1989\">\n<p data-start=\"1924\" data-end=\"1989\"><strong data-start=\"1924\" data-end=\"1934\">Ancr\u00e9e<\/strong>, et son \u201ccaviar v\u00e9g\u00e9tal\u201d fabriqu\u00e9 en \u00cele-de-France ;<\/p>\n<\/li>\n<li data-start=\"1990\" data-end=\"2096\">\n<p data-start=\"1992\" data-end=\"2096\"><strong data-start=\"1992\" data-end=\"2004\">FURIFURI<\/strong>, condiments \u00e0 base de s\u00e9same et d\u2019algues bretonnes, alternative ludique au sel classique.<\/p>\n<\/li>\n<\/ul>\n<p data-start=\"2098\" data-end=\"2132\">Pour le bien-\u00eatre et la maison :<\/p>\n<ul data-start=\"2133\" data-end=\"2570\">\n<li data-start=\"2133\" data-end=\"2193\">\n<p data-start=\"2135\" data-end=\"2193\"><strong data-start=\"2135\" data-end=\"2147\">Yogasana<\/strong> et ses jeux de cartes de yoga accessibles ;<\/p>\n<\/li>\n<li data-start=\"2194\" data-end=\"2274\">\n<p data-start=\"2196\" data-end=\"2274\"><strong data-start=\"2196\" data-end=\"2207\">Papills<\/strong>, compl\u00e9ments alimentaires vegan \u00e0 laisser fondre sur la langue ;<\/p>\n<\/li>\n<li data-start=\"2275\" data-end=\"2337\">\n<p data-start=\"2277\" data-end=\"2337\"><strong data-start=\"2277\" data-end=\"2301\">Huit avril c\u00e9ramique<\/strong>, pi\u00e8ces faites main en Provence ;<\/p>\n<\/li>\n<li data-start=\"2338\" data-end=\"2415\">\n<p data-start=\"2340\" data-end=\"2415\"><strong data-start=\"2340\" data-end=\"2361\">Les Verts moutons<\/strong>, solutions z\u00e9ro d\u00e9chet \u00e0 base de micro-organismes ;<\/p>\n<\/li>\n<li data-start=\"2416\" data-end=\"2490\">\n<p data-start=\"2418\" data-end=\"2490\"><strong data-start=\"2418\" data-end=\"2430\">ATLANTIK<\/strong>, cosm\u00e9tiques naturels aux actifs marins de l\u2019Atlantique ;<\/p>\n<\/li>\n<li data-start=\"2491\" data-end=\"2570\">\n<p data-start=\"2493\" data-end=\"2570\"><strong data-start=\"2493\" data-end=\"2501\">NOWA<\/strong>, une \u201cdouche sans eau\u201d pratique pour le sport ou les d\u00e9placements.<\/p>\n<\/li>\n<\/ul>\n<p data-start=\"2572\" data-end=\"2610\">C\u00f4t\u00e9 culture et petites attentions :<\/p>\n<ul data-start=\"2611\" data-end=\"2801\">\n<li data-start=\"2611\" data-end=\"2665\">\n<p data-start=\"2613\" data-end=\"2665\"><strong data-start=\"2613\" data-end=\"2633\">La t\u00eate ailleurs<\/strong>, albums jeunesse \u00e9co-con\u00e7us ;<\/p>\n<\/li>\n<li data-start=\"2666\" data-end=\"2746\">\n<p data-start=\"2668\" data-end=\"2746\"><strong data-start=\"2668\" data-end=\"2688\">Voyager en train<\/strong>, guides pour privil\u00e9gier le rail aux trajets en avion ;<\/p>\n<\/li>\n<li data-start=\"2747\" data-end=\"2801\">\n<p data-start=\"2749\" data-end=\"2801\"><strong data-start=\"2749\" data-end=\"2763\">Mamy Grand<\/strong>, bijoux color\u00e9s r\u00e9alis\u00e9s \u00e0 la main.<\/p>\n<\/li>\n<\/ul>\n<p data-start=\"2803\" data-end=\"2978\">Sur place, le caf\u00e9 tenu par <strong data-start=\"2831\" data-end=\"2851\">SAIN Boulangerie<\/strong> compl\u00e8te l\u2019ensemble avec boissons chaudes, biscuits et douceurs de No\u00ebl, histoire de faire une pause entre deux d\u00e9couvertes.<\/p>\n<p>Un lieu culturel \u00e0 vivre, pas seulement un march\u00e9\u2026<\/p>\n<p data-start=\"3036\" data-end=\"3302\">Au-del\u00e0 des stands, le march\u00e9 de No\u00ebl s\u2019int\u00e8gre dans la vie du lieu. Le MAIF Social Club, c\u2019est \u00e0 la fois une exposition, un caf\u00e9, une boutique, des spectacles, des d\u00e9bats, des ateliers\u2026 L\u2019entr\u00e9e est libre, tout comme l\u2019acc\u00e8s \u00e0 l\u2019exposition \u00ab Voir la mer \u00bb pendant l\u2019\u00e9v\u00e9nement.<\/p>\n<dl class=\"gallery-item\">\n<dt class=\"gallery-icon portrait\">\n<a href=\"https:\/\/vivreparis.fr\/cap-sur-noel-au-maif-social-club\/capture-decran-2025-12-04-a-08-22-32\/\" target=\"_blank\" rel=\"noopener\"><img loading=\"lazy\" data-lazyloaded=\"1\" decoding=\"async\" width=\"244\" height=\"300\" src=\"https:\/\/www.europesays.com\/fr\/wp-content\/uploads\/2025\/12\/Capture-decran-2025-12-04-a-08.22.32-244x300.webp.webp\" class=\"attachment-medium size-medium\" alt=\"\" aria-describedby=\"gallery-1-115787\"  data-\/><\/a><\/dt>\n<dd class=\"wp-caption-text gallery-caption\" id=\"gallery-1-115787\">\nJean-Louis Carli \/ MAIF<\/dd>\n<\/dl>\n<dl class=\"gallery-item\">\n<dt class=\"gallery-icon portrait\">\n<a href=\"https:\/\/vivreparis.fr\/cap-sur-noel-au-maif-social-club\/capture-decran-2025-12-04-a-08-22-24\/\" target=\"_blank\" rel=\"noopener\"><img data-lazyloaded=\"1\" loading=\"lazy\" decoding=\"async\" width=\"244\" height=\"300\" src=\"https:\/\/www.europesays.com\/fr\/wp-content\/uploads\/2025\/12\/Capture-decran-2025-12-04-a-08.22.24-244x300.webp.webp\" class=\"attachment-medium size-medium\" alt=\"\" aria-describedby=\"gallery-1-115786\"  data-\/><\/a><\/dt>\n<dd class=\"wp-caption-text gallery-caption\" id=\"gallery-1-115786\">\nJean-Louis Carli \/ MAIF<\/dd>\n<\/dl>\n<dl class=\"gallery-item\">\n<dt class=\"gallery-icon portrait\">\n<a href=\"https:\/\/vivreparis.fr\/cap-sur-noel-au-maif-social-club\/capture-decran-2025-12-04-a-08-21-58\/\" target=\"_blank\" rel=\"noopener\"><img data-lazyloaded=\"1\" loading=\"lazy\" decoding=\"async\" width=\"244\" height=\"300\" src=\"https:\/\/www.europesays.com\/fr\/wp-content\/uploads\/2025\/12\/Capture-decran-2025-12-04-a-08.21.58-244x300.webp.webp\" class=\"attachment-medium size-medium\" alt=\"\" aria-describedby=\"gallery-1-115785\"  data-\/><\/a><\/dt>\n<dd class=\"wp-caption-text gallery-caption\" id=\"gallery-1-115785\">\nJean-Louis Carli \/ MAIF<\/dd>\n<\/dl>\n<p><br style=\"clear: both\"\/><\/p>\n<p data-start=\"3304\" data-end=\"3708\">Pour rythmer ces deux jours, la compagnie <strong data-start=\"3346\" data-end=\"3366\">Entre 2 Souffles<\/strong> propose une d\u00e9ambulation dans\u00e9e accompagn\u00e9e au saxophone. Les danseurs et danseuses traversent le public et les espaces, cr\u00e9ant un lien entre l\u2019exposition, le march\u00e9 et le caf\u00e9. On est moins dans un simple \u201cmarch\u00e9 de No\u00ebl\u201d que dans un lieu de vie o\u00f9 l\u2019on circule, on s\u2019arr\u00eate, on discute et on repart avec autre chose qu\u2019un sac de cadeaux.<\/p>\n<p><img data-lazyloaded=\"1\" loading=\"lazy\" decoding=\"async\" aria-describedby=\"caption-attachment-115789\" class=\"wp-image-115789 size-large\" src=\"https:\/\/www.europesays.com\/fr\/wp-content\/uploads\/2025\/12\/image00002-1024x698.webp.webp\" alt=\"\" width=\"740\" height=\"504\"  data-\/><\/p>\n<p id=\"caption-attachment-115789\" class=\"wp-caption-text\">Vincent Levy<\/p>\n<p data-start=\"3710\" data-end=\"3949\">Et pour celles et ceux qui ne seront pas disponibles ce week-end-l\u00e0, une partie de la s\u00e9lection d\u2019id\u00e9es cadeaux de No\u00ebl reste accessible via la boutique du MAIF Social Club et <a href=\"https:\/\/store.maifsocialclub.fr\/116-noel-\" target=\"_blank\" rel=\"noopener\">sa boutique en ligne !\u00a0<\/a><\/p>\n<p>Infos pratiques<\/p>\n<ul data-start=\"3973\" data-end=\"4349\">\n<li data-start=\"3973\" data-end=\"4085\">\n<p data-start=\"3975\" data-end=\"3988\"><strong data-start=\"3975\" data-end=\"3984\">Dates<\/strong> :<\/p>\n<ul data-start=\"3991\" data-end=\"4085\">\n<li data-start=\"3991\" data-end=\"4039\">\n<p data-start=\"3993\" data-end=\"4039\">vendredi 12 d\u00e9cembre 2025, de 14 h \u00e0 20 h 30<\/p>\n<\/li>\n<li data-start=\"4042\" data-end=\"4085\">\n<p data-start=\"4044\" data-end=\"4085\">samedi 13 d\u00e9cembre 2025, de 10 h \u00e0 19 h<\/p>\n<\/li>\n<\/ul>\n<\/li>\n<li data-start=\"4086\" data-end=\"4149\">\n<p data-start=\"4088\" data-end=\"4149\"><strong data-start=\"4088\" data-end=\"4096\">Lieu<\/strong> : MAIF Social Club, 37 rue de Turenne, 75003 Paris<\/p>\n<\/li>\n<li data-start=\"4150\" data-end=\"4240\">\n<p data-start=\"4152\" data-end=\"4240\"><strong data-start=\"4152\" data-end=\"4161\">Acc\u00e8s<\/strong> : entr\u00e9e libre et gratuite (derni\u00e8res entr\u00e9es 30 minutes avant la fermeture)<\/p>\n<\/li>\n<\/ul>\n<p data-start=\"4351\" data-end=\"4495\" data-is-last-node=\"\" data-is-only-node=\"\">De quoi faire ses cadeaux de No\u00ebl \u00e0 Paris autrement, en m\u00ealant balade culturelle, d\u00e9couvertes engag\u00e9es et atmosph\u00e8re de f\u00eates au c\u0153ur du Marais.<\/p>\n","protected":false},"excerpt":{"rendered":"Le vendredi 12 et le samedi 13 d\u00e9cembre, le MAIF Social Club transforme son espace du Marais en&hellip;\n","protected":false},"author":2,"featured_media":585962,"comment_status":"","ping_status":"","sticky":false,"template":"","format":"standard","meta":{"footnotes":""},"categories":[1888],"tags":[11,1777,674,1011,27,69939,36053,12,626,25],"class_list":{"0":"post-585961","1":"post","2":"type-post","3":"status-publish","4":"format-standard","5":"has-post-thumbnail","7":"category-paris","8":"tag-actualites","9":"tag-eu","10":"tag-europe","11":"tag-fr","12":"tag-france","13":"tag-maif-social-club","14":"tag-marche-de-noel","15":"tag-news","16":"tag-paris","17":"tag-republique-francaise"},"share_on_mastodon":{"url":"https:\/\/pubeurope.com\/@fr\/115683063438619642","error":""},"_links":{"self":[{"href":"https:\/\/www.europesays.com\/fr\/wp-json\/wp\/v2\/posts\/585961","targetHints":{"allow":["GET"]}}],"collection":[{"href":"https:\/\/www.europesays.com\/fr\/wp-json\/wp\/v2\/posts"}],"about":[{"href":"https:\/\/www.europesays.com\/fr\/wp-json\/wp\/v2\/types\/post"}],"author":[{"embeddable":true,"href":"https:\/\/www.europesays.com\/fr\/wp-json\/wp\/v2\/users\/2"}],"replies":[{"embeddable":true,"href":"https:\/\/www.europesays.com\/fr\/wp-json\/wp\/v2\/comments?post=585961"}],"version-history":[{"count":0,"href":"https:\/\/www.europesays.com\/fr\/wp-json\/wp\/v2\/posts\/585961\/revisions"}],"wp:featuredmedia":[{"embeddable":true,"href":"https:\/\/www.europesays.com\/fr\/wp-json\/wp\/v2\/media\/585962"}],"wp:attachment":[{"href":"https:\/\/www.europesays.com\/fr\/wp-json\/wp\/v2\/media?parent=585961"}],"wp:term":[{"taxonomy":"category","embeddable":true,"href":"https:\/\/www.europesays.com\/fr\/wp-json\/wp\/v2\/categories?post=585961"},{"taxonomy":"post_tag","embeddable":true,"href":"https:\/\/www.europesays.com\/fr\/wp-json\/wp\/v2\/tags?post=585961"}],"curies":[{"name":"wp","href":"https:\/\/api.w.org\/{rel}","templated":true}]}}