{"id":585965,"date":"2025-12-08T08:47:12","date_gmt":"2025-12-08T08:47:12","guid":{"rendered":"https:\/\/www.europesays.com\/fr\/585965\/"},"modified":"2025-12-08T08:47:12","modified_gmt":"2025-12-08T08:47:12","slug":"au-niger-la-piste-russe-se-precise-derriere-un-mysterieux-convoi-duranium","status":"publish","type":"post","link":"https:\/\/www.europesays.com\/fr\/585965\/","title":{"rendered":"Au Niger, la piste russe se pr\u00e9cise derri\u00e8re un myst\u00e9rieux convoi d\u2019uranium"},"content":{"rendered":"<p>Qui a achet\u00e9 le stock d\u2019uranium en d\u00e9sh\u00e9rence depuis des mois dans le nord-ouest du Niger\u00a0? Un myst\u00e9rieux convoi transportant 1\u00a0000 tonnes de ce minerai ultrasensible est r\u00e9cemment parti d\u2019Arlit, o\u00f9 il est extrait, notent plusieurs m\u00e9dias. Direction\u00a0: le port de Lom\u00e9, au Togo, via le Burkina Faso, \u00e0 environ 2\u00a0000\u00a0km de l\u00e0. L\u2019identit\u00e9 de l\u2019acheteur est rest\u00e9e secr\u00e8te \u00e0 ce jour. \u00ab\u00a0Le passage d\u2019un tel volume dans un corridor non s\u00e9curis\u00e9 expose \u00e0 des risques majeurs de d\u00e9tournement\u00a0\u00bb, a alert\u00e9 le groupe Orano (anciennement Areva), ex-actionnaire majoritaire de la Soci\u00e9t\u00e9 des mines de l\u2019A\u00efr (Soma\u00efr), sa filiale locale qui a exploit\u00e9 le site durant des d\u00e9cennies. La mine a \u00e9t\u00e9 <a href=\"https:\/\/www.la-croix.com\/economie\/nucleaire-une-filiale-du-geant-francais-de-l-uranium-orano-nationalisee-par-le-niger-20250620\" data-tracking=\"inpage_click\" data-tracking-action=\"lire un article\" data-tracking-category=\"recirculation\" target=\"_blank\" rel=\"noopener\">nationalis\u00e9e par le Niger pr\u00e8s de deux ans apr\u00e8s le coup d\u2019\u00c9tat de 2023<\/a>.<\/p>\n<p>Cet article est r\u00e9serv\u00e9 aux abonn\u00e9s<\/p>\n<p>\n                    Vous souhaitez lire la suite\u00a0? Abonnez-vous sans engagement \u00e0 notre offre num\u00e9rique\n                <\/p>\n<p>                <a href=\"https:\/\/www.la-croix.com\/abonnement\" class=\"default-paywall__subscribe-button\" data-tracking=\"cta_click\" data-tracking-action=\"voir la page abonnement\" data-tracking-category=\"abonnement\" target=\"_blank\" rel=\"noopener\">Je m&rsquo;abonne<\/a><\/p>\n","protected":false},"excerpt":{"rendered":"Qui a achet\u00e9 le stock d\u2019uranium en d\u00e9sh\u00e9rence depuis des mois dans le nord-ouest du Niger\u00a0? Un myst\u00e9rieux&hellip;\n","protected":false},"author":2,"featured_media":585966,"comment_status":"","ping_status":"","sticky":false,"template":"","format":"standard","meta":{"footnotes":""},"categories":[1591],"tags":[11,1887,12,1885,1886,132],"class_list":{"0":"post-585965","1":"post","2":"type-post","3":"status-publish","4":"format-standard","5":"has-post-thumbnail","7":"category-russie","8":"tag-actualites","9":"tag-federation-de-russie","10":"tag-news","11":"tag-russia","12":"tag-russian-federation","13":"tag-russie"},"share_on_mastodon":{"url":"https:\/\/pubeurope.com\/@fr\/115683081960204218","error":""},"_links":{"self":[{"href":"https:\/\/www.europesays.com\/fr\/wp-json\/wp\/v2\/posts\/585965","targetHints":{"allow":["GET"]}}],"collection":[{"href":"https:\/\/www.europesays.com\/fr\/wp-json\/wp\/v2\/posts"}],"about":[{"href":"https:\/\/www.europesays.com\/fr\/wp-json\/wp\/v2\/types\/post"}],"author":[{"embeddable":true,"href":"https:\/\/www.europesays.com\/fr\/wp-json\/wp\/v2\/users\/2"}],"replies":[{"embeddable":true,"href":"https:\/\/www.europesays.com\/fr\/wp-json\/wp\/v2\/comments?post=585965"}],"version-history":[{"count":0,"href":"https:\/\/www.europesays.com\/fr\/wp-json\/wp\/v2\/posts\/585965\/revisions"}],"wp:featuredmedia":[{"embeddable":true,"href":"https:\/\/www.europesays.com\/fr\/wp-json\/wp\/v2\/media\/585966"}],"wp:attachment":[{"href":"https:\/\/www.europesays.com\/fr\/wp-json\/wp\/v2\/media?parent=585965"}],"wp:term":[{"taxonomy":"category","embeddable":true,"href":"https:\/\/www.europesays.com\/fr\/wp-json\/wp\/v2\/categories?post=585965"},{"taxonomy":"post_tag","embeddable":true,"href":"https:\/\/www.europesays.com\/fr\/wp-json\/wp\/v2\/tags?post=585965"}],"curies":[{"name":"wp","href":"https:\/\/api.w.org\/{rel}","templated":true}]}}