{"id":585971,"date":"2025-12-08T08:50:15","date_gmt":"2025-12-08T08:50:15","guid":{"rendered":"https:\/\/www.europesays.com\/fr\/585971\/"},"modified":"2025-12-08T08:50:15","modified_gmt":"2025-12-08T08:50:15","slug":"totalenergies-fusionne-ses-activites-britanniques-avec-neo-next","status":"publish","type":"post","link":"https:\/\/www.europesays.com\/fr\/585971\/","title":{"rendered":"TotalEnergies fusionne ses activit\u00e9s britanniques avec NEO NEXT"},"content":{"rendered":"<p class=\"upper-letter\">8 d\u00e9cembre (Reuters) &#8211;     TotalEnergies a annonc\u00e9 lundi que ses activit\u00e9s au Royaume-Uni seront fusionn\u00e9es avec NEO NEXT et que l&rsquo;entit\u00e9 \u00e9largie, dont le groupe gazier et p\u00e9trolier fran\u00e7ais sera l&rsquo;actionnaire \u00e0 47,5%, sera renomm\u00e9 NEO NEXT+.<\/p>\n<p>HitecVision et Repsol UK d\u00e9tiendront respectivement 28,875% et 23,625% dans NEO NEXT+, pr\u00e9cise un communiqu\u00e9.<\/p>\n<p>NEO NEXT+ aura une production sup\u00e9rieure \u00e0 250.000 barils \u00e9quivalent p\u00e9trole par jour en 2026, estime TotalEnergies.<\/p>\n<p> (R\u00e9dig\u00e9 par Etienne Breban, \u00e9dit\u00e9 par Blandine H\u00e9nault)<\/p>\n","protected":false},"excerpt":{"rendered":"8 d\u00e9cembre (Reuters) &#8211; TotalEnergies a annonc\u00e9 lundi que ses activit\u00e9s au Royaume-Uni seront fusionn\u00e9es avec NEO NEXT&hellip;\n","protected":false},"author":2,"featured_media":585972,"comment_status":"","ping_status":"","sticky":false,"template":"","format":"standard","meta":{"footnotes":""},"categories":[1588],"tags":[11,1777,674,12,473,1853,1851,1850,1852],"class_list":{"0":"post-585971","1":"post","2":"type-post","3":"status-publish","4":"format-standard","5":"has-post-thumbnail","7":"category-royaume-uni","8":"tag-actualites","9":"tag-eu","10":"tag-europe","11":"tag-news","12":"tag-royaume-uni","13":"tag-royaume-uni-de-grande-bretagne-et-dirlande-du-nord","14":"tag-uk","15":"tag-united-kingdom","16":"tag-united-kingdom-of-great-britain-and-northern-ireland"},"share_on_mastodon":{"url":"","error":""},"_links":{"self":[{"href":"https:\/\/www.europesays.com\/fr\/wp-json\/wp\/v2\/posts\/585971","targetHints":{"allow":["GET"]}}],"collection":[{"href":"https:\/\/www.europesays.com\/fr\/wp-json\/wp\/v2\/posts"}],"about":[{"href":"https:\/\/www.europesays.com\/fr\/wp-json\/wp\/v2\/types\/post"}],"author":[{"embeddable":true,"href":"https:\/\/www.europesays.com\/fr\/wp-json\/wp\/v2\/users\/2"}],"replies":[{"embeddable":true,"href":"https:\/\/www.europesays.com\/fr\/wp-json\/wp\/v2\/comments?post=585971"}],"version-history":[{"count":0,"href":"https:\/\/www.europesays.com\/fr\/wp-json\/wp\/v2\/posts\/585971\/revisions"}],"wp:featuredmedia":[{"embeddable":true,"href":"https:\/\/www.europesays.com\/fr\/wp-json\/wp\/v2\/media\/585972"}],"wp:attachment":[{"href":"https:\/\/www.europesays.com\/fr\/wp-json\/wp\/v2\/media?parent=585971"}],"wp:term":[{"taxonomy":"category","embeddable":true,"href":"https:\/\/www.europesays.com\/fr\/wp-json\/wp\/v2\/categories?post=585971"},{"taxonomy":"post_tag","embeddable":true,"href":"https:\/\/www.europesays.com\/fr\/wp-json\/wp\/v2\/tags?post=585971"}],"curies":[{"name":"wp","href":"https:\/\/api.w.org\/{rel}","templated":true}]}}