{"id":585973,"date":"2025-12-08T08:51:17","date_gmt":"2025-12-08T08:51:17","guid":{"rendered":"https:\/\/www.europesays.com\/fr\/585973\/"},"modified":"2025-12-08T08:51:17","modified_gmt":"2025-12-08T08:51:17","slug":"la-production-industrielle-augmente-plus-que-prevu-en-octobre","status":"publish","type":"post","link":"https:\/\/www.europesays.com\/fr\/585973\/","title":{"rendered":"La production industrielle augmente plus que pr\u00e9vu en octobre"},"content":{"rendered":"<p class=\"upper-letter\">8 d\u00e9cembre (Reuters) &#8211;     La production industrielle allemande a augment\u00e9 de 1,8% en octobre par rapport au mois pr\u00e9c\u00e9dent, plus que pr\u00e9vu, a annonc\u00e9 lundi l&rsquo;Office f\u00e9d\u00e9ral de la statistique.<\/p>\n<p>Les analystes interrog\u00e9s par Reuters avaient pr\u00e9vu une hausse de 0,4% de la production industrielle allemande, apr\u00e8s +1,1% (r\u00e9vis\u00e9 de +1,3%) en septembre.<\/p>\n<p> (R\u00e9dig\u00e9 par Etienne Breban, \u00e9dit\u00e9 par Blandine H\u00e9nault)<\/p>\n","protected":false},"excerpt":{"rendered":"8 d\u00e9cembre (Reuters) &#8211; La production industrielle allemande a augment\u00e9 de 1,8% en octobre par rapport au mois&hellip;\n","protected":false},"author":2,"featured_media":585974,"comment_status":"","ping_status":"","sticky":false,"template":"","format":"standard","meta":{"footnotes":""},"categories":[1587],"tags":[11,672,1804,1805,1803,1777,674,1801,12,1802],"class_list":{"0":"post-585973","1":"post","2":"type-post","3":"status-publish","4":"format-standard","5":"has-post-thumbnail","7":"category-allemagne","8":"tag-actualites","9":"tag-allemagne","10":"tag-bundesrepublik-deutschland","11":"tag-de","12":"tag-deutschland","13":"tag-eu","14":"tag-europe","15":"tag-germany","16":"tag-news","17":"tag-republique-federale-dallemagne"},"share_on_mastodon":{"url":"https:\/\/pubeurope.com\/@fr\/115683097702695295","error":""},"_links":{"self":[{"href":"https:\/\/www.europesays.com\/fr\/wp-json\/wp\/v2\/posts\/585973","targetHints":{"allow":["GET"]}}],"collection":[{"href":"https:\/\/www.europesays.com\/fr\/wp-json\/wp\/v2\/posts"}],"about":[{"href":"https:\/\/www.europesays.com\/fr\/wp-json\/wp\/v2\/types\/post"}],"author":[{"embeddable":true,"href":"https:\/\/www.europesays.com\/fr\/wp-json\/wp\/v2\/users\/2"}],"replies":[{"embeddable":true,"href":"https:\/\/www.europesays.com\/fr\/wp-json\/wp\/v2\/comments?post=585973"}],"version-history":[{"count":0,"href":"https:\/\/www.europesays.com\/fr\/wp-json\/wp\/v2\/posts\/585973\/revisions"}],"wp:featuredmedia":[{"embeddable":true,"href":"https:\/\/www.europesays.com\/fr\/wp-json\/wp\/v2\/media\/585974"}],"wp:attachment":[{"href":"https:\/\/www.europesays.com\/fr\/wp-json\/wp\/v2\/media?parent=585973"}],"wp:term":[{"taxonomy":"category","embeddable":true,"href":"https:\/\/www.europesays.com\/fr\/wp-json\/wp\/v2\/categories?post=585973"},{"taxonomy":"post_tag","embeddable":true,"href":"https:\/\/www.europesays.com\/fr\/wp-json\/wp\/v2\/tags?post=585973"}],"curies":[{"name":"wp","href":"https:\/\/api.w.org\/{rel}","templated":true}]}}