{"id":585975,"date":"2025-12-08T08:52:14","date_gmt":"2025-12-08T08:52:14","guid":{"rendered":"https:\/\/www.europesays.com\/fr\/585975\/"},"modified":"2025-12-08T08:52:14","modified_gmt":"2025-12-08T08:52:14","slug":"lancien-patron-de-stellantis-prophetise-un-avenir-sombre-pour-lautomobile-europeenne","status":"publish","type":"post","link":"https:\/\/www.europesays.com\/fr\/585975\/","title":{"rendered":"l&rsquo;ancien patron de Stellantis proph\u00e9tise un avenir sombre pour l&rsquo;automobile europ\u00e9enne"},"content":{"rendered":"<p itemprop=\"description\">L&rsquo;ancien patron de Stellantis, Carlos<br \/>\nTavares, tire la sonnette d&rsquo;alarme : d&rsquo;ici cinq ans, les<br \/>\nconstructeurs chinois pourraient contr\u00f4ler 10 % du march\u00e9 europ\u00e9en,<br \/>\nprovoquant la fermeture de jusqu&rsquo;\u00e0 dix usines en Europe.<\/p>\n<p>Carlos Tavares n\u00a0\u00bba jamais vraiment m\u00e2ch\u00e9 ses mots, et c&rsquo;est<br \/>\nencore plus vrai depuis qu&rsquo;il n&rsquo;est plus le patron de Stellantis.<br \/>\nLors d&rsquo;une conf\u00e9rence \u00e9conomique organis\u00e9e \u00e0 Santa Maria da Feira,<br \/>\nau Portugal, l&rsquo;ex-dirigeant a dress\u00e9 <strong>un tableau<br \/>\nparticuli\u00e8rement pessimiste de l&rsquo;avenir de l&rsquo;industrie automobile<br \/>\neurop\u00e9enne<\/strong>. Selon le Portugais, les choix politiques<br \/>\neffectu\u00e9s par l&rsquo;Europe ces derni\u00e8res ann\u00e9es sont \u00ab\u00a0une erreur<br \/>\nmonumentale dont les cons\u00e9quences se feront sentir dans un avenir<br \/>\nproche\u00a0\u00bb.<\/p>\n<p>Sa pr\u00e9diction est gla\u00e7ante : \u00ab\u00a0Quand \u00e9clateront les<br \/>\nmanifestations et que les pneus br\u00fbleront, les gouvernements<br \/>\ninviteront les Chinois \u00e0 s&#8217;emparer des usines pour une valeur<br \/>\nsymbolique.\u00a0\u00bb Un sc\u00e9nario catastrophe qui pourrait bien se<br \/>\nconcr\u00e9tiser si rien ne change, affirme celui qui vient d&rsquo;\u00eatre<br \/>\nremplac\u00e9 \u00e0 la t\u00eate de Stellantis par <a href=\"https:\/\/www.autoplus.fr\/actualite\/antonio-filosa-quelles-attentes-pour-le-successeur-de-carlos-tavares-a-la-tete-de-stellantis-1399806.html\" target=\"_blank\" rel=\"noopener\"><br \/>\nAntonio Filosa<\/a>.<\/p>\n<p>Une strat\u00e9gie europ\u00e9enne jug\u00e9e \u00ab\u00a0d\u00e9sastreuse\u00a0\u00bb<\/p>\n<p>Pour <a href=\"https:\/\/www.autojournal.fr\/actu\/carlos-tavares-critique-automobile-2035-dogmatique-396058.html#item=1\" target=\"_blank\" rel=\"noopener\">Carlos Tavares<\/a>, l&rsquo;Europe a<br \/>\ncommis une faute grave en imposant \u00ab\u00a0une technologie unique au<br \/>\nsecteur automobile\u00a0\u00bb, plut\u00f4t que d&rsquo;\u00e9tablir des objectifs clairs<br \/>\ntout en laissant aux constructeurs la libert\u00e9 de les atteindre. Au<br \/>\nlieu d&rsquo;adopter des r\u00e9glementations technologiquement neutres<br \/>\nfavorisant la comp\u00e9tition des id\u00e9es, l&rsquo;Union europ\u00e9enne aurait<br \/>\nsuivi \u00ab\u00a0une ligne id\u00e9ologique qui a ouvert grand les portes aux<br \/>\nmarques chinoises\u00a0\u00bb.<\/p>\n<p>Ces derni\u00e8res, rappelle l&rsquo;ancien patron, \u00ab\u00a0travaillent sur<br \/>\nl&rsquo;\u00e9lectromobilit\u00e9 depuis vingt ans\u00a0\u00bb. R\u00e9sultat : elles<br \/>\nd\u00e9barquent sur le march\u00e9 europ\u00e9en au moment o\u00f9 celui-ci traverse sa<br \/>\np\u00e9riode la plus chaotique, parfaitement arm\u00e9es pour conqu\u00e9rir des<br \/>\nparts de march\u00e9 significatives.<\/p>\n<p>15 millions de v\u00e9hicules, dix usines menac\u00e9es<\/p>\n<p>Les chiffres avanc\u00e9s par Carlos Tavares parlent d&rsquo;eux-m\u00eames.<br \/>\nAvec environ 15 millions de v\u00e9hicules vendus annuellement dans<br \/>\nl&rsquo;Union europ\u00e9enne, une part de march\u00e9 chinoise de 10%<br \/>\nrepr\u00e9senterait <strong>1,5 million de voitures par an<\/strong>.<br \/>\n\u00ab\u00a0Cela \u00e9quivaut \u00e0 dix usines europ\u00e9ennes qui perdent leur raison<br \/>\nd&rsquo;\u00eatre\u00a0\u00bb, calcule-t-il froidement.<\/p>\n<p>Et la suite du sc\u00e9nario s&rsquo;\u00e9crit presque toute seule : <a href=\"https:\/\/www.autoplus.fr\/actualite\/cela-implique-des-fermetures-dusines-le-patron-de-ce-geant-de-lindustrie-auto-se-veut-alarmant-1381341.html\" target=\"_blank\" rel=\"noopener\"><br \/>\nfermetures d&rsquo;usines<\/a>, manifestations ouvri\u00e8res, tensions<br \/>\nsociales croissantes. Puis viendra, pr\u00e9dit Carlos Tavares,<br \/>\n\u00ab\u00a0l&rsquo;investisseur de P\u00e9kin, avec ses euros et ses promesses de<br \/>\nmaintien de l&#8217;emploi\u00a0\u00bb. Face \u00e0 la pression sociale, les<br \/>\ngouvernements europ\u00e9ens accepteront ces solutions qui m\u00ealeront<br \/>\ncapitaux \u00e9trangers et garanties pour les travailleurs, au nom de la<br \/>\nstabilit\u00e9 \u00e9conomique et sociale.<\/p>\n","protected":false},"excerpt":{"rendered":"L&rsquo;ancien patron de Stellantis, Carlos Tavares, tire la sonnette d&rsquo;alarme : d&rsquo;ici cinq ans, les constructeurs chinois pourraient&hellip;\n","protected":false},"author":2,"featured_media":585976,"comment_status":"","ping_status":"","sticky":false,"template":"","format":"standard","meta":{"footnotes":""},"categories":[1586],"tags":[11,1777,674,1011,27,1638,12,25],"class_list":{"0":"post-585975","1":"post","2":"type-post","3":"status-publish","4":"format-standard","5":"has-post-thumbnail","7":"category-europe","8":"tag-actualites","9":"tag-eu","10":"tag-europe","11":"tag-fr","12":"tag-france","13":"tag-has_diapo","14":"tag-news","15":"tag-republique-francaise"},"share_on_mastodon":{"url":"https:\/\/pubeurope.com\/@fr\/115683101702443631","error":""},"_links":{"self":[{"href":"https:\/\/www.europesays.com\/fr\/wp-json\/wp\/v2\/posts\/585975","targetHints":{"allow":["GET"]}}],"collection":[{"href":"https:\/\/www.europesays.com\/fr\/wp-json\/wp\/v2\/posts"}],"about":[{"href":"https:\/\/www.europesays.com\/fr\/wp-json\/wp\/v2\/types\/post"}],"author":[{"embeddable":true,"href":"https:\/\/www.europesays.com\/fr\/wp-json\/wp\/v2\/users\/2"}],"replies":[{"embeddable":true,"href":"https:\/\/www.europesays.com\/fr\/wp-json\/wp\/v2\/comments?post=585975"}],"version-history":[{"count":0,"href":"https:\/\/www.europesays.com\/fr\/wp-json\/wp\/v2\/posts\/585975\/revisions"}],"wp:featuredmedia":[{"embeddable":true,"href":"https:\/\/www.europesays.com\/fr\/wp-json\/wp\/v2\/media\/585976"}],"wp:attachment":[{"href":"https:\/\/www.europesays.com\/fr\/wp-json\/wp\/v2\/media?parent=585975"}],"wp:term":[{"taxonomy":"category","embeddable":true,"href":"https:\/\/www.europesays.com\/fr\/wp-json\/wp\/v2\/categories?post=585975"},{"taxonomy":"post_tag","embeddable":true,"href":"https:\/\/www.europesays.com\/fr\/wp-json\/wp\/v2\/tags?post=585975"}],"curies":[{"name":"wp","href":"https:\/\/api.w.org\/{rel}","templated":true}]}}