{"id":585977,"date":"2025-12-08T08:53:14","date_gmt":"2025-12-08T08:53:14","guid":{"rendered":"https:\/\/www.europesays.com\/fr\/585977\/"},"modified":"2025-12-08T08:53:14","modified_gmt":"2025-12-08T08:53:14","slug":"vers-la-creation-dun-espace-schengen-militaire-dans-lue","status":"publish","type":"post","link":"https:\/\/www.europesays.com\/fr\/585977\/","title":{"rendered":"Vers la cr\u00e9ation d\u2019un \u00abespace Schengen militaire\u00bb dans l\u2019UE"},"content":{"rendered":"<p class=\"Paragraph_paragraph__exhQA Paragraph_paragraph--default-lg-default__8QZrI articleParagraph\">Les diff\u00e9rents ministres des Transports de l\u2019UE, dont Yuriko Backes, ont particip\u00e9, jeudi 4 d\u00e9cembre \u00e0 Bruxelles, \u00e0 un Conseil des ministres \u00abTransports, t\u00e9l\u00e9communications et \u00e9nergie\u00bb dans sa formation \u00abTransports\u00bb. <\/p>\n<p class=\"Paragraph_paragraph__exhQA Paragraph_paragraph--default-lg-default__8QZrI articleParagraph\">Lors de cette r\u00e9union, la Commission europ\u00e9enne a notamment pr\u00e9sent\u00e9 le \u00abMilitary Mobility Package\u00bb qui vise \u00e0 cr\u00e9er, d\u2019ici 2027, un <a class=\"LinkText_link-text__4lolN annotation-link_annotationLink__nXU8B\" href=\"https:\/\/transport.ec.europa.eu\/news-events\/news\/commission-moves-towards-military-schengen-and-transformation-defence-industry-2025-11-19_en\" target=\"_blank\" rel=\"noopener\">\u00abespace Schengen militaire\u00bb<\/a> pour faciliter la circulation rapide et s\u00e9curis\u00e9e des troupes et du mat\u00e9riel en Europe. Une initiative salu\u00e9e par Yuriko Backes, qui est \u00e9galement ministre de la D\u00e9fense, et \u00e0 laquelle le Luxembourg veut prendre part pleinement.<\/p>\n<p><a href=\"https:\/\/www.virgule.lu\/luxembourg\/le-luxembourg-muscle-son-industrie-de-defense-luxdefence-est-deja-en-ordre-de-bataille\/107515933.html\" class=\"RelatedTeaser_related-teaser__w3AgI RelatedTeaser_related-teaser--image__GJcRr read-more_withImage__1YJa_\" data-article-id=\"107515933\" target=\"_blank\" rel=\"noopener\"><\/p>\n<p>Lire aussi :Le Luxembourg muscle son industrie de d\u00e9fense: LuxDefence est d\u00e9j\u00e0 en ordre de bataille<\/p>\n<p><\/a>Pourquoi cr\u00e9er un \u00abespace Schengen militaire\u00bb?<\/p>\n<p class=\"Paragraph_paragraph__exhQA Paragraph_paragraph--default-lg-default__8QZrI articleParagraph\">Concr\u00e8tement, cet \u00abespace Schengen militaire\u00bb permettra une circulation plus rapide, plus s\u00fbre et plus coordonn\u00e9e des troupes et du mat\u00e9riel militaire \u00e0 travers l\u2019Europe, via de nouvelles mesures:<\/p>\n<ul data-testid=\"bullet-list\" class=\"List_list__TqiC5 List_list--unordered__Ztkud styles_list__7BMph\">\n<li class=\"List_list-item__G_gHo\">\n<p class=\"Paragraph_paragraph__exhQA Paragraph_paragraph--default-lg-default__8QZrI articleParagraph\">Introduction des toutes premi\u00e8res r\u00e8gles harmonis\u00e9es au niveau de l\u2019UE en mati\u00e8re de mobilit\u00e9 militaire, avec des r\u00e8gles et des proc\u00e9dures claires pour les mouvements militaires transfronti\u00e8res;<\/p>\n<\/li>\n<li class=\"List_list-item__G_gHo\">\n<p class=\"Paragraph_paragraph__exhQA Paragraph_paragraph--default-lg-default__8QZrI articleParagraph\">Cr\u00e9ation d\u2019un cadre d\u2019urgence,\u00a0comportant des proc\u00e9dures acc\u00e9l\u00e9r\u00e9es et un acc\u00e8s prioritaire aux infrastructures, \u00e0 l\u2019appui des forces arm\u00e9es agissant dans le cadre de l\u2019UE ou de l\u2019OTAN;<\/p>\n<\/li>\n<li class=\"List_list-item__G_gHo\">\n<p class=\"Paragraph_paragraph__exhQA Paragraph_paragraph--default-lg-default__8QZrI articleParagraph\">Mise \u00e0 niveau des principaux corridors de mobilit\u00e9 militaire de l\u2019UE gr\u00e2ce \u00e0 des investissements cibl\u00e9s qui permettront de renforcer la cybers\u00e9curit\u00e9, la s\u00e9curit\u00e9 \u00e9nerg\u00e9tique et la pr\u00e9paration, en temps de paix comme en p\u00e9riode de crise;<\/p>\n<\/li>\n<li class=\"List_list-item__G_gHo\">\n<p class=\"Paragraph_paragraph__exhQA Paragraph_paragraph--default-lg-default__8QZrI articleParagraph\">Mutualisation et partage des capacit\u00e9s militaires europ\u00e9ennes;<\/p>\n<\/li>\n<li class=\"List_list-item__G_gHo\">\n<p class=\"Paragraph_paragraph__exhQA Paragraph_paragraph--default-lg-default__8QZrI articleParagraph\">Renforcement de la coordination entre les diff\u00e9rents Etats membres.<\/p>\n<\/li>\n<\/ul>\n<p class=\"Paragraph_paragraph__exhQA Paragraph_paragraph--default-lg-default__8QZrI articleParagraph\">Selon la proposition, un \u00c9tat de l\u2019UE ou la Commission europ\u00e9enne pourrait lancer le processus d\u2019activation du cadre d\u2019urgence en cas de crise. \u00abDans les 48\u00a0heures, le Conseil activerait alors le m\u00e9canisme, accordant aux convois militaires un acc\u00e8s prioritaire et supprimant l\u2019obligation d\u2019obtenir des autorisations nationales pour franchir les fronti\u00e8res intra-europ\u00e9ennes. Ce m\u00e9canisme s\u2019appliquerait \u00e0 l\u2019ensemble du territoire de l\u2019UE pendant un an maximum\u00bb, expliquent nos confr\u00e8res <a class=\"LinkText_link-text__4lolN annotation-link_annotationLink__nXU8B\" href=\"https:\/\/euractiv.fr\/news\/paquet-sur-la-mobilite-militaire-la-commission-envisage-un-schengen-de-la-defense\/\" target=\"_blank\" rel=\"noopener\">d\u2019Euractiv<\/a> (Mediahuis), site d\u2019information sp\u00e9cialis\u00e9 dans les politiques europ\u00e9ennes.<\/p>\n<p>Une gestion plus efficace du trafic civil et militaire<\/p>\n<p class=\"Paragraph_paragraph__exhQA Paragraph_paragraph--default-lg-default__8QZrI articleParagraph\">Pourquoi est-ce important de mettre en place un tel \u00abespace Schengen militaire\u00bb maintenant? Comme le souligne la Commission europ\u00e9enne sur son site, \u00abmalgr\u00e9 les progr\u00e8s accomplis, d\u2019importants obstacles persistent\u00bb en mati\u00e8re de mobilit\u00e9 militaire en Europe. \u00abCes probl\u00e8mes fragilisent les capacit\u00e9s de s\u00e9curit\u00e9 et de d\u00e9fense de l\u2019UE et mettent en lumi\u00e8re des vuln\u00e9rabilit\u00e9s critiques au sein du r\u00e9seau de transport\u00bb, souligne la Commission.<\/p>\n<p class=\"Paragraph_paragraph__exhQA Paragraph_paragraph--default-lg-default__8QZrI articleParagraph\">Pour les citoyens, le paquet mobilit\u00e9 militaire, en permettant le d\u00e9ploiement rapide de personnel et de mat\u00e9riel militaires, va rendre l\u2019UE plus s\u00fbre, gr\u00e2ce \u00e0 une gestion plus efficace du trafic civil et militaire. \u00abEn cas d\u2019urgence, le transport militaire peut temporairement perturber la circulation civile, mais le r\u00e8glement garantit un acc\u00e8s prioritaire, des itin\u00e9raires pr\u00e9\u00e9tablis et des mesures coordonn\u00e9es pour minimiser les perturbations.\u00bb<\/p>\n<p>La proposition bient\u00f4t vot\u00e9e<\/p>\n<p class=\"Paragraph_paragraph__exhQA Paragraph_paragraph--default-lg-default__8QZrI articleParagraph\">Dans sa proposition de budget europ\u00e9en pour 2028-2034, l\u2019ex\u00e9cutif europ\u00e9en pr\u00e9voit d\u2019allouer 17,6\u00a0milliards d\u2019euros \u00e0 la mobilit\u00e9 militaire, mais ce montant pourrait encore \u00eatre r\u00e9vis\u00e9 dans le futur. <\/p>\n<p><a href=\"https:\/\/www.virgule.lu\/luxembourg\/le-luxembourg-est-il-arme-pour-parer-un-survol-de-drones-sur-les-zones-sensibles-de-son-territoire\/94745467.html\" class=\"RelatedTeaser_related-teaser__w3AgI RelatedTeaser_related-teaser--image__GJcRr read-more_withImage__1YJa_\" data-article-id=\"94745467\" target=\"_blank\" rel=\"noopener\"><\/p>\n<p>Lire aussi :Le Luxembourg est-il arm\u00e9 pour parer un survol de drones sur les zones sensibles de son territoire?<\/p>\n<p><\/a><\/p>\n<p class=\"Paragraph_paragraph__exhQA Paragraph_paragraph--default-lg-default__8QZrI articleParagraph\"><a class=\"LinkText_link-text__4lolN annotation-link_annotationLink__nXU8B\" href=\"https:\/\/cinea.ec.europa.eu\/news-events\/news\/list-completed-cef-transport-projects-funded-under-military-mobility-envelope-2025-11-19_en\" target=\"_blank\" rel=\"noopener\">Diff\u00e9rents projets \u00e0 travers l\u2019Europe<\/a> ont d\u00e9j\u00e0 \u00e9t\u00e9 financ\u00e9s, pour am\u00e9liorer cette mobilit\u00e9 militaire et les infrastructures \u00e0 double usage (civil et militaire). Citons par exemple l\u2019introduction d\u2019un nouveau \u00e9quipement brise-glace dans le golfe de Riga, d\u2019un syst\u00e8me de surveillance a\u00e9ronautique pour am\u00e9liorer le contr\u00f4le du trafic a\u00e9rien de l\u2019arm\u00e9e de l\u2019air portugaise ou encore la modernisation de l\u2019infrastructure ferroviaire du terminal de Verburgge Zeeland aux Pays-Bas. <\/p>\n<p class=\"Paragraph_paragraph__exhQA Paragraph_paragraph--default-lg-default__8QZrI articleParagraph\">Cette proposition est d\u00e9sormais soumise au Parlement europ\u00e9en et aux \u00c9tats membres du Conseil.\u00a0Elle pourrait \u00eatre vot\u00e9e lors de la session pl\u00e9ni\u00e8re du Parlement europ\u00e9en qui a lieu la semaine du 15 d\u00e9cembre.<\/p>\n","protected":false},"excerpt":{"rendered":"Les diff\u00e9rents ministres des Transports de l\u2019UE, dont Yuriko Backes, ont particip\u00e9, jeudi 4 d\u00e9cembre \u00e0 Bruxelles, \u00e0&hellip;\n","protected":false},"author":2,"featured_media":585978,"comment_status":"","ping_status":"","sticky":false,"template":"","format":"standard","meta":{"footnotes":""},"categories":[1586],"tags":[11,1777,674,1779,1011,27,12,25,1778,364],"class_list":{"0":"post-585977","1":"post","2":"type-post","3":"status-publish","4":"format-standard","5":"has-post-thumbnail","7":"category-europe","8":"tag-actualites","9":"tag-eu","10":"tag-europe","11":"tag-european-union","12":"tag-fr","13":"tag-france","14":"tag-news","15":"tag-republique-francaise","16":"tag-ue","17":"tag-union-europeenne"},"share_on_mastodon":{"url":"https:\/\/pubeurope.com\/@fr\/115683105607740153","error":""},"_links":{"self":[{"href":"https:\/\/www.europesays.com\/fr\/wp-json\/wp\/v2\/posts\/585977","targetHints":{"allow":["GET"]}}],"collection":[{"href":"https:\/\/www.europesays.com\/fr\/wp-json\/wp\/v2\/posts"}],"about":[{"href":"https:\/\/www.europesays.com\/fr\/wp-json\/wp\/v2\/types\/post"}],"author":[{"embeddable":true,"href":"https:\/\/www.europesays.com\/fr\/wp-json\/wp\/v2\/users\/2"}],"replies":[{"embeddable":true,"href":"https:\/\/www.europesays.com\/fr\/wp-json\/wp\/v2\/comments?post=585977"}],"version-history":[{"count":0,"href":"https:\/\/www.europesays.com\/fr\/wp-json\/wp\/v2\/posts\/585977\/revisions"}],"wp:featuredmedia":[{"embeddable":true,"href":"https:\/\/www.europesays.com\/fr\/wp-json\/wp\/v2\/media\/585978"}],"wp:attachment":[{"href":"https:\/\/www.europesays.com\/fr\/wp-json\/wp\/v2\/media?parent=585977"}],"wp:term":[{"taxonomy":"category","embeddable":true,"href":"https:\/\/www.europesays.com\/fr\/wp-json\/wp\/v2\/categories?post=585977"},{"taxonomy":"post_tag","embeddable":true,"href":"https:\/\/www.europesays.com\/fr\/wp-json\/wp\/v2\/tags?post=585977"}],"curies":[{"name":"wp","href":"https:\/\/api.w.org\/{rel}","templated":true}]}}