{"id":585981,"date":"2025-12-08T08:55:16","date_gmt":"2025-12-08T08:55:16","guid":{"rendered":"https:\/\/www.europesays.com\/fr\/585981\/"},"modified":"2025-12-08T08:55:16","modified_gmt":"2025-12-08T08:55:16","slug":"champions-cup-toulon-suspicion-dune-grave-blessure-pour-melvyn-jaminet","status":"publish","type":"post","link":"https:\/\/www.europesays.com\/fr\/585981\/","title":{"rendered":"Champions Cup &#8211; Toulon : suspicion d&rsquo;une grave blessure pour Melvyn Jaminet"},"content":{"rendered":"<p>\n                Sorti en d\u00e9but de match lors de la d\u00e9faite de Toulon \u00e0 \u00c9dimbourg (33-20), l&rsquo;\u00e9tat de sant\u00e9 de l&rsquo;arri\u00e8re du RCT inqui\u00e9tait dans les plus hautes sph\u00e8res lors du retour dans le Var, t\u00f4t, ce lundi matin.\u00a0\n            <\/p>\n<p>Toulon ne va pas garder un souvenir imp\u00e9rissable de son voyage en \u00c9cosse. D\u00e9faits dans les grandes largeurs (33-20), sans prendre un seul point, les partenaires de Ribbans avaient la mine des mauvais jours \u00e0 l&rsquo;Edinburgh Rugby Stadium.\u00a0<\/p>\n<p>En plus d&rsquo;un revers quasiment r\u00e9dhibitoire dans ce format de la phase de poules, l&rsquo;ensemble de la d\u00e9l\u00e9gation toulonnaise se faisait du souci pour Melvyn Jaminet. Juste apr\u00e8s le deuxi\u00e8me essai inscrit par Ben White, l&rsquo;arri\u00e8re est sorti apr\u00e8s avoir tap\u00e9 la transformation. Selon nos informations, il est apparu, au retour dans l&rsquo;avion, avec une poche de glace sur la main droite. L&rsquo;int\u00e9ress\u00e9 craignait une fracture.\u00a0<\/p>\n<p>Domon s&rsquo;est d\u00e9j\u00e0 cass\u00e9 la main plut\u00f4t dans la saison<\/p>\n<p>Ce sera bien \u00e9videmment un coup dur pour les Varois, tant le natif d&rsquo;Hy\u00e8res est important dans le syst\u00e8me de jeu. Cette blessure longue dur\u00e9e, qui reste \u00e0 confirmer avec de prochains examens, interviendrait dans un secteur d\u00e9j\u00e0 d\u00e9garni. En effet, le 26 octobre dernier, \u00e0 Toulouse, c&rsquo;est Marius Domon qui avait subi une fracture \u00e0 une main, avec un d\u00e9placement osseux. Le joueur a d&rsquo;ailleurs repris, la semaine derni\u00e8re, la course, mais il n&rsquo;est pas encore en mesure de jouer.\u00a0<\/p>\n<p>Avec cette cascade de blessures, Pierre Mignoni va devoir repenser ses plans. L&rsquo;entra\u00eeneur varois tranchera entre la polyvalence de Mathis Fert\u00e9 et celle de Mat\u00e9o Garcia. En \u00c9cosse, c&rsquo;est le second nomm\u00e9 qui a \u00e9t\u00e9 choisi pour occuper le fond du terrain. Est-ce que ce sera la m\u00eame chose face \u00e0 Bath, ce dimanche ? La semaine risque d&rsquo;apporter des r\u00e9ponses.\u00a0<\/p>\n","protected":false},"excerpt":{"rendered":"Sorti en d\u00e9but de match lors de la d\u00e9faite de Toulon \u00e0 \u00c9dimbourg (33-20), l&rsquo;\u00e9tat de sant\u00e9 de&hellip;\n","protected":false},"author":2,"featured_media":585982,"comment_status":"","ping_status":"","sticky":false,"template":"","format":"standard","meta":{"footnotes":""},"categories":[2],"tags":[11,1011,27,68895,13084,12,25,68796],"class_list":{"0":"post-585981","1":"post","2":"type-post","3":"status-publish","4":"format-standard","5":"has-post-thumbnail","7":"category-actualites","8":"tag-actualites","9":"tag-fr","10":"tag-france","11":"tag-investec-champions-cup","12":"tag-melvyn-jaminet","13":"tag-news","14":"tag-republique-francaise","15":"tag-rugby-u00e0-xv"},"share_on_mastodon":{"url":"https:\/\/pubeurope.com\/@fr\/115683113735397646","error":""},"_links":{"self":[{"href":"https:\/\/www.europesays.com\/fr\/wp-json\/wp\/v2\/posts\/585981","targetHints":{"allow":["GET"]}}],"collection":[{"href":"https:\/\/www.europesays.com\/fr\/wp-json\/wp\/v2\/posts"}],"about":[{"href":"https:\/\/www.europesays.com\/fr\/wp-json\/wp\/v2\/types\/post"}],"author":[{"embeddable":true,"href":"https:\/\/www.europesays.com\/fr\/wp-json\/wp\/v2\/users\/2"}],"replies":[{"embeddable":true,"href":"https:\/\/www.europesays.com\/fr\/wp-json\/wp\/v2\/comments?post=585981"}],"version-history":[{"count":0,"href":"https:\/\/www.europesays.com\/fr\/wp-json\/wp\/v2\/posts\/585981\/revisions"}],"wp:featuredmedia":[{"embeddable":true,"href":"https:\/\/www.europesays.com\/fr\/wp-json\/wp\/v2\/media\/585982"}],"wp:attachment":[{"href":"https:\/\/www.europesays.com\/fr\/wp-json\/wp\/v2\/media?parent=585981"}],"wp:term":[{"taxonomy":"category","embeddable":true,"href":"https:\/\/www.europesays.com\/fr\/wp-json\/wp\/v2\/categories?post=585981"},{"taxonomy":"post_tag","embeddable":true,"href":"https:\/\/www.europesays.com\/fr\/wp-json\/wp\/v2\/tags?post=585981"}],"curies":[{"name":"wp","href":"https:\/\/api.w.org\/{rel}","templated":true}]}}