{"id":585990,"date":"2025-12-08T09:05:35","date_gmt":"2025-12-08T09:05:35","guid":{"rendered":"https:\/\/www.europesays.com\/fr\/585990\/"},"modified":"2025-12-08T09:05:35","modified_gmt":"2025-12-08T09:05:35","slug":"cc-championnat-auvergne-rhone-alpes-les-photos-actualite","status":"publish","type":"post","link":"https:\/\/www.europesays.com\/fr\/585990\/","title":{"rendered":"CC &#8211; Championnat Auvergne-Rh\u00f4ne-Alpes : Les photos &#8211; Actualit\u00e9"},"content":{"rendered":"<p>                                                                    <img decoding=\"async\" src=\"https:\/\/www.europesays.com\/fr\/wp-content\/uploads\/2025\/12\/693665cba58a3.jpg\" height=\"auto\" loading=\"lazy\"\/><br \/>\n                                                                    Cr\u00e9dit photo Philippe Pradier \/ DirectVelo<\/p>\n<p class=\"images-caption\">Cr\u00e9dit photo Philippe Pradier \/ DirectVelo<\/p>\n<p class=\"metadata\">\n            Par<br \/>\n        <strong class=\"text-black\">PHILIPPE PRADIER<\/strong><br \/>\n                    <br \/>Le<br \/>\n    8 d\u00e9cembre 2025, 06:50<\/p>\n<p style=\"text-align: justify;\">Damien Beton (UC P\u00e9lussin Loire Pilat)\u00a0a remport\u00e9, ce dimanche, \u00e0 Belmont-de-la-Loire (Loire), <strong><a href=\"https:\/\/www.directvelo.com\/actualite\/125776\/cc-championnat-auvergne-rhone-alpes-classements\" target=\"_blank\" rel=\"noopener\">le Championnat Auvergne-Rh\u00f4ne-Alpes Elites de cyclo-cross<\/a><\/strong>. Il a devanc\u00e9 Quentin Navarro (EC Clermont-Ferrand) et\u00a0 Antony Chamerat-Dumont (VC Villefranche Beaujolais). Chez les F\u00e9minines, c&rsquo;est Amandine Vidon (VC d&rsquo;Amb\u00e9rieu).<\/p>\n<p style=\"text-align: justify;\">DirectVelo \u00e9tait pr\u00e9sent dans la Loire pour ce Championnat r\u00e9gional. Des Cadets aux Elites en passant par les Juniors, retrouvez en cliquant sur nos diff\u00e9rents clich\u00e9s ci-dessous\u00a0nos galeries photos de l&rsquo;\u00e9v\u00e9nement.<\/p>\n<p><a href=\"https:\/\/www.directvelo.com\/album\/4572\/cc-championnat-auvergne-rhone-alpes-2025-u17-hommes\" target=\"_blank\" rel=\"noopener\"><img loading=\"lazy\" decoding=\"async\" src=\"https:\/\/www.europesays.com\/fr\/wp-content\/uploads\/2025\/12\/00.jpg\" alt=\"\" width=\"800\" height=\"533\"\/><\/a><\/p>\n<p><strong><a href=\"https:\/\/www.directvelo.com\/album\/4572\/cc-championnat-auvergne-rhone-alpes-2025-u17-hommes\" target=\"_blank\" rel=\"noopener\">U17 HOMMES<\/a><\/strong><\/p>\n<p style=\"text-align: justify;\"><a href=\"https:\/\/www.directvelo.com\/album\/4573\/cc-championnat-auvergne-rhone-alpes-2025-u19-hommes\" target=\"_blank\" rel=\"noopener\"><img loading=\"lazy\" decoding=\"async\" src=\"https:\/\/www.europesays.com\/fr\/wp-content\/uploads\/2025\/12\/02.jpg\" alt=\"\" width=\"800\" height=\"533\"\/><\/a><\/p>\n<p><strong><a href=\"https:\/\/www.directvelo.com\/album\/4573\/cc-championnat-auvergne-rhone-alpes-2025-u19-hommes\" target=\"_blank\" rel=\"noopener\">U19 HOMMES<\/a><\/strong><\/p>\n<p><a href=\"https:\/\/www.directvelo.com\/album\/4574\/cc-championnat-auvergne-rhone-alpes-2025-femmes\" target=\"_blank\" rel=\"noopener\"><img loading=\"lazy\" decoding=\"async\" src=\"https:\/\/www.europesays.com\/fr\/wp-content\/uploads\/2025\/12\/03.jpg\" alt=\"\" width=\"800\" height=\"533\"\/><\/a><\/p>\n<p><strong><a href=\"https:\/\/www.directvelo.com\/album\/4574\/cc-championnat-auvergne-rhone-alpes-2025-femmes\" target=\"_blank\" rel=\"noopener\">U19, U23 ET ELITES FEMMES<\/a><\/strong><\/p>\n<p><a href=\"https:\/\/www.directvelo.com\/album\/4575\/cc-championnat-auvergne-rhone-alpes-2025-espoirs-hommes\" target=\"_blank\" rel=\"noopener\"><img loading=\"lazy\" decoding=\"async\" src=\"https:\/\/www.europesays.com\/fr\/wp-content\/uploads\/2025\/12\/05.jpg\" alt=\"\" width=\"800\" height=\"533\"\/><\/a><\/p>\n<p><strong><a href=\"https:\/\/www.directvelo.com\/album\/4575\/cc-championnat-auvergne-rhone-alpes-2025-espoirs-hommes\" target=\"_blank\" rel=\"noopener\">U23 HOMMES<\/a><\/strong><\/p>\n<p><a href=\"https:\/\/www.directvelo.com\/album\/4576\/cc-championnat-auvergne-rhone-alpes-2025-elite-hommes\" target=\"_blank\" rel=\"noopener\"><img loading=\"lazy\" decoding=\"async\" src=\"https:\/\/www.europesays.com\/fr\/wp-content\/uploads\/2025\/12\/06.jpg\" alt=\"\" width=\"800\" height=\"533\"\/><\/a><\/p>\n<p><strong><a href=\"https:\/\/www.directvelo.com\/album\/4576\/cc-championnat-auvergne-rhone-alpes-2025-elite-hommes\" target=\"_blank\" rel=\"noopener\">ELITES HOMMES<\/a><\/strong><\/p>\n","protected":false},"excerpt":{"rendered":"Cr\u00e9dit photo Philippe Pradier \/ DirectVelo Cr\u00e9dit photo Philippe Pradier \/ DirectVelo Par PHILIPPE PRADIER Le 8 d\u00e9cembre&hellip;\n","protected":false},"author":2,"featured_media":585991,"comment_status":"","ping_status":"","sticky":false,"template":"","format":"standard","meta":{"footnotes":""},"categories":[1411],"tags":[834,828,836,829,837,827,83,826,824,823,1154,207,814,817,815,816,822,821,832,211,839,1011,27,820,818,819,835,831,830,833,838,60,212,208,825],"class_list":{"0":"post-585990","1":"post","2":"type-post","3":"status-publish","4":"format-standard","5":"has-post-thumbnail","7":"category-cyclisme","8":"tag-attaque","9":"tag-belgique","10":"tag-braquet","11":"tag-bretagne","12":"tag-chute","13":"tag-competition","14":"tag-coupe-de-france","15":"tag-coureur","16":"tag-course-cyclisme","17":"tag-course-cycliste","18":"tag-cycling","19":"tag-cyclisme","20":"tag-direct","21":"tag-direct-velo","22":"tag-directvelo","23":"tag-directvelo-com","24":"tag-epreuve","25":"tag-epreuve-cycliste","26":"tag-federation-francaise-de-cyclisme","27":"tag-ffc","28":"tag-flandres","29":"tag-fr","30":"tag-france","31":"tag-live","32":"tag-live-course","33":"tag-live-epreuve","34":"tag-peloton","35":"tag-radio-peloton","36":"tag-radio-tour","37":"tag-ravitaillement","38":"tag-relance","39":"tag-sports","40":"tag-uci","41":"tag-velo","42":"tag-velos"},"share_on_mastodon":{"url":"https:\/\/pubeurope.com\/@fr\/115683155011760547","error":""},"_links":{"self":[{"href":"https:\/\/www.europesays.com\/fr\/wp-json\/wp\/v2\/posts\/585990","targetHints":{"allow":["GET"]}}],"collection":[{"href":"https:\/\/www.europesays.com\/fr\/wp-json\/wp\/v2\/posts"}],"about":[{"href":"https:\/\/www.europesays.com\/fr\/wp-json\/wp\/v2\/types\/post"}],"author":[{"embeddable":true,"href":"https:\/\/www.europesays.com\/fr\/wp-json\/wp\/v2\/users\/2"}],"replies":[{"embeddable":true,"href":"https:\/\/www.europesays.com\/fr\/wp-json\/wp\/v2\/comments?post=585990"}],"version-history":[{"count":0,"href":"https:\/\/www.europesays.com\/fr\/wp-json\/wp\/v2\/posts\/585990\/revisions"}],"wp:featuredmedia":[{"embeddable":true,"href":"https:\/\/www.europesays.com\/fr\/wp-json\/wp\/v2\/media\/585991"}],"wp:attachment":[{"href":"https:\/\/www.europesays.com\/fr\/wp-json\/wp\/v2\/media?parent=585990"}],"wp:term":[{"taxonomy":"category","embeddable":true,"href":"https:\/\/www.europesays.com\/fr\/wp-json\/wp\/v2\/categories?post=585990"},{"taxonomy":"post_tag","embeddable":true,"href":"https:\/\/www.europesays.com\/fr\/wp-json\/wp\/v2\/tags?post=585990"}],"curies":[{"name":"wp","href":"https:\/\/api.w.org\/{rel}","templated":true}]}}