{"id":585994,"date":"2025-12-08T09:08:14","date_gmt":"2025-12-08T09:08:14","guid":{"rendered":"https:\/\/www.europesays.com\/fr\/585994\/"},"modified":"2025-12-08T09:08:14","modified_gmt":"2025-12-08T09:08:14","slug":"on-a-rencontre-veeko-le-batteur-francais-qui-a-seduit-pharrell-williams-et-sofiane-pamart","status":"publish","type":"post","link":"https:\/\/www.europesays.com\/fr\/585994\/","title":{"rendered":"On a rencontr\u00e9 Veeko, le batteur fran\u00e7ais qui a s\u00e9duit Pharrell Williams et Sofiane Pamart"},"content":{"rendered":"<p>Sur sc\u00e8ne le <a href=\"https:\/\/www.20minutes.fr\/dossier\/batterie\" class=\"c-link c-link--is-underlined\" target=\"_blank\" rel=\"noopener\">batteur<\/a> Veeko prend de la place et d\u00e9verse son \u00e9nergie, debout derri\u00e8re son instrument, il a collabor\u00e9 avec toute la nouvelle sc\u00e8ne de la <a href=\"https:\/\/www.20minutes.fr\/dossier\/chanson_francaise\" class=\"c-link c-link--is-underlined\" target=\"_blank\" rel=\"noopener\">chanson fran\u00e7aise<\/a>, ses amis le <a href=\"https:\/\/www.20minutes.fr\/dossier\/piano\" class=\"c-link c-link--is-underlined\" target=\"_blank\" rel=\"noopener\">pianiste<\/a> Sofiane Pamart et le saxophoniste Ferdi, Georgio, Alo\u00efse Sauvage et <a href=\"https:\/\/www.20minutes.fr\/arts-stars\/people\/4130257-20241225-theodora-artiste-derriere-musique-virale-tiktok-kongolese-sous-bbl\" target=\"_blank\" class=\"c-link c-link--is-underlined\" rel=\"noopener\">Th\u00e9odora<\/a>. Et plus r\u00e9cemment, avec <a href=\"https:\/\/www.20minutes.fr\/dossier\/pharrell_williams\" class=\"c-link c-link--is-underlined\" target=\"_blank\" rel=\"noopener\">Pharrell Williams<\/a>. Veeko a fait le choix de se lancer en solo, comme l\u2019ont fait ses amis au piano et au saxo et le trompettiste B\u00e9esau, \u00ab\u00a0avoir des potes qui ouvrent la voie dans la direction musicale et artistique que tu veux faire, c\u2019est trop bien\u00a0\u00bb s\u2019enthousiasme l\u2019artiste.<\/p>\n<p>C\u2019est \u00e0 l\u2019\u00e2ge de cinq ans, que Veeko a \u00ab\u00a0un v\u00e9ritable coup de foudre pour la batterie\u00a0\u00bb, pendant des vacances dans un camping. Il va se retrouver sur les genoux d\u2019un batteur et ne l\u00e2chera plus jamais les baguettes de l\u2019instrument. \u00ab\u00a0A la rentr\u00e9e mes parents m\u2019ont inscrit directement en cours de musique et depuis je n\u2019ai jamais l\u00e2ch\u00e9\u00a0\u00bb avoue celui qui a grandi dans une famille qui aime la musique, mais ne joue d\u2019aucun instrument.<\/p>\n<p>Pour trouver l\u2019interview de Veeko, rendez-vous dans la vid\u00e9o en t\u00eate de ce papier.<\/p>\n","protected":false},"excerpt":{"rendered":"Sur sc\u00e8ne le batteur Veeko prend de la place et d\u00e9verse son \u00e9nergie, debout derri\u00e8re son instrument, il&hellip;\n","protected":false},"author":2,"featured_media":585995,"comment_status":"","ping_status":"","sticky":false,"template":"","format":"standard","meta":{"footnotes":""},"categories":[1359],"tags":[251,58,59,1011,27,873,973,34203,133],"class_list":{"0":"post-585994","1":"post","2":"type-post","3":"status-publish","4":"format-standard","5":"has-post-thumbnail","7":"category-people","8":"tag-culture","9":"tag-divertissement","10":"tag-entertainment","11":"tag-fr","12":"tag-france","13":"tag-musique","14":"tag-people","15":"tag-pharrell-williams","16":"tag-video"},"share_on_mastodon":{"url":"https:\/\/pubeurope.com\/@fr\/115683164444242693","error":""},"_links":{"self":[{"href":"https:\/\/www.europesays.com\/fr\/wp-json\/wp\/v2\/posts\/585994","targetHints":{"allow":["GET"]}}],"collection":[{"href":"https:\/\/www.europesays.com\/fr\/wp-json\/wp\/v2\/posts"}],"about":[{"href":"https:\/\/www.europesays.com\/fr\/wp-json\/wp\/v2\/types\/post"}],"author":[{"embeddable":true,"href":"https:\/\/www.europesays.com\/fr\/wp-json\/wp\/v2\/users\/2"}],"replies":[{"embeddable":true,"href":"https:\/\/www.europesays.com\/fr\/wp-json\/wp\/v2\/comments?post=585994"}],"version-history":[{"count":0,"href":"https:\/\/www.europesays.com\/fr\/wp-json\/wp\/v2\/posts\/585994\/revisions"}],"wp:featuredmedia":[{"embeddable":true,"href":"https:\/\/www.europesays.com\/fr\/wp-json\/wp\/v2\/media\/585995"}],"wp:attachment":[{"href":"https:\/\/www.europesays.com\/fr\/wp-json\/wp\/v2\/media?parent=585994"}],"wp:term":[{"taxonomy":"category","embeddable":true,"href":"https:\/\/www.europesays.com\/fr\/wp-json\/wp\/v2\/categories?post=585994"},{"taxonomy":"post_tag","embeddable":true,"href":"https:\/\/www.europesays.com\/fr\/wp-json\/wp\/v2\/tags?post=585994"}],"curies":[{"name":"wp","href":"https:\/\/api.w.org\/{rel}","templated":true}]}}