{"id":585996,"date":"2025-12-08T09:09:13","date_gmt":"2025-12-08T09:09:13","guid":{"rendered":"https:\/\/www.europesays.com\/fr\/585996\/"},"modified":"2025-12-08T09:09:13","modified_gmt":"2025-12-08T09:09:13","slug":"retour-sur-un-projet-controverse","status":"publish","type":"post","link":"https:\/\/www.europesays.com\/fr\/585996\/","title":{"rendered":"retour sur un projet controvers\u00e9"},"content":{"rendered":"<p>\n    L\u2019artiste fran\u00e7aise choisie, il y a un an, pour r\u00e9aliser la commande publique y expose six maquettes grandeur nature qui incarnent l\u2019esprit de la Pentec\u00f4te. Le public jugera sur pi\u00e8ces.<\/p>\n<p class=\"fig-paragraph\">Avant Notre-Dame de Paris,<a href=\"http:\/\/www.lefigaro.fr\/culture\/patrimoine\/qui-est-claire-tabouret-la-peintre-qui-realisera-les-nouveaux-vitraux-de-notre-dame-20241218\" data-fig-type=\"Article\" data-gtm-custom-categorie=\"navigation\" data-gtm-custom-action=\"crossclick\" data-gtm-custom-label=\"Contextuel\" data-gtm-event=\"customEventSPE\" data-fig-domain=\"LEFIGARO\" target=\"_blank\" rel=\"noopener\">\u00a0Claire Tabouret<\/a>\u00a0est au\u00a0<a href=\"http:\/\/www.lefigaro.fr\/arts-expositions\/niki-de-saint-phalle-superstar-inaugure-le-nouveau-grand-palais-20250622\" data-fig-type=\"Article\" data-gtm-custom-categorie=\"navigation\" data-gtm-custom-action=\"crossclick\" data-gtm-custom-label=\"Contextuel\" data-gtm-event=\"customEventSPE\" data-fig-domain=\"LEFIGARO\" target=\"_blank\" rel=\"noopener\">Grand Palais<\/a>. L\u2019artiste fran\u00e7aise, d\u00e9sign\u00e9e laur\u00e9ate, en d\u00e9cembre 2024, de la commande publique pour la cr\u00e9ation de vitraux contemporains, r\u00e9pond \u00e0 la pol\u00e9mique par le travail. Et par une exposition au c\u0153ur de Paris, dans cette galerie 10.2 fra\u00eechement restaur\u00e9e, \u00e0 la hauteur \u00ab\u00a0cath\u00e9drale\u00a0\u00bb. C\u2019est \u00e0 la fois une d\u00e9monstration de peintre et un appel direct au public pour juger de son \u0153uvre et tenter d\u2019emporter l\u2019opinion. Arguments\u00a0? Six maquettes grandeur nature pour les six baies du bas-c\u00f4t\u00e9 sud de la nef de Notre-Dame au pied desquelles ce petit format qui hante ses autoportraits semble gracile. Et pourtant, c\u2019est avec calme et d\u00e9termination que cette femme de 44\u00a0ans d\u00e9voile aujourd\u2019hui \u00e0 tous ses \u00ab\u00a0cartons\u00a0\u00bb immenses sur lesquels l\u2019Atelier de ma\u00eetres verriers Simon-Marq, install\u00e9 \u00e0 Reims depuis 1640 et qui a \u0153uvr\u00e9 sur les vitraux de<a href=\"https:\/\/www.lefigaro.fr\/2006\/07\/11\/03004-20060711ARTFIG90074-la_lumiere_de_chagall.php\" data-fig-type=\"Article\" data-gtm-custom-categorie=\"navigation\" data-gtm-custom-action=\"crossclick\" data-gtm-custom-label=\"Contextuel\" data-gtm-event=\"customEventSPE\" data-fig-domain=\"LEFIGARO\" target=\"_blank\" rel=\"noopener\">\u00a0Chagall\u00a0<\/a>dans la cath\u00e9drale, a d\u00e9j\u00e0 commenc\u00e9 \u00e0 travailler.<\/p>\n<p class=\"fig-paragraph\">Le concours pour la r\u00e9alisation de\u2026<\/p>\n<p class=\"fig-premium-paywall__infos\">\n        Cet article est r\u00e9serv\u00e9 aux abonn\u00e9s.        Il vous reste 85% \u00e0 d\u00e9couvrir.\n    <\/p>\n<p>                <img  data- alt=\"Le Figaro\" class=\"fig-img--complete fig-img\"\/><\/p>\n<p class=\"fig-premium-paywall__title\">Vente Flash<\/p>\n<p class=\"fig-premium-paywall__subtitle\">-50% sur l&rsquo;abonnement num\u00e9rique<\/p>\n<p class=\"fig-premium-paywall__connect\">\n                D\u00e9j\u00e0 abonn\u00e9\u00a0?                <a class=\"fig-premium-paywall__connect-link\" href=\"https:\/\/connect.lefigaro.fr\/login?client=horizon_web&amp;type=main&amp;redirect_uri=https%3A%2F%2Fwww.lefigaro.fr%2Fculture%2Fles-vitraux-de-claire-tabouret-au-grand-palais-retour-sur-un-projet-controverse-20251208\" data-js-gtm=\"{&quot;customCategorie&quot;: &quot;conversion&quot;, &quot;customAction&quot;: &quot;before_Landing_Connexion_paywall_auto&quot;, &quot;customLabel&quot;: &quot;bGVmaWdhcm8uZnJfXzFmMGQxYjNkLTM4NzYtNjdlOC1hNjkxLTViODU5M2JlZWY3NV9fQXJ0aWNsZQ==_Les vitraux de Claire Tabouret au Grand Palais\u00a0: retour sur un projet controvers\u00e9_32&quot;, &quot;customIDSPE&quot;: &quot;bGVmaWdhcm8uZnJfXzFmMGQxYjNkLTM4NzYtNjdlOC1hNjkxLTViODU5M2JlZWY3NV9fQXJ0aWNsZQ==&quot;, &quot;event&quot;: &quot;customEventSPE&quot;}\" target=\"_blank\" rel=\"noopener\"><br \/>\n                    Connectez-vous<br \/>\n                <\/a>\n            <\/p>\n","protected":false},"excerpt":{"rendered":"L\u2019artiste fran\u00e7aise choisie, il y a un an, pour r\u00e9aliser la commande publique y expose six maquettes grandeur&hellip;\n","protected":false},"author":2,"featured_media":585997,"comment_status":"","ping_status":"","sticky":false,"template":"","format":"standard","meta":{"footnotes":""},"categories":[1358],"tags":[1396,1348,1384,1385,69940,1386,58,59,1011,27,3341,15943,69941],"class_list":{"0":"post-585996","1":"post","2":"type-post","3":"status-publish","4":"format-standard","5":"has-post-thumbnail","7":"category-arts-et-design","8":"tag-art-contemporain","9":"tag-arts","10":"tag-arts-and-design","11":"tag-arts-et-design","12":"tag-claire-tabouret","13":"tag-design","14":"tag-divertissement","15":"tag-entertainment","16":"tag-fr","17":"tag-france","18":"tag-notre-dame-de-paris","19":"tag-polemiques","20":"tag-vitraux"},"share_on_mastodon":{"url":"https:\/\/pubeurope.com\/@fr\/115683168271278555","error":""},"_links":{"self":[{"href":"https:\/\/www.europesays.com\/fr\/wp-json\/wp\/v2\/posts\/585996","targetHints":{"allow":["GET"]}}],"collection":[{"href":"https:\/\/www.europesays.com\/fr\/wp-json\/wp\/v2\/posts"}],"about":[{"href":"https:\/\/www.europesays.com\/fr\/wp-json\/wp\/v2\/types\/post"}],"author":[{"embeddable":true,"href":"https:\/\/www.europesays.com\/fr\/wp-json\/wp\/v2\/users\/2"}],"replies":[{"embeddable":true,"href":"https:\/\/www.europesays.com\/fr\/wp-json\/wp\/v2\/comments?post=585996"}],"version-history":[{"count":0,"href":"https:\/\/www.europesays.com\/fr\/wp-json\/wp\/v2\/posts\/585996\/revisions"}],"wp:featuredmedia":[{"embeddable":true,"href":"https:\/\/www.europesays.com\/fr\/wp-json\/wp\/v2\/media\/585997"}],"wp:attachment":[{"href":"https:\/\/www.europesays.com\/fr\/wp-json\/wp\/v2\/media?parent=585996"}],"wp:term":[{"taxonomy":"category","embeddable":true,"href":"https:\/\/www.europesays.com\/fr\/wp-json\/wp\/v2\/categories?post=585996"},{"taxonomy":"post_tag","embeddable":true,"href":"https:\/\/www.europesays.com\/fr\/wp-json\/wp\/v2\/tags?post=585996"}],"curies":[{"name":"wp","href":"https:\/\/api.w.org\/{rel}","templated":true}]}}