{"id":586015,"date":"2025-12-08T09:20:15","date_gmt":"2025-12-08T09:20:15","guid":{"rendered":"https:\/\/www.europesays.com\/fr\/586015\/"},"modified":"2025-12-08T09:20:15","modified_gmt":"2025-12-08T09:20:15","slug":"pyrenees-orientales-un-incendie-en-cours-aux-bains-de-llo-une-trentaine-de-pompiers-sont-presents-sur-place","status":"publish","type":"post","link":"https:\/\/www.europesays.com\/fr\/586015\/","title":{"rendered":"Pyr\u00e9n\u00e9es-Orientales\u00a0: un incendie en cours aux bains de Llo, une trentaine de pompiers sont pr\u00e9sents sur place"},"content":{"rendered":"<p>\n                                                                L\u2019incendie s\u2019est d\u00e9clench\u00e9 ce lundi 8\u00a0d\u00e9cembre, en d\u00e9but de matin\u00e9e.\n                            <\/p>\n<p>Depuis 6\u00a0h\u00a010, ce lundi 8\u00a0d\u00e9cembre, une trentaine de pompiers sont mobilis\u00e9s sur un incendie qui s\u2019est d\u00e9clench\u00e9 aux bains de Llo.<\/p>\n<p>D\u2019apr\u00e8s les premiers \u00e9l\u00e9ments, le feu aurait pris au niveau du sauna. Aucun client n\u2019\u00e9tait pr\u00e9sent sur place en raison de l\u2019heure et aucun bless\u00e9 ne serait \u00e0 d\u00e9plorer du c\u00f4t\u00e9 du personnel.<\/p>\n<p>Les secours indiquent que la situation est favorable.<\/p>\n<p>Plus d\u2019informations \u00e0 suivre\u2026<\/p>\n","protected":false},"excerpt":{"rendered":"L\u2019incendie s\u2019est d\u00e9clench\u00e9 ce lundi 8\u00a0d\u00e9cembre, en d\u00e9but de matin\u00e9e. Depuis 6\u00a0h\u00a010, ce lundi 8\u00a0d\u00e9cembre, une trentaine de&hellip;\n","protected":false},"author":2,"featured_media":586016,"comment_status":"","ping_status":"","sticky":false,"template":"","format":"standard","meta":{"footnotes":""},"categories":[4],"tags":[11,118,1011,27,12,3464,11548,25],"class_list":{"0":"post-586015","1":"post","2":"type-post","3":"status-publish","4":"format-standard","5":"has-post-thumbnail","7":"category-france","8":"tag-actualites","9":"tag-faits-divers","10":"tag-fr","11":"tag-france","12":"tag-news","13":"tag-perpignan","14":"tag-pyrenees-orientales","15":"tag-republique-francaise"},"share_on_mastodon":{"url":"https:\/\/pubeurope.com\/@fr\/115683211685027673","error":""},"_links":{"self":[{"href":"https:\/\/www.europesays.com\/fr\/wp-json\/wp\/v2\/posts\/586015","targetHints":{"allow":["GET"]}}],"collection":[{"href":"https:\/\/www.europesays.com\/fr\/wp-json\/wp\/v2\/posts"}],"about":[{"href":"https:\/\/www.europesays.com\/fr\/wp-json\/wp\/v2\/types\/post"}],"author":[{"embeddable":true,"href":"https:\/\/www.europesays.com\/fr\/wp-json\/wp\/v2\/users\/2"}],"replies":[{"embeddable":true,"href":"https:\/\/www.europesays.com\/fr\/wp-json\/wp\/v2\/comments?post=586015"}],"version-history":[{"count":0,"href":"https:\/\/www.europesays.com\/fr\/wp-json\/wp\/v2\/posts\/586015\/revisions"}],"wp:featuredmedia":[{"embeddable":true,"href":"https:\/\/www.europesays.com\/fr\/wp-json\/wp\/v2\/media\/586016"}],"wp:attachment":[{"href":"https:\/\/www.europesays.com\/fr\/wp-json\/wp\/v2\/media?parent=586015"}],"wp:term":[{"taxonomy":"category","embeddable":true,"href":"https:\/\/www.europesays.com\/fr\/wp-json\/wp\/v2\/categories?post=586015"},{"taxonomy":"post_tag","embeddable":true,"href":"https:\/\/www.europesays.com\/fr\/wp-json\/wp\/v2\/tags?post=586015"}],"curies":[{"name":"wp","href":"https:\/\/api.w.org\/{rel}","templated":true}]}}