{"id":586021,"date":"2025-12-08T09:23:14","date_gmt":"2025-12-08T09:23:14","guid":{"rendered":"https:\/\/www.europesays.com\/fr\/586021\/"},"modified":"2025-12-08T09:23:14","modified_gmt":"2025-12-08T09:23:14","slug":"des-cambrioleurs-interpelles-a-saint-etienne-dautres-en-fuite-dans-le-roannais","status":"publish","type":"post","link":"https:\/\/www.europesays.com\/fr\/586021\/","title":{"rendered":"Des cambrioleurs interpell\u00e9s \u00e0 Saint-\u00c9tienne, d&rsquo;autres en fuite dans le Roannais"},"content":{"rendered":"<p>Plusieurs cambriolages ont \u00e9t\u00e9 commis, ce vendredi 5 d\u00e9cembre, autour de Roanne, alors que deux individus ont \u00e9t\u00e9 interpell\u00e9s dans la nuit du samedi 6 au dimanche 7 d\u00e9cembre apr\u00e8s avoir forc\u00e9 un appartement du centre-ville de Saint-\u00c9tienne.<\/p>\n<p>C&rsquo;est une f\u00e2cheuse habitude en cette p\u00e9riode de l&rsquo;ann\u00e9e.<\/p>\n<p>Les cambriolages se multiplient \u00e0 l&rsquo;approche des f\u00eates. Et la <b>Loire<\/b> n&rsquo;est pas \u00e9pargn\u00e9e.<\/p>\n<p>La preuve, ce vendredi 5 d\u00e9cembre, dans le <b>Roannais<\/b>. <a class=\"url\" href=\"https:\/\/www.le-pays.fr\/ouches-42155\/faits-divers\/cambriolages-en-serie-en-roannais-juste-avant-le-week-end_14795004\/\" target=\"_blank\" rel=\"noopener\">D&rsquo;apr\u00e8s Le Pays<\/a>, cinq maisons ont \u00e9t\u00e9 cambriol\u00e9es entre 17h et 20h sur les communes d&rsquo;<b>Ouches<\/b>, <b>Commelle-Vernay<\/b> et <b>Parigny<\/b>. Avec, principalement, des bijoux et de l&rsquo;argent liquide comme butin.<\/p>\n<p>Le ou les cambrioleurs ont ensuite \u00e9t\u00e9 mis en fuite dans une maison de <b>Villerest<\/b>. Sur place, les malfaiteurs ont \u00e9t\u00e9 surpris par le syst\u00e8me d&rsquo;alarme.<\/p>\n<p>Des bijoux d\u00e9rob\u00e9s en centre-ville de Saint-\u00c9tienne<\/p>\n<p>En revanche, \u00e0 <b>Saint-\u00c9tienne<\/b>, deux individus ont \u00e9t\u00e9 rattrap\u00e9s \u00e0 temps, dans la nuit du samedi 6 au dimanche 7 d\u00e9cembre.<\/p>\n<p>Alert\u00e9e par un riverain, une \u00e9quipe de police secours s&rsquo;est rendue en centre-ville pour interpeller ces deux cambrioleurs, qui venaient de fracturer la porte d&rsquo;un appartement.\u00a0<\/p>\n<p>Ils ont \u00e9t\u00e9 retrouv\u00e9s en possession de <b>plusieurs bijoux<\/b>. Des objets qui devraient \u00eatre remis ensuite \u00e0 leurs propri\u00e9taires.<\/p>\n<p><img loading=\"lazy\" decoding=\"async\" src=\"https:\/\/www.europesays.com\/fr\/wp-content\/uploads\/2025\/12\/1765185794_792_img\" width=\"350\" height=\"200\" border=\"0\" title=\"Les sapeurs-pompiers du Puy-de-D\u00c3\u00b4me\"\/><\/p>\n<p>\u25baFaits divers<\/p>\n<p style=\"font-size: 22px;\"><b>Puy-de-D\u00f4me \/ Loire\u00a0: un gar\u00e7on de six ans gravement bless\u00e9 dans un accident\u00a0<\/b><\/p>\n<p>Un v\u00e9hicule a fait une sortie de route sur la commune&#8230;<\/p>\n<p><\/p>\n","protected":false},"excerpt":{"rendered":"Plusieurs cambriolages ont \u00e9t\u00e9 commis, ce vendredi 5 d\u00e9cembre, autour de Roanne, alors que deux individus ont \u00e9t\u00e9&hellip;\n","protected":false},"author":2,"featured_media":586022,"comment_status":"","ping_status":"","sticky":false,"template":"","format":"standard","meta":{"footnotes":""},"categories":[9653],"tags":[1111,11,2430,16513,69945,1777,674,1011,27,7066,3381,12,69943,69946,1072,25,9920,4001,69944],"class_list":{"0":"post-586021","1":"post","2":"type-post","3":"status-publish","4":"format-standard","5":"has-post-thumbnail","7":"category-saint-etienne","8":"tag-actu","9":"tag-actualites","10":"tag-auvergne-rhone-alpes","11":"tag-cambrioleur","12":"tag-commelle-vernay","13":"tag-eu","14":"tag-europe","15":"tag-fr","16":"tag-france","17":"tag-fuite","18":"tag-gendarmerie","19":"tag-news","20":"tag-ouches","21":"tag-parigny","22":"tag-police","23":"tag-republique-francaise","24":"tag-saint-tienne","25":"tag-saint-etienne","26":"tag-villerest"},"share_on_mastodon":{"url":"https:\/\/pubeurope.com\/@fr\/115683224612432189","error":""},"_links":{"self":[{"href":"https:\/\/www.europesays.com\/fr\/wp-json\/wp\/v2\/posts\/586021","targetHints":{"allow":["GET"]}}],"collection":[{"href":"https:\/\/www.europesays.com\/fr\/wp-json\/wp\/v2\/posts"}],"about":[{"href":"https:\/\/www.europesays.com\/fr\/wp-json\/wp\/v2\/types\/post"}],"author":[{"embeddable":true,"href":"https:\/\/www.europesays.com\/fr\/wp-json\/wp\/v2\/users\/2"}],"replies":[{"embeddable":true,"href":"https:\/\/www.europesays.com\/fr\/wp-json\/wp\/v2\/comments?post=586021"}],"version-history":[{"count":0,"href":"https:\/\/www.europesays.com\/fr\/wp-json\/wp\/v2\/posts\/586021\/revisions"}],"wp:featuredmedia":[{"embeddable":true,"href":"https:\/\/www.europesays.com\/fr\/wp-json\/wp\/v2\/media\/586022"}],"wp:attachment":[{"href":"https:\/\/www.europesays.com\/fr\/wp-json\/wp\/v2\/media?parent=586021"}],"wp:term":[{"taxonomy":"category","embeddable":true,"href":"https:\/\/www.europesays.com\/fr\/wp-json\/wp\/v2\/categories?post=586021"},{"taxonomy":"post_tag","embeddable":true,"href":"https:\/\/www.europesays.com\/fr\/wp-json\/wp\/v2\/tags?post=586021"}],"curies":[{"name":"wp","href":"https:\/\/api.w.org\/{rel}","templated":true}]}}