{"id":586033,"date":"2025-12-08T09:29:19","date_gmt":"2025-12-08T09:29:19","guid":{"rendered":"https:\/\/www.europesays.com\/fr\/586033\/"},"modified":"2025-12-08T09:29:19","modified_gmt":"2025-12-08T09:29:19","slug":"tout-citoyen-a-droit-a-un-proces-en-appel-rapelle-marie-pierre-vedel-salles-vice-batonniere-du-barreau-de-montpellier","status":"publish","type":"post","link":"https:\/\/www.europesays.com\/fr\/586033\/","title":{"rendered":"\u00ab\u00a0Tout citoyen a droit \u00e0 un proc\u00e8s en appel\u00a0\u00bb rapelle Marie Pierre Vedel-Salles \u00a0vice-b\u00e2tonni\u00e8re du barreau de Montpellier"},"content":{"rendered":"<p> <img decoding=\"async\" src=\"https:\/\/www.europesays.com\/fr\/wp-content\/uploads\/2025\/12\/1765186158_661_1200x680\" alt=\"illustration agrandir l'image\" style=\"--_image-preview:url('data:image\/jpeg;base64,\/9j\/2wBDACgcHiMeGSgjISMtKygwPGRBPDc3PHtYXUlkkYCZlo+AjIqgtObDoKrarYqMyP\/L2u71\/\/\/\/m8H\/\/\/\/6\/+b9\/\/j\/2wBDASstLTw1PHZBQXb4pYyl+Pj4+Pj4+Pj4+Pj4+Pj4+Pj4+Pj4+Pj4+Pj4+Pj4+Pj4+Pj4+Pj4+Pj4+Pj4+Pj4+Pj\/wAARCAAXACoDASIAAhEBAxEB\/8QAFwABAQEBAAAAAAAAAAAAAAAAAgADAf\/EABcQAQEBAQAAAAAAAAAAAAAAAAABAhH\/xAAWAQEBAQAAAAAAAAAAAAAAAAAAAQL\/xAAVEQEBAAAAAAAAAAAAAAAAAAAAEf\/aAAwDAQACEQMRAD8APHS4NaqR2NIyhypVhpR3hUg2M9JMtCeUga5JIH\/\/2Q==');\" loading=\"eager\" fetchpriority=\"high\" class=\"svelte-1cksh76 rounded\" onload=\"this.__e=event\" onerror=\"this.__e=event\"\/> Ma\u00eetre Marie Pierre Vedel-Salles  la vice-b\u00e2tonni\u00e8re du barreau de Montpellier \u00a9 Radio France &#8211; S\u00e9bastien Garnier    <\/p>\n<p class=\"g-ici-body-regular-3 info svelte-1tw4hsy\">Diffus\u00e9 le lundi 8 d\u00e9cembre 2025 \u00e0 7:47 <\/p>\n<p class=\"g-ici-body-regular-3 info svelte-1tw4hsy\">Publi\u00e9 le lundi 8 d\u00e9cembre 2025 \u00e0 7:47 <\/p>\n<p class=\"g-ici-body-bold-1 standFirst svelte-1gkeky6\">Les avocats de France sont inquiets en raison d&rsquo;un projet de d\u00e9cret qui pr\u00e9voit  de r\u00e9former le droit en appel pour la justice civile. Des rassemblements ont eu lieu la semaine derni\u00e8re. L&rsquo;objectif est d&rsquo;exiger le retrait  d&rsquo;un texte qui priverait, selon eux, beaucoup de personnes de ce droit.<\/p>\n<p>La semaine derni\u00e8re,\u00a0<strong>une centaine d&rsquo;avocats se sont rassembl\u00e9s sur les marches du palais de justice \u00e0 Montpellier<\/strong>. Ils demandaient le retrait d&rsquo;un d\u00e9cret du garde des Sceaux\u00a0qui vise \u00e0 limiter, dans certains cas, la possibilit\u00e9 de faire appel d&rsquo;une d\u00e9cision de justice. <strong>Ce d\u00e9cret concerne la justice civile,<\/strong> celle du quotidien, pas la justice p\u00e9nale.<\/p>\n<p>Maitre Marie Pierre Vedel-Salles, vice-b\u00e2tonni\u00e8re du barreau de Montpellier, est l&rsquo;invit\u00e9e de ICI matin.<\/p>\n<ul class=\"SocialNetworks svelte-oam7rq\">\n<li class=\"svelte-oam7rq\"><\/li>\n<li class=\"svelte-oam7rq\"><\/li>\n<li class=\"svelte-oam7rq\"><\/li>\n<li class=\"svelte-oam7rq\"><\/li>\n<li class=\"svelte-oam7rq\"><\/li>\n<\/ul>\n","protected":false},"excerpt":{"rendered":"Ma\u00eetre Marie Pierre Vedel-Salles la vice-b\u00e2tonni\u00e8re du barreau de Montpellier \u00a9 Radio France &#8211; S\u00e9bastien Garnier Diffus\u00e9 le&hellip;\n","protected":false},"author":2,"featured_media":586034,"comment_status":"","ping_status":"","sticky":false,"template":"","format":"standard","meta":{"footnotes":""},"categories":[9599],"tags":[1111,11,1777,674,1011,27,2208,12,2680,25],"class_list":{"0":"post-586033","1":"post","2":"type-post","3":"status-publish","4":"format-standard","5":"has-post-thumbnail","7":"category-montpellier","8":"tag-actu","9":"tag-actualites","10":"tag-eu","11":"tag-europe","12":"tag-fr","13":"tag-france","14":"tag-montpellier","15":"tag-news","16":"tag-occitanie","17":"tag-republique-francaise"},"share_on_mastodon":{"url":"https:\/\/pubeurope.com\/@fr\/115683248264353991","error":""},"_links":{"self":[{"href":"https:\/\/www.europesays.com\/fr\/wp-json\/wp\/v2\/posts\/586033","targetHints":{"allow":["GET"]}}],"collection":[{"href":"https:\/\/www.europesays.com\/fr\/wp-json\/wp\/v2\/posts"}],"about":[{"href":"https:\/\/www.europesays.com\/fr\/wp-json\/wp\/v2\/types\/post"}],"author":[{"embeddable":true,"href":"https:\/\/www.europesays.com\/fr\/wp-json\/wp\/v2\/users\/2"}],"replies":[{"embeddable":true,"href":"https:\/\/www.europesays.com\/fr\/wp-json\/wp\/v2\/comments?post=586033"}],"version-history":[{"count":0,"href":"https:\/\/www.europesays.com\/fr\/wp-json\/wp\/v2\/posts\/586033\/revisions"}],"wp:featuredmedia":[{"embeddable":true,"href":"https:\/\/www.europesays.com\/fr\/wp-json\/wp\/v2\/media\/586034"}],"wp:attachment":[{"href":"https:\/\/www.europesays.com\/fr\/wp-json\/wp\/v2\/media?parent=586033"}],"wp:term":[{"taxonomy":"category","embeddable":true,"href":"https:\/\/www.europesays.com\/fr\/wp-json\/wp\/v2\/categories?post=586033"},{"taxonomy":"post_tag","embeddable":true,"href":"https:\/\/www.europesays.com\/fr\/wp-json\/wp\/v2\/tags?post=586033"}],"curies":[{"name":"wp","href":"https:\/\/api.w.org\/{rel}","templated":true}]}}