{"id":586043,"date":"2025-12-08T09:40:14","date_gmt":"2025-12-08T09:40:14","guid":{"rendered":"https:\/\/www.europesays.com\/fr\/586043\/"},"modified":"2025-12-08T09:40:14","modified_gmt":"2025-12-08T09:40:14","slug":"lautoroute-fermee-dans-un-sens-des-bouchons-signales","status":"publish","type":"post","link":"https:\/\/www.europesays.com\/fr\/586043\/","title":{"rendered":"l&rsquo;autoroute ferm\u00e9e dans un sens, des bouchons signal\u00e9s"},"content":{"rendered":"<p>                    Par<br \/>\n        <strong><br \/>\n            <a href=\"https:\/\/actu.fr\/auteur\/ivan-capecchi\" title=\"Consulter tous les articles de Ivan CAPECCHI\" target=\"_blank\" rel=\"noopener\">Ivan CAPECCHI<\/a><br \/>\n                    <\/strong><\/p>\n<p>        Publi\u00e9 le<\/p>\n<p>            8 d\u00e9c. 2025 \u00e0 10h16        <\/p>\n<p>Un important <a href=\"https:\/\/actu.fr\/tag\/accident\" target=\"_blank\" rel=\"noopener\">accident<\/a> s\u2019est produit ce lundi matin sur le <a href=\"https:\/\/actu.fr\/grand-est\/strasbourg_67482\/neuf-mois-apres-son-inauguration-le-grand-contournement-ouest-gco-de-strasbourg-remplit-il-son-role_53448505.html\" target=\"_blank\" rel=\"noopener\">Grand contournement ouest (GCO) de Strasbourg<\/a>, \u00e0 hauteur de <strong>Breuschwickersheim<\/strong>.<\/p>\n<p class=\" wall-content\">D\u2019apr\u00e8s la <a href=\"https:\/\/actu.fr\/tag\/gendarmerie\" target=\"_blank\" rel=\"noopener\">gendarmerie<\/a> jointe par nos soins, <strong>cinq poids lourds sont entr\u00e9s en collision<\/strong>.<\/p>\n<p class=\" wall-content\">Toujours d\u2019apr\u00e8s la <strong>gendarmerie<\/strong>, l\u2019<a href=\"https:\/\/actu.fr\/grand-est\/strasbourg_67482\/qu-est-ce-que-l-a355-cette-autoroute-qui-doit-contourner-strasbourg_45472417.html\" target=\"_blank\" rel=\"noopener\">autoroute A355<\/a>, autre nom du GCO, est <strong>coup\u00e9e dans le sens Duppigheim \u2013 Ittenheim<\/strong>.<\/p>\n<p>Les op\u00e9rations toujours en cours, des bouchons \u00ab\u2009importants\u2009\u00bb<\/p>\n<p class=\" wall-content\">Les op\u00e9rations de secours sont <strong>toujours en cours<\/strong>.<\/p>\n<p class=\" wall-content\">On ne sait pas, \u00e0 ce stade, s\u2019il y a des <strong>bless\u00e9s<\/strong>.<\/p>\n<p class=\" wall-content\">Sur sa page Facebook, Info Trafic Bas-Rhin signale <strong>d\u2019\u00ab\u2009importants bouchons\u2009\u00bb<\/strong>.<\/p>\n<p class=\" wall-content\"><strong>Plus d\u2019informations \u00e0 suivre.<\/strong><\/p>\n<p class=\" wall-content\">Personnalisez votre actualit\u00e9 en ajoutant vos villes et m\u00e9dias en favori avec <a href=\"https:\/\/moncompte.actu.fr\" title=\"D\u00e9couvez Mon Actu\" rel=\"nofollow noopener\" data-trk=\"{&quot;cta&quot;:{&quot;action&quot;:&quot;https:\\\/\\\/moncompte.actu.fr&quot;,&quot;category&quot;:&quot;mon compte&quot;,&quot;from&quot;:&quot;article footer&quot;,&quot;name&quot;:&quot;Mon actu&quot;,&quot;type&quot;:&quot;cta&quot;}}\" target=\"_blank\">Mon Actu<\/a>.<\/p>\n","protected":false},"excerpt":{"rendered":"Par Ivan CAPECCHI Publi\u00e9 le 8 d\u00e9c. 2025 \u00e0 10h16 Un important accident s\u2019est produit ce lundi matin&hellip;\n","protected":false},"author":2,"featured_media":586044,"comment_status":"","ping_status":"","sticky":false,"template":"","format":"standard","meta":{"footnotes":""},"categories":[2820],"tags":[119,1111,11,1777,674,118,1011,27,3381,46575,775,12,25,640],"class_list":{"0":"post-586043","1":"post","2":"type-post","3":"status-publish","4":"format-standard","5":"has-post-thumbnail","7":"category-strasbourg","8":"tag-accident","9":"tag-actu","10":"tag-actualites","11":"tag-eu","12":"tag-europe","13":"tag-faits-divers","14":"tag-fr","15":"tag-france","16":"tag-gendarmerie","17":"tag-grand-contournement-ouest-gco","18":"tag-grand-est","19":"tag-news","20":"tag-republique-francaise","21":"tag-strasbourg"},"share_on_mastodon":{"url":"https:\/\/pubeurope.com\/@fr\/115683290483996509","error":""},"_links":{"self":[{"href":"https:\/\/www.europesays.com\/fr\/wp-json\/wp\/v2\/posts\/586043","targetHints":{"allow":["GET"]}}],"collection":[{"href":"https:\/\/www.europesays.com\/fr\/wp-json\/wp\/v2\/posts"}],"about":[{"href":"https:\/\/www.europesays.com\/fr\/wp-json\/wp\/v2\/types\/post"}],"author":[{"embeddable":true,"href":"https:\/\/www.europesays.com\/fr\/wp-json\/wp\/v2\/users\/2"}],"replies":[{"embeddable":true,"href":"https:\/\/www.europesays.com\/fr\/wp-json\/wp\/v2\/comments?post=586043"}],"version-history":[{"count":0,"href":"https:\/\/www.europesays.com\/fr\/wp-json\/wp\/v2\/posts\/586043\/revisions"}],"wp:featuredmedia":[{"embeddable":true,"href":"https:\/\/www.europesays.com\/fr\/wp-json\/wp\/v2\/media\/586044"}],"wp:attachment":[{"href":"https:\/\/www.europesays.com\/fr\/wp-json\/wp\/v2\/media?parent=586043"}],"wp:term":[{"taxonomy":"category","embeddable":true,"href":"https:\/\/www.europesays.com\/fr\/wp-json\/wp\/v2\/categories?post=586043"},{"taxonomy":"post_tag","embeddable":true,"href":"https:\/\/www.europesays.com\/fr\/wp-json\/wp\/v2\/tags?post=586043"}],"curies":[{"name":"wp","href":"https:\/\/api.w.org\/{rel}","templated":true}]}}