{"id":586045,"date":"2025-12-08T09:41:24","date_gmt":"2025-12-08T09:41:24","guid":{"rendered":"https:\/\/www.europesays.com\/fr\/586045\/"},"modified":"2025-12-08T09:41:24","modified_gmt":"2025-12-08T09:41:24","slug":"lunivers-de-stranger-things-envahit-la-gare-de-strasbourg","status":"publish","type":"post","link":"https:\/\/www.europesays.com\/fr\/586045\/","title":{"rendered":"l&rsquo;univers de \u00ab Stranger Things \u00bb envahit la gare de Strasbourg !"},"content":{"rendered":"<p>    <img loading=\"lazy\" width=\"1800\" height=\"900\" src=\"https:\/\/www.europesays.com\/fr\/wp-content\/uploads\/2025\/11\/jeanne-callthepolice.jpg\" class=\"attachment-full size-full\" alt=\"\" id=\"imageLove\" decoding=\"async\"  \/><\/p>\n<p id=\"breadcrumbs\"><a href=\"https:\/\/pokaa.fr\/\" target=\"_blank\" rel=\"noopener\">Accueil<\/a> \/ <a href=\"https:\/\/pokaa.fr\/categories\/actu\/\" target=\"_blank\" rel=\"noopener\">Info locale<\/a> \/ Sapin de No\u00ebl Netflix : l\u2019univers de \u00ab Stranger Things \u00bb envahit la gare de Strasbourg !<\/p>\n<p>                    Info locale<\/p>\n<p><strong>Alors que le volume 1 de la cinqui\u00e8me et ultime saison de Stranger Things est disponible depuis le 27 novembre, Hawkins n\u2019est plus la seule ville \u00e0 se transformer pour r\u00e9aliser le plan de Vecna\u2026 Strasbourg aussi est concern\u00e9e, et plus pr\u00e9cis\u00e9ment sa gare !\u00a0<\/strong><\/p>\n<p>T\u00eate de D\u00e9mogorgon, d\u00e9co de No\u00ebl du Hellfire Club, gaufres : <strong>jusqu\u2019au 4 janvier, le sapin de la gare de Strasbourg accueille l\u2019univers de la s\u00e9rie Netflix Stranger Things<\/strong>. Pour en profiter, <strong>c\u2019est tr\u00e8s simple et gratuit<\/strong>, car il suffit de vous rendre dans le hall principal.<\/p>\n<\/p>\n<p>La capitale alsacienne a en effet \u00e9t\u00e9 choisie pour \u00eatre \u00ab<strong> \u00e9clair\u00e9e par des Stranger Lights \u00bb <\/strong><strong>jusqu\u2019au 4 janvier<\/strong>,\u00a0d\u2019apr\u00e8s <a href=\"https:\/\/www.facebook.com\/netflixfrance\/posts\/la-france-\u00e9clair\u00e9e-par-des-stranger-lights-rendez-vous-\u00e0-bordeaux-promenade-sain\/1255742486587146\/\" target=\"_blank\" rel=\"noopener\">un post Facebook<\/a> du service de streaming. Les villes de Bordeaux et Lyon sont aussi concern\u00e9es. <strong>De quoi patienter avant la sortie du volume 2<\/strong> de la cinqui\u00e8me et ultime saison de la s\u00e9rie, pr\u00e9vue le 26 d\u00e9cembre !<\/p>\n<p>                <img width=\"375\" height=\"500\" src=\"https:\/\/www.europesays.com\/fr\/wp-content\/uploads\/2025\/12\/img-4424-375x500.jpeg\" class=\"attachment-gallery size-gallery\" alt=\"Stranger Things\" data-full-url=\"https:\/\/pokaa.fr\/wp-content\/uploads\/2025\/12\/08\/img-4424.jpeg\" decoding=\"async\" loading=\"lazy\"  \/>            <\/p>\n<p>                <img width=\"375\" height=\"500\" src=\"https:\/\/www.europesays.com\/fr\/wp-content\/uploads\/2025\/12\/img-4432-375x500.jpeg\" class=\"attachment-gallery size-gallery\" alt=\"Stranger Things\" data-full-url=\"https:\/\/pokaa.fr\/wp-content\/uploads\/2025\/12\/08\/img-4432.jpeg\" decoding=\"async\" loading=\"lazy\"  \/>            <\/p>\n<p>                    \u00a9 Anthony Jilli \/ Pokaa<\/p>\n<p>    <img width=\"800\" height=\"600\" src=\"https:\/\/www.europesays.com\/fr\/wp-content\/uploads\/2025\/12\/okk-800x600.jpg\" class=\"attachment-image-size-L size-image-size-L\" alt=\"Stranger Things\" decoding=\"async\" loading=\"lazy\"  \/>         \u00a9 Anthony Jilli \/ Pokaa <\/p>\n<p>                <img width=\"375\" height=\"500\" src=\"https:\/\/www.europesays.com\/fr\/wp-content\/uploads\/2025\/12\/img-4423-375x500.jpeg\" class=\"attachment-gallery size-gallery\" alt=\"Stranger Things\" data-full-url=\"https:\/\/pokaa.fr\/wp-content\/uploads\/2025\/12\/08\/img-4423.jpeg\" decoding=\"async\" loading=\"lazy\"  \/>            <\/p>\n<p>                <img width=\"667\" height=\"500\" src=\"https:\/\/www.europesays.com\/fr\/wp-content\/uploads\/2025\/12\/img-4435-667x500.jpeg\" class=\"attachment-gallery size-gallery\" alt=\"Stranger Things\" data-full-url=\"https:\/\/pokaa.fr\/wp-content\/uploads\/2025\/12\/08\/img-4435.jpeg\" decoding=\"async\" loading=\"lazy\"  \/>            <\/p>\n<p>                    \u00a9 Anthony Jilli \/ Pokaa<\/p>\n<p>    <img width=\"800\" height=\"600\" src=\"https:\/\/www.europesays.com\/fr\/wp-content\/uploads\/2025\/12\/img-4429-800x600.jpg\" class=\"attachment-image-size-L size-image-size-L\" alt=\"Stranger Things\" decoding=\"async\" loading=\"lazy\"  \/>         Au sommet, un D\u00e9mogorgon ! \u00a9 Anthony Jilli \/ Pokaa <\/p>\n<p>                <img width=\"375\" height=\"500\" src=\"https:\/\/www.europesays.com\/fr\/wp-content\/uploads\/2025\/12\/img-4422-375x500.jpeg\" class=\"attachment-gallery size-gallery\" alt=\"Stranger Things\" data-full-url=\"https:\/\/pokaa.fr\/wp-content\/uploads\/2025\/12\/08\/img-4422.jpeg\" decoding=\"async\" loading=\"lazy\"  \/>            <\/p>\n<p>                <img width=\"375\" height=\"500\" src=\"https:\/\/www.europesays.com\/fr\/wp-content\/uploads\/2025\/12\/img-4430-375x500.jpeg\" class=\"attachment-gallery size-gallery\" alt=\"Stranger Things\" data-full-url=\"https:\/\/pokaa.fr\/wp-content\/uploads\/2025\/12\/08\/img-4430.jpeg\" decoding=\"async\" loading=\"lazy\"  \/>            <\/p>\n<p>                    \u00a9 Anthony Jilli \/ Pokaa<\/p>\n","protected":false},"excerpt":{"rendered":"Accueil \/ Info locale \/ Sapin de No\u00ebl Netflix : l\u2019univers de \u00ab Stranger Things \u00bb envahit la&hellip;\n","protected":false},"author":2,"featured_media":586046,"comment_status":"","ping_status":"","sticky":false,"template":"","format":"standard","meta":{"footnotes":""},"categories":[2820],"tags":[1111,11,69952,21076,1777,674,1011,27,775,1757,127,12,42213,25,19536,640,69953,59452],"class_list":{"0":"post-586045","1":"post","2":"type-post","3":"status-publish","4":"format-standard","5":"has-post-thumbnail","7":"category-strasbourg","8":"tag-actu","9":"tag-actualites","10":"tag-eleven","11":"tag-etrange","12":"tag-eu","13":"tag-europe","14":"tag-fr","15":"tag-france","16":"tag-grand-est","17":"tag-insolite","18":"tag-netflix","19":"tag-news","20":"tag-onze","21":"tag-republique-francaise","22":"tag-stranger-things","23":"tag-strasbourg","24":"tag-vecna","25":"tag-will"},"share_on_mastodon":{"url":"https:\/\/pubeurope.com\/@fr\/115683295645567823","error":""},"_links":{"self":[{"href":"https:\/\/www.europesays.com\/fr\/wp-json\/wp\/v2\/posts\/586045","targetHints":{"allow":["GET"]}}],"collection":[{"href":"https:\/\/www.europesays.com\/fr\/wp-json\/wp\/v2\/posts"}],"about":[{"href":"https:\/\/www.europesays.com\/fr\/wp-json\/wp\/v2\/types\/post"}],"author":[{"embeddable":true,"href":"https:\/\/www.europesays.com\/fr\/wp-json\/wp\/v2\/users\/2"}],"replies":[{"embeddable":true,"href":"https:\/\/www.europesays.com\/fr\/wp-json\/wp\/v2\/comments?post=586045"}],"version-history":[{"count":0,"href":"https:\/\/www.europesays.com\/fr\/wp-json\/wp\/v2\/posts\/586045\/revisions"}],"wp:featuredmedia":[{"embeddable":true,"href":"https:\/\/www.europesays.com\/fr\/wp-json\/wp\/v2\/media\/586046"}],"wp:attachment":[{"href":"https:\/\/www.europesays.com\/fr\/wp-json\/wp\/v2\/media?parent=586045"}],"wp:term":[{"taxonomy":"category","embeddable":true,"href":"https:\/\/www.europesays.com\/fr\/wp-json\/wp\/v2\/categories?post=586045"},{"taxonomy":"post_tag","embeddable":true,"href":"https:\/\/www.europesays.com\/fr\/wp-json\/wp\/v2\/tags?post=586045"}],"curies":[{"name":"wp","href":"https:\/\/api.w.org\/{rel}","templated":true}]}}