{"id":586047,"date":"2025-12-08T09:42:12","date_gmt":"2025-12-08T09:42:12","guid":{"rendered":"https:\/\/www.europesays.com\/fr\/586047\/"},"modified":"2025-12-08T09:42:12","modified_gmt":"2025-12-08T09:42:12","slug":"la-metropole-nice-cote-dazur-lance-la-phase-operationnelle-du-futur-parc","status":"publish","type":"post","link":"https:\/\/www.europesays.com\/fr\/586047\/","title":{"rendered":"La M\u00e9tropole Nice C\u00f4te d\u2019Azur lance la phase op\u00e9rationnelle du futur Parc (\u2026)"},"content":{"rendered":"<p>                    <img loading=\"lazy\" decoding=\"async\" src=\"https:\/\/www.petitesaffiches.fr\/local\/cache-gd2\/08\/be163cd31e9f2138d5f106b20fec3a.webp?1765186663\" class=\"img-responsive post-image\" width=\"680\" height=\"510\" alt=\"La M\u00e9tropole Nice C\u00f4te\" title=\"La M\u00e9tropole Nice C\u00f4te d'Azur lance la phase op\u00e9rationnelle du futur Parc des Expositions\"\/><\/p>\n<p class=\"chapo\">Le Conseil m\u00e9tropolitain de Nice C\u00f4te d\u2019Azur a valid\u00e9 vendredi 5 d\u00e9cembre, une nouvelle \u00e9tape dans l\u2019avancement du futur Palais des Expositions et des Congr\u00e8s (PEC). Plusieurs d\u00e9lib\u00e9rations d\u00e9terminantes ont \u00e9t\u00e9 adopt\u00e9es\u00a0: le bilan de la concertation publique, la convention de groupement d\u2019autorit\u00e9s conc\u00e9dantes et le principe de recours \u00e0 une concession de service public pour la conception, la r\u00e9alisation et l\u2019exploitation du futur \u00e9quipement.<\/p>\n<p>Ces d\u00e9cisions ouvrent d\u00e9sormais la voie au lancement, d\u00e8s janvier 2026, de l\u2019appel d\u2019offres destin\u00e9 aux op\u00e9rateurs priv\u00e9s et \u00e0 leurs groupements.<\/p>\n<p>Un \u00e9quipement structurant pour l\u2019attractivit\u00e9 du territoire<\/p>\n<p>Pens\u00e9 comme un moteur de d\u00e9veloppement \u00e9conomique, le<a href=\"https:\/\/www.nicecotedazur.org\/projets\/parc-des-expositions-et-des-congres\/\" class=\"spip_out\" rel=\"external noopener\" target=\"_blank\">futur Parc des Expositions et des Congr\u00e8s<\/a> vise \u00e0 renforcer la capacit\u00e9 de la M\u00e9tropole \u00e0 accueillir des \u00e9v\u00e9nements d\u2019envergure nationale et internationale. <strong>Le projet pr\u00e9voit un \u00e9quipement modulable, innovant, et id\u00e9alement situ\u00e9 \u00e0 proximit\u00e9 imm\u00e9diate de la future gare Nice A\u00e9roport, de l\u2019a\u00e9roport et des lignes de tramway, notamment la future T4 qui comptera un arr\u00eat d\u00e9di\u00e9.<\/strong><br class=\"autobr\"\/><br \/>\nImplant\u00e9 dans la Zone d\u2019Activit\u00e9s Concert\u00e9e du Grand Ar\u00e9nas, le PEC sera construit <strong>sur l\u2019actuel foncier du MIN Fleurs.<\/strong> La grande halle existante, couvrant 13 000 m\u00b2, sera r\u00e9habilit\u00e9e afin d\u2019en pr\u00e9server les qualit\u00e9s architecturales et structurelles. Le projet inclut \u00e9galement la cr\u00e9ation d\u2019un parc paysager de 50 000 m\u00b2, permettant de d\u00e9simperm\u00e9abiliser plus de la moiti\u00e9 de la surface artificialis\u00e9e du site.<br class=\"autobr\"\/><br \/>\nOutre son r\u00f4le structurant pour la fili\u00e8re des congr\u00e8s et expositions, l\u2019\u00e9quipement devrait g\u00e9n\u00e9rer des retomb\u00e9es \u00e9conomiques et fiscales significatives pour la M\u00e9tropole, le d\u00e9partement et la r\u00e9gion, renfor\u00e7ant la comp\u00e9titivit\u00e9 de Nice face aux grandes destinations europ\u00e9ennes.<\/p>\n<p>Concertation publique\u00a0: un accueil largement favorable<\/p>\n<p>Bien que le projet n\u2019ait pas \u00e9t\u00e9 soumis \u00e0 une obligation r\u00e9glementaire de concertation, la M\u00e9tropole Nice C\u00f4te d\u2019Azur a choisi d\u2019organiser une consultation volontaire aupr\u00e8s du public. Entre le 28 juillet et le 5 octobre 2025, habitants et acteurs locaux ont pu formuler leurs observations.<strong> Selon les r\u00e9sultats pr\u00e9sent\u00e9s en s\u00e9ance, 80\u00a0% des contributions exprim\u00e9es se d\u00e9clarent favorables au projet.<\/strong><\/p>\n<p>Les grandes \u00e9tapes \u00e0 venir<\/p>\n<p>Le calendrier pr\u00e9visionnel pr\u00e9sent\u00e9 lors du conseil m\u00e9tropolitain fixe les \u00e9tapes suivantes\u00a0:<br class=\"autobr\"\/><br \/>\n<strong>2026\u00a0: choix du concessionnaire\u00a0;<\/strong><br class=\"autobr\"\/><br \/>\n2027\u00a0: d\u00e9p\u00f4t du permis de construire et lib\u00e9ration du site par le MIN Fleurs\u00a0;<br class=\"autobr\"\/><br \/>\n2028\u00a0: restructuration et premiers am\u00e9nagements\u00a0;<br class=\"autobr\"\/><br \/>\n<strong>2029-2030\u00a0: mise \u00e0 disposition provisoire du site pour l\u2019International Broadcast Center des Jeux Olympiques et Paralympiques d\u2019Hiver 2030\u00a0;<\/strong><br class=\"autobr\"\/><br \/>\n<strong>2030-2032\u00a0: finalisation du chantier et livraison compl\u00e8te du Parc des Expositions et des Congr\u00e8s.<\/strong><\/p>\n<p>Avec l\u2019adoption de ces d\u00e9lib\u00e9rations, la M\u00e9tropole pose ainsi un jalon d\u00e9cisif dans la concr\u00e9tisation de ce projet majeur pour l\u2019avenir \u00e9conomique et \u00e9v\u00e9nementiel du territoire.<\/p>\n<p>Visuel de Une \u00a9Perspective Grand Arenas \u00a9Leclercq<\/p>\n","protected":false},"excerpt":{"rendered":"Le Conseil m\u00e9tropolitain de Nice C\u00f4te d\u2019Azur a valid\u00e9 vendredi 5 d\u00e9cembre, une nouvelle \u00e9tape dans l\u2019avancement du&hellip;\n","protected":false},"author":2,"featured_media":586048,"comment_status":"","ping_status":"","sticky":false,"template":"","format":"standard","meta":{"footnotes":""},"categories":[2819],"tags":[1111,11,2408,1777,674,1011,27,12,2401,882,25],"class_list":{"0":"post-586047","1":"post","2":"type-post","3":"status-publish","4":"format-standard","5":"has-post-thumbnail","7":"category-nice","8":"tag-actu","9":"tag-actualites","10":"tag-appels-d","11":"tag-eu","12":"tag-europe","13":"tag-fr","14":"tag-france","15":"tag-news","16":"tag-nice","17":"tag-provence-alpes-cote-dazur","18":"tag-republique-francaise"},"share_on_mastodon":{"url":"https:\/\/pubeurope.com\/@fr\/115683298590883350","error":""},"_links":{"self":[{"href":"https:\/\/www.europesays.com\/fr\/wp-json\/wp\/v2\/posts\/586047","targetHints":{"allow":["GET"]}}],"collection":[{"href":"https:\/\/www.europesays.com\/fr\/wp-json\/wp\/v2\/posts"}],"about":[{"href":"https:\/\/www.europesays.com\/fr\/wp-json\/wp\/v2\/types\/post"}],"author":[{"embeddable":true,"href":"https:\/\/www.europesays.com\/fr\/wp-json\/wp\/v2\/users\/2"}],"replies":[{"embeddable":true,"href":"https:\/\/www.europesays.com\/fr\/wp-json\/wp\/v2\/comments?post=586047"}],"version-history":[{"count":0,"href":"https:\/\/www.europesays.com\/fr\/wp-json\/wp\/v2\/posts\/586047\/revisions"}],"wp:featuredmedia":[{"embeddable":true,"href":"https:\/\/www.europesays.com\/fr\/wp-json\/wp\/v2\/media\/586048"}],"wp:attachment":[{"href":"https:\/\/www.europesays.com\/fr\/wp-json\/wp\/v2\/media?parent=586047"}],"wp:term":[{"taxonomy":"category","embeddable":true,"href":"https:\/\/www.europesays.com\/fr\/wp-json\/wp\/v2\/categories?post=586047"},{"taxonomy":"post_tag","embeddable":true,"href":"https:\/\/www.europesays.com\/fr\/wp-json\/wp\/v2\/tags?post=586047"}],"curies":[{"name":"wp","href":"https:\/\/api.w.org\/{rel}","templated":true}]}}