{"id":586053,"date":"2025-12-08T09:45:17","date_gmt":"2025-12-08T09:45:17","guid":{"rendered":"https:\/\/www.europesays.com\/fr\/586053\/"},"modified":"2025-12-08T09:45:17","modified_gmt":"2025-12-08T09:45:17","slug":"lussa-vertou-ramene-un-point-du-derby-a-nantes-net-regain-de-forme-de-gorges-en-r2","status":"publish","type":"post","link":"https:\/\/www.europesays.com\/fr\/586053\/","title":{"rendered":"l&rsquo;USSA Vertou ram\u00e8ne un point du derby \u00e0 Nantes, net regain de forme de Gorges en R2"},"content":{"rendered":"<p>                    Par<br \/>\n        <strong><br \/>\n            <a href=\"https:\/\/actu.fr\/auteur\/vincent-malboeuf\" title=\"Consulter tous les articles de Vincent Malb\u0153uf\" target=\"_blank\" rel=\"noopener\">Vincent Malb\u0153uf<\/a><br \/>\n                    <\/strong><\/p>\n<p>        Publi\u00e9 le<\/p>\n<p>            8 d\u00e9c. 2025 \u00e0 10h22        <\/p>\n<p>National 3<\/p>\n<p class=\" wall-content\">FC Nantes B \u2013 USSA Vertou 1-1 (A. Kisaku)<\/p>\n<p class=\" wall-content\"><a href=\"https:\/\/epreuves.fff.fr\/competition\/engagement\/439452-n3\/phase\/1\/2\/classement\" target=\"_blank\" rel=\"noopener\">Le classement<\/a><\/p>\n<p>R\u00e9gional 1<\/p>\n<p class=\" wall-content\">Groupe A : FC Saint-Julien Divatte \u2013 Mareuil sur Lay 1-1 (E. Barreau)<\/p>\n<p class=\" wall-content\">La Roche VF B \u2013 USSA Vertou B 0-2 (A. Sadio, A. Mokrane)<\/p>\n<p class=\" wall-content\"><a href=\"https:\/\/lfpl.fff.fr\/competitions?tab=ranking&amp;id=437762&amp;phase=1&amp;poule=1&amp;type=ch\" target=\"_blank\" rel=\"noopener\">Le classement<\/a><\/p>\n<p>R\u00e9gional 2<\/p>\n<p class=\" wall-content\">Groupe C : Saint Andr\u00e9 Saint Macaire \u2013 Gorges 1-2 (B. Morillon, L. Le Gall)<\/p>\n<p class=\" wall-content\"><a href=\"https:\/\/lfpl.fff.fr\/competitions?tab=ranking&amp;id=437763&amp;phase=1&amp;poule=3&amp;type=ch\" target=\"_blank\" rel=\"noopener\">Le classement<\/a><\/p>\n<p class=\" wall-content\">Groupe D : USSA Vertou C \u2013 Saint-Saturnin 3-3 (N. Feindouno, Y. Danfa, T. Lebrun)<\/p>\n<p class=\" wall-content\">Basse-Goulaine \u2013 Spay 5-1 (E. Piou 2, V. Iakovlev 2, H. Bouillet)<\/p>\n<p>Vid\u00e9os : en ce moment sur Actu<\/p>\n<p class=\" wall-content\"><a href=\"https:\/\/lfpl.fff.fr\/competitions?tab=ranking&amp;id=437763&amp;phase=1&amp;poule=4&amp;type=ch\" target=\"_blank\" rel=\"noopener\">Le classement<\/a><\/p>\n<p>R\u00e9gional 3<\/p>\n<p class=\" wall-content\">Groupe G : Ancenis \u2013 FC Coteaux du Vignoble 1-1 (J. Marsac)<\/p>\n<p class=\" wall-content\">La Pommeraye \u2013 FC Saint-Julien Divatte B 0-1 (Y. Goussin)<\/p>\n<p>Votre r\u00e9gion, votre actu !<\/p>\n<p>Recevez chaque jour les infos qui comptent pour vous.<\/p>\n<p>\t<a href=\"https:\/\/actu.fr\/newsletter\" class=\"ac-btn ac-btn--corner ac-btn--medium ac-btn--blue800\" target=\"_blank\" rel=\"noopener\">S&rsquo;incrire<\/a><\/p>\n<p class=\" wall-content\"><a href=\"https:\/\/lfpl.fff.fr\/competitions?tab=ranking&amp;id=437764&amp;phase=1&amp;poule=7&amp;type=ch\" target=\"_blank\" rel=\"noopener\">Le classement<\/a><\/p>\n<p class=\" wall-content\">Groupe H : LLOSC \u2013 St-S\u00e9bastien B 1-1 (non communiqu\u00e9)<\/p>\n<p class=\" wall-content\"><a href=\"https:\/\/lfpl.fff.fr\/competitions?tab=ranking&amp;id=437764&amp;phase=1&amp;poule=8&amp;type=ch\" target=\"_blank\" rel=\"noopener\">Le classement<\/a><\/p>\n<p class=\" wall-content\">Groupe J : Vieillevigne-La Planche \u2013 Les Sables B 3-1 (V. Picot 2, C. Blinet)<\/p>\n<p class=\" wall-content\"><a href=\"https:\/\/lfpl.fff.fr\/competitions?tab=ranking&amp;id=437764&amp;phase=1&amp;poule=10&amp;type=ch\" target=\"_blank\" rel=\"noopener\">Le classement<\/a><\/p>\n<p>D1<\/p>\n<p class=\" wall-content\">Groupe A : AS Maine \u2013 Gu\u00e9m\u00e9n\u00e9 2-1 (csc, V. Judalet)\u00a0<\/p>\n<p class=\" wall-content\"><a href=\"https:\/\/foot44.fff.fr\/competitions?tab=ranking&amp;id=436120&amp;phase=1&amp;poule=1&amp;type=ch\" target=\"_blank\" rel=\"noopener\">Le classement<\/a><\/p>\n<p class=\" wall-content\">Groupe B : FC Entente du Vignoble \u2013 Rouans 5-0 (E. Le Bot 2, G. Madoukou 2, A. Gaboreau)<\/p>\n<p class=\" wall-content\">ES Vertou \u2013 Montoir 4-0 (G. Artarit, R. Esneau 2, M. Barkari)<\/p>\n<p class=\" wall-content\">Gorges B \u2013 Suc\u00e9 sur Erdre 2-2 (S. Kabor\u00e9, M. Blanloeil)<\/p>\n<p class=\" wall-content\"><a href=\"https:\/\/foot44.fff.fr\/competitions?tab=ranking&amp;id=436120&amp;phase=1&amp;poule=2&amp;type=ch\" target=\"_blank\" rel=\"noopener\">Le classement<\/a><\/p>\n<p>D2<\/p>\n<p class=\" wall-content\">Groupe C : Vallet \u2013 Abbaretz 2-1<\/p>\n<p class=\" wall-content\">FC Saint Julien Divatte C \u2013 Ancenis B 2-0<\/p>\n<p class=\" wall-content\"><a href=\"https:\/\/foot44.fff.fr\/competitions?tab=ranking&amp;id=436121&amp;phase=1&amp;poule=3&amp;type=ch\" target=\"_blank\" rel=\"noopener\">Le classement<\/a><\/p>\n<p class=\" wall-content\">Groupe D : USSA Vertou D \u2013 Pornic B 2-1<\/p>\n<p class=\" wall-content\">Chaumes \u2013 AS Sud Loire 1-0<\/p>\n<p class=\" wall-content\">FC Coteaux du Vignoble B \u2013 Nantes Mellinet B 3-2<\/p>\n<p class=\" wall-content\">Clisson \u2013 Nantes Guin\u00e9enne 1-0<\/p>\n<p class=\" wall-content\">Saint Michel Oc\u00e9ane \u2013 FC G\u00e9tign\u00e9 Boussay 0-0<\/p>\n<p class=\" wall-content\"><a href=\"https:\/\/foot44.fff.fr\/competitions?tab=ranking&amp;id=436121&amp;phase=1&amp;poule=4&amp;type=ch\" target=\"_blank\" rel=\"noopener\">Le classement<\/a><\/p>\n<p class=\" wall-content\">Personnalisez votre actualit\u00e9 en ajoutant vos villes et m\u00e9dias en favori avec <a href=\"https:\/\/moncompte.actu.fr\" title=\"D\u00e9couvez Mon Actu\" rel=\"nofollow noopener\" data-trk=\"{&quot;cta&quot;:{&quot;action&quot;:&quot;https:\\\/\\\/moncompte.actu.fr&quot;,&quot;category&quot;:&quot;mon compte&quot;,&quot;from&quot;:&quot;article footer&quot;,&quot;name&quot;:&quot;Mon actu&quot;,&quot;type&quot;:&quot;cta&quot;}}\" target=\"_blank\">Mon Actu<\/a>.<\/p>\n","protected":false},"excerpt":{"rendered":"Par Vincent Malb\u0153uf Publi\u00e9 le 8 d\u00e9c. 2025 \u00e0 10h22 National 3 FC Nantes B \u2013 USSA Vertou&hellip;\n","protected":false},"author":2,"featured_media":586054,"comment_status":"","ping_status":"","sticky":false,"template":"","format":"standard","meta":{"footnotes":""},"categories":[2818],"tags":[1111,11,1777,674,1011,27,766,12,2636,25,60,2900],"class_list":{"0":"post-586053","1":"post","2":"type-post","3":"status-publish","4":"format-standard","5":"has-post-thumbnail","7":"category-nantes","8":"tag-actu","9":"tag-actualites","10":"tag-eu","11":"tag-europe","12":"tag-fr","13":"tag-france","14":"tag-nantes","15":"tag-news","16":"tag-pays-de-la-loire","17":"tag-republique-francaise","18":"tag-sports","19":"tag-vignoble-nantais"},"share_on_mastodon":{"url":"https:\/\/pubeurope.com\/@fr\/115683310000552765","error":""},"_links":{"self":[{"href":"https:\/\/www.europesays.com\/fr\/wp-json\/wp\/v2\/posts\/586053","targetHints":{"allow":["GET"]}}],"collection":[{"href":"https:\/\/www.europesays.com\/fr\/wp-json\/wp\/v2\/posts"}],"about":[{"href":"https:\/\/www.europesays.com\/fr\/wp-json\/wp\/v2\/types\/post"}],"author":[{"embeddable":true,"href":"https:\/\/www.europesays.com\/fr\/wp-json\/wp\/v2\/users\/2"}],"replies":[{"embeddable":true,"href":"https:\/\/www.europesays.com\/fr\/wp-json\/wp\/v2\/comments?post=586053"}],"version-history":[{"count":0,"href":"https:\/\/www.europesays.com\/fr\/wp-json\/wp\/v2\/posts\/586053\/revisions"}],"wp:featuredmedia":[{"embeddable":true,"href":"https:\/\/www.europesays.com\/fr\/wp-json\/wp\/v2\/media\/586054"}],"wp:attachment":[{"href":"https:\/\/www.europesays.com\/fr\/wp-json\/wp\/v2\/media?parent=586053"}],"wp:term":[{"taxonomy":"category","embeddable":true,"href":"https:\/\/www.europesays.com\/fr\/wp-json\/wp\/v2\/categories?post=586053"},{"taxonomy":"post_tag","embeddable":true,"href":"https:\/\/www.europesays.com\/fr\/wp-json\/wp\/v2\/tags?post=586053"}],"curies":[{"name":"wp","href":"https:\/\/api.w.org\/{rel}","templated":true}]}}