{"id":586059,"date":"2025-12-08T09:48:17","date_gmt":"2025-12-08T09:48:17","guid":{"rendered":"https:\/\/www.europesays.com\/fr\/586059\/"},"modified":"2025-12-08T09:48:17","modified_gmt":"2025-12-08T09:48:17","slug":"restaurants-et-menus-de-fetes-ou-manger-dans-le-sud-est-toulousain-en-cette-fin-dannee","status":"publish","type":"post","link":"https:\/\/www.europesays.com\/fr\/586059\/","title":{"rendered":"Restaurants et menus de f\u00eates : o\u00f9 manger dans le Sud-Est Toulousain en cette fin d&rsquo;ann\u00e9e ?"},"content":{"rendered":"<p>Le Sud-Est Toulousain cultive un art de vivre o\u00f9 l\u2019on vient autant pour <strong>les balades au grand air<\/strong> que pour les <strong>rendez-vous de fin d\u2019ann\u00e9e<\/strong>, de ses <strong>march\u00e9s de No\u00ebl<\/strong> \u00e0 ses <strong>spectacles en famille<\/strong>. \u00c0 l\u2019heure de passer \u00e0 table, le territoire aligne des <strong>tables engag\u00e9es, festives ou tr\u00e8s haut de gamme<\/strong>. S\u00e9lection en trois ambiances !<\/p>\n<p>\u00a0<\/p>\n<p>De belles tables dans un cadre intimiste<\/p>\n<p>Des adresses o\u00f9 l\u2019on s\u2019installe<strong> sans pr\u00e9cipitation<\/strong>, port\u00e9es par des chefs qui privil\u00e9gient <strong>la proximit\u00e9<\/strong>,<strong> la saison et les ambiances feutr\u00e9es<\/strong>.<br \/>\u00a0<\/p>\n<p><strong>Le Pomper, \u00e0\u00a0Pompertuzat<\/strong><\/p>\n<p>R\u00e9ouvert r\u00e9cemment sous l\u2019impulsion de Gr\u00e9gory Truilh\u00e9, <strong>Le Pompert<\/strong> associe restaurant, \u00e9picerie fine et plats \u00e0 emporter. Le chef, pass\u00e9 par de belles tables toulousaines, y d\u00e9fend une cuisine du moment \u00e9crite \u00e0 l\u2019ardoise, inspir\u00e9e de ses racines gersoises. L\u2019hiver donne au lieu un esprit de refuge simple et assum\u00e9, avec 25 couverts et une cuisine ouverte qui permet le contact direct avec les convives. Les produits de f\u00eates peuvent \u00eatre command\u00e9s avant le 18 d\u00e9cembre pour accompagner les repas de No\u00ebl \u00e0 la maison.<\/p>\n<p>\u00a0<\/p>\n<p><strong>L\u2019Antidote, \u00e0 Castanet-Tolosan<\/strong><\/p>\n<p>Aux portes du Lauragais, <strong>L\u2019Antidote Rem\u00e8de Local<\/strong> met en avant une gastronomie fran\u00e7aise revisit\u00e9e autour de produits choisis en circuits courts. La cave suit la m\u00eame philosophie : vignerons engag\u00e9s, domaines biodynamiques et cuv\u00e9es nature. Avant sa pause hivernale (du 24 d\u00e9cembre au 6 janvier), l\u2019adresse met en lumi\u00e8re les cr\u00e9ations bistronomiques du chef, id\u00e9ales pour un d\u00e9jeuner ou un d\u00eener de saison.<\/p>\n<p>\u00a0<\/p>\n<p><strong>La Yaya, \u00e0 Odars<\/strong><\/p>\n<p>\u00c0 Odars, M\u00e9lissa et B\u00e9renger ont transform\u00e9 l\u2019ancien caf\u00e9 du village en une cantine fine qui raconte autant une <strong>histoire familiale<\/strong> qu\u2019un engagement pour la <strong>cuisine du march\u00e9<\/strong>. Le nom (<strong>La Yaya<\/strong>, clin d\u2019\u0153il \u00e0 la grand-m\u00e8re catalane de B\u00e9renger) pose le ton d\u2019un lieu o\u00f9 les <strong>produits locaux<\/strong> prennent le premier r\u00f4le, du fromage familial aux canards \u00e9labor\u00e9s dans les fermes voisines. Pour les f\u00eates, le restaurant propose un<strong> foie gras maison <\/strong>disponible tout le mois de d\u00e9cembre et un <strong>menu de Nouvel An <\/strong>fa\u00e7onn\u00e9 selon l\u2019inspiration du moment.<\/p>\n<p>        <img decoding=\"async\" class=\"std-img__img responsive-img\" src=\"https:\/\/www.europesays.com\/fr\/wp-content\/uploads\/2025\/12\/1765187295_286_image.jpg\" alt=\"La Yaya, \u00e0 Odars\"\/><\/p>\n<p>                La Yaya, \u00e0 Odars<\/p>\n<p>\u00a0<\/p>\n<blockquote>\n<p>A lire aussi :\u00a0<a data-xiti-action=\"arches-recherche::colgauche::article4::article-titre,N\" href=\"https:\/\/www.toulouscope.fr\/2025\/08\/01\/douze-restaurants-du-sud-est-toulousain-en-lice-pour-le-prestigieux-prix-lucien-vanel-2025-12844002.php\" target=\"_blank\" rel=\"noopener\">Douze restaurants du Sud-Est toulousain en lice pour le prestigieux Prix Lucien Vanel 2025<\/a><\/p>\n<\/blockquote>\n<p>\u00a0<\/p>\n<p>Ambiance festive, d\u00e9contract\u00e9e, et gourmande&#8230; L&rsquo;accord parfait<\/p>\n<p>Des lieux qui rythment la fin d\u2019ann\u00e9e avec des <strong>soir\u00e9es anim\u00e9es<\/strong>, des <strong>grands buffets<\/strong> et une <strong>atmosph\u00e8re propice aux retrouvailles<\/strong>.<\/p>\n<p>\u00a0<\/p>\n<p><strong>Les Marins d\u2019Eau Douce, \u00e0 Ramonville Saint-Agne<\/strong>\u00a0<\/p>\n<p>L\u2019adresse annonce la couleur en fin d\u2019ann\u00e9e : menus d\u00e9di\u00e9s, grandes tabl\u00e9es et une formule pens\u00e9e sp\u00e9cialement pour le r\u00e9veillon avec <strong>un acc\u00e8s au Bikini <\/strong>pour sa soir\u00e9e \u00ab\u00a043 ans de musique\u00a0\u00bb. L\u2019endroit attire autant <strong>les groupes<\/strong> que<strong> les duos<\/strong> qui souhaitent associer<strong> d\u00eener et soir\u00e9e festive<\/strong>. R\u00e9servations fortement encourag\u00e9es pour cette p\u00e9riode o\u00f9 les places partent vite !<\/p>\n<p>\u00a0<\/p>\n<p><strong>Le Supper, \u00e0 Lab\u00e8ge\u00a0<\/strong><\/p>\n<p>Install\u00e9 au sein de la r\u00e9sidence coliving Hife, <strong>Le\u00a0Supper<\/strong> propose une exp\u00e9rience qui brouille volontairement les fronti\u00e8res entre<strong> restaurant, bar et lieu de vie<\/strong>. Petit-d\u00e9jeuner et d\u00e9jeuner buffet, assiettes \u00e0 partager pour le d\u00eener\u00a0et brunch prolong\u00e9 le week-end&#8230; l\u2019offre \u00e9volue tout au long de la journ\u00e9e. Pour les f\u00eates, <strong>Le Supper<\/strong> d\u00e9ploie un Christmas Buffet servi<strong> tous les soirs jusqu\u2019au 28 d\u00e9cembre<\/strong>, dans un cadre seventies enti\u00e8rement revisit\u00e9 pour l\u2019occasion. Plusieurs<strong> formules de groupe <\/strong>compl\u00e8tent l\u2019offre !<\/p>\n<blockquote>\n<p>A lire : <a data-xiti-action=\"arches-recherche::colgauche::article2::article-titre,N\" href=\"https:\/\/www.toulouscope.fr\/2025\/09\/26\/residence-coliving-hife-supper-bar-restaurant-a-labege-le-spot-ultra-vivant-qui-mixe-coliving-buffets-xxl-et-services-personnalises-12726954.php\" target=\"_blank\" rel=\"noopener\">R\u00e9sidence coliving HIFE &amp; Supper Bar Restaurant \u00e0 Lab\u00e8ge : le spot ultra-vivant qui mixe coliving, buffets XXL, et services personnalis\u00e9s<\/a><\/p>\n<\/blockquote>\n<p>        <img decoding=\"async\" class=\"std-img__img responsive-img\" src=\"https:\/\/www.europesays.com\/fr\/wp-content\/uploads\/2025\/12\/1765187296_824_image.jpg\" alt=\"Le Supper d\u00e9ploie un Christmas Buffet servi tous les soirs jusqu\u2019au 28 d\u00e9cembre\"\/><\/p>\n<p>                Le Supper d\u00e9ploie un Christmas Buffet servi tous les soirs jusqu\u2019au 28 d\u00e9cembre<\/p>\n<p>\u00a0<\/p>\n<p>Des adresses bistronomiques ou gastronomiques, dans un cadre privil\u00e9gi\u00e9<\/p>\n<p>Des tables d\u2019exception reconnues par Gault &amp; Millau ou Michelin, o\u00f9 la cuisine se fait plus pr\u00e9cise, plus inspir\u00e9e, et o\u00f9 chaque repas devient un rendez-vous marquant.\u00a0<\/p>\n<p>\u00a0<\/p>\n<p><strong>En Marge, \u00e0 Aureville<\/strong><\/p>\n<p>Tenu par Franck et Isabelle Renimel, <strong>En Marge<\/strong> s\u2019est impos\u00e9 comme une<strong> \u00e9tape gastronomique<\/strong> majeure au sud de Toulouse. Install\u00e9 dans un ancien corps de ferme du XIX\u1d49 si\u00e8cle, le restaurant r\u00e9unit jardin potager, terrasses et cinq chambres d\u2019h\u00f4tes. Le chef y\u00a0signe une<strong> cuisine affirm\u00e9e, ancr\u00e9e dans le terroir d\u2019Occitanie<\/strong> et port\u00e9e par une <strong>technique pr\u00e9cise<\/strong>. Truffes, caviar, chapon et Saint-Jacques sublim\u00e9s avec des produits gourmets\u00a0: la cr\u00e9ativit\u00e9 du chef s\u2019exprime dans des assiettes construites avec exigence. Une adresse id\u00e9ale pour un <strong>repas de f\u00eate <\/strong>\u00e0 <strong>haute intensit\u00e9 gastronomique.<\/strong><\/p>\n<p>\u00a0<\/p>\n<p><strong>La Table des Merville, \u00e0 Castanet-Tolosan<\/strong><\/p>\n<p>Depuis plus de vingt ans, <strong>Thierry Merville<\/strong> y d\u00e9fend un travail minutieux <strong>sur le terroir du Sud-Ouest<\/strong>. L\u2019adresse propose pour les f\u00eates une s\u00e9rie d\u2019options : bons cadeaux, menus pour repas d\u2019entreprises, plateaux-repas pour les r\u00e9veillons du 24 et du 31 d\u00e9cembre. Une table o\u00f9 les <strong>traditions r\u00e9gionales<\/strong> se m\u00ealent \u00e0 une <strong>approche contemporaine<\/strong>.<\/p>\n<p>\u00a0<\/p>\n<p><strong>La Table d\u2019Auzeville, \u00e0 Auzeville-Tolosane<\/strong><\/p>\n<p>Fabrice Di Rienzo propose pour la fin d\u2019ann\u00e9e une s\u00e9lection de plats \u00e0 emporter (commandes jusqu\u2019aux 21 et 28 d\u00e9cembre) pour composer soi-m\u00eame un <strong>repas de f\u00eates<\/strong> inspir\u00e9 de sa cuisine. Une option privil\u00e9gi\u00e9e pour apporter une touche de<strong> grande tradition fran\u00e7aise<\/strong> \u00e0 sa table familiale.<\/p>\n<p>\u00a0<\/p>\n<p><strong>La Table de Laurent, \u00e0 Ramonville Saint-Agne<\/strong><\/p>\n<p>\u00c0 deux pas du canal, La Table de Laurent d\u00e9fend une cuisine qui suit le rythme des saisons et des producteurs avec lesquels le chef Laurent Prat travaille au quotidien. Le midi, l\u2019adresse privil\u00e9gie des recettes traditionnelles pens\u00e9es pour un service efficace ; le soir, la carte gagne en cr\u00e9ativit\u00e9.<\/p>\n<p>Pour No\u00ebl, un <strong>deje\u00fbner de f\u00eate \u00e0 31\u20ac <\/strong>(entr\u00e9e, plat, dessert)\u00a0est propos\u00e9<strong> du 15 au 24 d\u00e9cembre<\/strong>, compl\u00e9t\u00e9 par une<strong> carte d\u2019inspiration festive <\/strong>\u00e0 emporter.<\/p>\n<p>\u00a0<\/p>\n<p><strong>Le Bellevue, \u00e0 Lacroix-Falgarde<\/strong><\/p>\n<p>Sur les rives de l\u2019Ari\u00e8ge, Yann Ghazal (pass\u00e9 par Londres, Marrakech, Casablanca et par les cuisines du Bibent \u00e0 Toulouse) est le garant de l&rsquo;excellence du restaurant <strong>Le Bellevue<\/strong>. Il y propose une cuisine articul\u00e9e autour de<strong> produits embl\u00e9matiques<\/strong> : <strong>foie gras, \u0153uf crousti-coulant, Saint-Jacques<\/strong>\u2026 L&rsquo;\u00e9tablisssement\u00a0dominant la confluence Ari\u00e8ge\/Garonne donne \u00e0 l\u2019endroit un cadre particulier, sublim\u00e9 en hiver par une carte qui met en avant la saison et ses produits signature.\n<\/p>\n<p>        <img decoding=\"async\" class=\"std-img__img responsive-img\" src=\"https:\/\/www.europesays.com\/fr\/wp-content\/uploads\/2025\/12\/1765187297_124_image.jpg\" alt=\"Le Bellevue, \u00e0 Lacroix-Falgarde\"\/><\/p>\n<p>                Le Bellevue, \u00e0 Lacroix-Falgarde<\/p>\n<p>\u00a0<\/p>\n<p>Le Sud-Est Toulousain r\u00e9unit en cette fin d\u2019ann\u00e9e des adresses o\u00f9 chacun peut<strong> trouver<\/strong> <strong>son ambiance, du d\u00eener intime aux soir\u00e9es festives <\/strong>en passant par les<strong> tables gastronomiques<\/strong>. Une mani\u00e8re d\u2019aborder l\u2019hiver en privil\u00e9giant les<strong> belles assiettes et les moments choisis.<\/strong><\/p>\n<blockquote>\n<p><a href=\"https:\/\/www.sicoval.fr\/restaurants\/\" target=\"_self\" rel=\"noopener\">Consultez la liste de tous les restaurants du Sud-Est Toulousain<\/a><\/p>\n<\/blockquote>\n","protected":false},"excerpt":{"rendered":"Le Sud-Est Toulousain cultive un art de vivre o\u00f9 l\u2019on vient autant pour les balades au grand air&hellip;\n","protected":false},"author":2,"featured_media":586060,"comment_status":"","ping_status":"","sticky":false,"template":"","format":"standard","meta":{"footnotes":""},"categories":[2816],"tags":[1111,11,1777,674,1011,27,69954,12,2680,25,2312],"class_list":{"0":"post-586059","1":"post","2":"type-post","3":"status-publish","4":"format-standard","5":"has-post-thumbnail","7":"category-toulouse","8":"tag-actu","9":"tag-actualites","10":"tag-eu","11":"tag-europe","12":"tag-fr","13":"tag-france","14":"tag-manger-trinquer","15":"tag-news","16":"tag-occitanie","17":"tag-republique-francaise","18":"tag-toulouse"},"share_on_mastodon":{"url":"https:\/\/pubeurope.com\/@fr\/115683322897740805","error":""},"_links":{"self":[{"href":"https:\/\/www.europesays.com\/fr\/wp-json\/wp\/v2\/posts\/586059","targetHints":{"allow":["GET"]}}],"collection":[{"href":"https:\/\/www.europesays.com\/fr\/wp-json\/wp\/v2\/posts"}],"about":[{"href":"https:\/\/www.europesays.com\/fr\/wp-json\/wp\/v2\/types\/post"}],"author":[{"embeddable":true,"href":"https:\/\/www.europesays.com\/fr\/wp-json\/wp\/v2\/users\/2"}],"replies":[{"embeddable":true,"href":"https:\/\/www.europesays.com\/fr\/wp-json\/wp\/v2\/comments?post=586059"}],"version-history":[{"count":0,"href":"https:\/\/www.europesays.com\/fr\/wp-json\/wp\/v2\/posts\/586059\/revisions"}],"wp:featuredmedia":[{"embeddable":true,"href":"https:\/\/www.europesays.com\/fr\/wp-json\/wp\/v2\/media\/586060"}],"wp:attachment":[{"href":"https:\/\/www.europesays.com\/fr\/wp-json\/wp\/v2\/media?parent=586059"}],"wp:term":[{"taxonomy":"category","embeddable":true,"href":"https:\/\/www.europesays.com\/fr\/wp-json\/wp\/v2\/categories?post=586059"},{"taxonomy":"post_tag","embeddable":true,"href":"https:\/\/www.europesays.com\/fr\/wp-json\/wp\/v2\/tags?post=586059"}],"curies":[{"name":"wp","href":"https:\/\/api.w.org\/{rel}","templated":true}]}}