{"id":586063,"date":"2025-12-08T09:50:13","date_gmt":"2025-12-08T09:50:13","guid":{"rendered":"https:\/\/www.europesays.com\/fr\/586063\/"},"modified":"2025-12-08T09:50:13","modified_gmt":"2025-12-08T09:50:13","slug":"agenda-du-week-end-que-faire-pres-de-chez-vous-8","status":"publish","type":"post","link":"https:\/\/www.europesays.com\/fr\/586063\/","title":{"rendered":"Agenda du week-end : que faire pr\u00e8s de chez vous ?"},"content":{"rendered":"<p>            E.T. : l\u2019Aventure en Cin\u00e9-Concert<\/p>\n<p><strong>Les 12 d\u00e9cembre \u00e0 20h et le 13 d\u00e9cembre \u00e0 16h au Colis\u00e9e de Roubaix<\/strong><\/p>\n<p>Laissez-vous transporter : l\u2019Orchestre National de Lille ressuscite la magie de E.T. sous un ciel \u00e9toil\u00e9 \u2026 et les notes inoubliables de John Williams prennent vie en direct dans un cin\u00e9-concert \u00e9blouissant. Retombez en enfance le temps d\u2019une amiti\u00e9 hors du commun, entre les \u00e9toiles et la musique. Tarifs : De 10 \u00e0 39 euros.<\/p>\n<p>&gt; <a href=\"https:\/\/www.lillemetropole.fr\/actualites\/quand-lorchestre-rencontre-lextraterrestre-et-en-cine-concert\" target=\"_blank\" rel=\"noopener\">En savoir plus<\/a><\/p>\n<p>Run &amp; Fun \u00e0 Tourcoing : 3\u1d49 \u00e9dition de l&rsquo;Urban Trail<\/p>\n<p><strong>Vendredi 12 d\u00e9cembre \u00e0 18h30, sur la grand place de Tourcoing<\/strong><\/p>\n<p>Parcourez Tourcoing autrement : une course festive de 2,5 \u00e0 10\u202fkm qui m\u00eale sport, culture et patrimoine. Une soir\u00e9e conviviale \u00e0 marcher ou courir, dans une ambiance anim\u00e9e, musicale et pleine de surprises pour tous les \u00e2ges. Tarif unique pour le 2,5km : 6\u20ac. Tarif pour les 5 et 10km : 18\u20ac jusqu&rsquo;au 12 d\u00e9cembre.<\/p>\n<p>&gt; <a href=\"https:\/\/urbantraildetourcoing.fr\/\" target=\"_blank\" rel=\"noopener\">En savoir plus<\/a><\/p>\n<p>ESBVA-LM \u2013 Basket Landes : rencontre de haut niveau<\/p>\n<p><strong>Dimanche 14 d\u00e9cembre \u00e0 15h15, au Palacium (Villeneuve d&rsquo;Ascq)<\/strong><\/p>\n<p>L\u2019Entente sportive Basket de Villeneuve-d&rsquo;Ascq-Lille M\u00e9tropole affronte Basket Landes dans une rencontre qui promet intensit\u00e9 et spectacle. Une soir\u00e9e o\u00f9 l\u2019ambiance du Palacium et le talent des joueuses feront vibrer les tribunes. Sur r\u00e9servation.<\/p>\n<p>&gt; <a href=\"https:\/\/www.billetweb.fr\/esbva-lm-basket-landes8\" target=\"_blank\" rel=\"noopener\">En savoir plus<\/a><\/p>\n<p>Braderie de l\u2019Art : de l\u2019art pour tous !<\/p>\n<p><strong>Les samedi 13 et dimanche 14 d\u00e9cembre \u00e0 la Condition Publique (Roubaix)<\/strong><\/p>\n<p>Red\u00e9couvrez la cr\u00e9ativit\u00e9 autrement : des artistes r\u00e9cup\u00e9rateurs transforment des mat\u00e9riaux du quotidien en \u0153uvres surprenantes, pendant 24\u202fh non-stop \u00e0 La Condition Publique. Une occasion unique de m\u00ealer recyclage, imagination et partage. Entr\u00e9e gratuite.<\/p>\n<p>&gt; <a href=\"https:\/\/www.lillemetropole.fr\/actualites\/de-lart-pour-tous\" target=\"_blank\" rel=\"noopener\">En savoir plus<\/a><\/p>\n<p>La Grande Tabl\u00e9e de Chaud Bouillon<\/p>\n<p><strong>Dimanche 14 d\u00e9cembre \u00e0 12h, \u00e0 Lille<\/strong><\/p>\n<p>Venez partager un moment chaleureux et solidaire autour d\u2019un repas \u201c\u00e0 prix libre\u201d, cuisin\u00e9 collectivement par des restaurateurs engag\u00e9s. Une apr\u00e8s-midi conviviale o\u00f9 se m\u00ealent saveurs durables, \u00e9changes et bonne humeur. Sur inscription.<\/p>\n<p>&gt; <a href=\"https:\/\/www.lillemetropole.fr\/evenements\/la-grande-tablee-de-chaud-bouillon\" target=\"_blank\" rel=\"noopener\">En savoir plus<\/a><\/p>\n<p>Water-polo : duel LUC vs Polar Bears<\/p>\n<p><strong>Samedi 13 d\u00e9cembre \u00e0 20h, \u00e0 la piscine Marx-Dormoy (Lille)<\/strong><\/p>\n<p>Venez soutenir les joueuses du LUC M\u00e9tropole Water-Polo dans un duel europ\u00e9en palpitant face aux Polar Bears n\u00e9erlandaises. Une soir\u00e9e intense \u00e0 la piscine Marx-Dormoy pour soutenir nos championnes ! Sur inscription.<\/p>\n<p>&gt; <a href=\"https:\/\/www.lillemetropole.fr\/evenements\/luc-metropole-water-polo-vs-polar-bears-pays-bas\" target=\"_blank\" rel=\"noopener\">En savoir plus<\/a><\/p>\n<p>Alt\u00e9rit\u00e9 : projections du Fresnoy pour la Nuit des Arts de Roubaix<\/p>\n<p><strong>Samedi 13 d\u00e9cembre de 17h \u00e0 23h, au Quartier Cr\u00e9atif (Roubaix)<\/strong><\/p>\n<p>Dans le cadre de la Nuit des Arts de Roubaix, Le Fresnoy propose une soir\u00e9e de projections autour de l\u2019alt\u00e9rit\u00e9, entre regards sensibles, r\u00e9cits singuliers et exp\u00e9riences visuelles in\u00e9dites. Une parenth\u00e8se artistique o\u00f9 le cin\u00e9ma devient rencontre et exploration.<\/p>\n<p>&gt; <a href=\"https:\/\/www.lefresnoy.net\/evenements\/nuit-des-arts-de-roubaix-alterite-soiree-de-projections-du-fresnoy\/\" target=\"_blank\" rel=\"noopener\">En savoir plus<\/a><\/p>\n<p>Run &amp; Bike du VATRI : le d\u00e9fi \u00e0 partager<\/p>\n<p><strong>Dimanche 14 d\u00e9cembre \u00e0 9h, au D\u00e9cathlon Campus (Villeneuve d&rsquo;Ascq)<\/strong><\/p>\n<p>Formez votre bin\u00f4me et venez vous relayer \u00e0 pied et \u00e0 v\u00e9lo sur le parcours du Decathlon Campus : une course accessible \u00e0 tous, dans la bonne humeur et l\u2019esprit d\u2019\u00e9quipe. Une matin\u00e9e sportive et conviviale \u00e0 ne pas manquer ! Sur inscription.<\/p>\n<p>&gt; <a href=\"https:\/\/www.lillemetropole.fr\/evenements\/run-and-bike-du-vatri-10-edition-a-villeneuve-dascq\" target=\"_blank\" rel=\"noopener\">En savoir plus<\/a><\/p>\n<p>\u00a03\u1d49 \u00e9dition du march\u00e9 de la po\u00e9sie de Lille<\/p>\n<p><strong>Du 12 au 14 d\u00e9cembre au Tripostal (Lille)<\/strong><\/p>\n<p>Plongez dans un univers foisonnant o\u00f9 plus de 300 \u00e9diteurs, revues et po\u00e8tes investissent les all\u00e9es du Tripostal \u00e0 Lille pour un week\u2011end de rencontres, de lectures, d\u2019ateliers et de d\u00e9couvertes litt\u00e9raires pour tous. Un salon gratuit o\u00f9 la po\u00e9sie se partage, se vit et se c\u00e9l\u00e8bre. Gratuit.<\/p>\n<p>&gt; <a href=\"https:\/\/www.lillemetropole.fr\/evenements\/marche-de-la-poesie-de-lille-3\" target=\"_blank\" rel=\"noopener\">En savoir plus<\/a><\/p>\n<p>            Offrez l\u2019art en cadeau avec la C&rsquo;ART<\/p>\n<p>Et si, cette ann\u00e9e, la magie de No\u00ebl se glissait dans une C\u2019ART ? Un pass unique pour acc\u00e9der librement aux mus\u00e9es et centres d\u2019art du r\u00e9seau, enrichi d\u2019avantages exclusifs pour vivre la culture autrement.<\/p>\n<p>&gt;<a href=\"https:\/\/www.lillemetropole.fr\/actualites\/pour-noel-pensez-la-cart\" target=\"_blank\" rel=\"noopener\"> En savoir plus<\/a><\/p>\n<p>            Les expos du moment :<\/p>\n<p><a href=\"https:\/\/www.musee-bataille-fromelles.fr\/les-expositions\/graff-et-guerre-lexposition-temporaire\" target=\"_blank\" rel=\"noopener\">Graff et Guerre<\/a>, jusqu&rsquo;au 1er f\u00e9vrier 2026 &#8211; Mus\u00e9e de la Bataille de Fromelles<br \/><a href=\"https:\/\/www.lefresnoy.net\/expositions\/panorama-27\/\" target=\"_blank\" rel=\"noopener\">Panorama 27<\/a>, jusqu&rsquo;au 4 janvier 2026 &#8211; Fresnoy \u2013 Studio national des arts contemporains (Tourcoing)<br \/><a href=\"https:\/\/www.ima-tourcoing.fr\/institut-monde-arabe-tourcoing\/bagdad-redecouvrir-madinat-al-salam-avec-assassins-creed-mirage\/\" target=\"_blank\" rel=\"noopener\">Bagdad avec Assassin\u2019s Creed Mirage<\/a>, jusqu&rsquo;au 11 janvier 2026 &#8211; Institut du monde arabe (Tourcoing)<br \/><a href=\"https:\/\/www.tourcoing.fr\/Actualites\/Nouvelle-exposition-au-MUba-Eugene-Leroy\" target=\"_blank\" rel=\"noopener\">Eug\u00e8ne Leroy. Peintures &amp; dessins, 1980 &#8211; 2000<\/a>, jusqu&rsquo;au 5 avril 2026 &#8211; MUba Eug\u00e8ne Leroy (Tourcoing)<br \/><a href=\"https:\/\/www.roubaix-lapiscine.com\/expositions\/en-cours\/agnes-b-on-aime-le-graff\/\" target=\"_blank\" rel=\"noopener\">Agn\u00e8s b. On aime le graff !!<\/a>, jusqu&rsquo;au 11 janvier 2026 &#8211; La Piscine (Roubaix)<br \/><a href=\"https:\/\/www.musee-lam.fr\/fr\/etats-limites\" target=\"_blank\" rel=\"noopener\">\u00c9tats-limites<\/a>, jusqu&rsquo;au 12 d\u00e9cembre 2025 &#8211; Espace Culture, Universit\u00e9 de Lille Cit\u00e9 scientifique, Villeneuve d&rsquo;Ascq<br \/><a href=\"https:\/\/www.musee-lam.fr\/fr\/histoire-suivre-0\" target=\"_blank\" rel=\"noopener\">Histoire \u00e0 suivre&#8230;<\/a>, jusqu&rsquo;au 19 d\u00e9cembre 2025 &#8211; EPSM Lille-M\u00e9tropole-Armenti\u00e8res\u00a0<br \/>\u00a0<\/p>\n<p>&gt; Envie d&rsquo;offrir un cadeau plaisant et utile \u00e0 vos proches, f\u00e9rus de culture ? Pensez \u00e0 la C\u2019ART ! <a href=\"https:\/\/www.lacart.fr\/lang\/fr\" target=\"_blank\" rel=\"noopener\">En savoir +<\/a><\/p>\n","protected":false},"excerpt":{"rendered":"E.T. : l\u2019Aventure en Cin\u00e9-Concert Les 12 d\u00e9cembre \u00e0 20h et le 13 d\u00e9cembre \u00e0 16h au Colis\u00e9e&hellip;\n","protected":false},"author":2,"featured_media":586064,"comment_status":"","ping_status":"","sticky":false,"template":"","format":"standard","meta":{"footnotes":""},"categories":[2815],"tags":[1111,11,1777,674,1011,27,811,1307,12,25],"class_list":{"0":"post-586063","1":"post","2":"type-post","3":"status-publish","4":"format-standard","5":"has-post-thumbnail","7":"category-lille","8":"tag-actu","9":"tag-actualites","10":"tag-eu","11":"tag-europe","12":"tag-fr","13":"tag-france","14":"tag-hauts-de-france","15":"tag-lille","16":"tag-news","17":"tag-republique-francaise"},"share_on_mastodon":{"url":"https:\/\/pubeurope.com\/@fr\/115683329651284288","error":""},"_links":{"self":[{"href":"https:\/\/www.europesays.com\/fr\/wp-json\/wp\/v2\/posts\/586063","targetHints":{"allow":["GET"]}}],"collection":[{"href":"https:\/\/www.europesays.com\/fr\/wp-json\/wp\/v2\/posts"}],"about":[{"href":"https:\/\/www.europesays.com\/fr\/wp-json\/wp\/v2\/types\/post"}],"author":[{"embeddable":true,"href":"https:\/\/www.europesays.com\/fr\/wp-json\/wp\/v2\/users\/2"}],"replies":[{"embeddable":true,"href":"https:\/\/www.europesays.com\/fr\/wp-json\/wp\/v2\/comments?post=586063"}],"version-history":[{"count":0,"href":"https:\/\/www.europesays.com\/fr\/wp-json\/wp\/v2\/posts\/586063\/revisions"}],"wp:featuredmedia":[{"embeddable":true,"href":"https:\/\/www.europesays.com\/fr\/wp-json\/wp\/v2\/media\/586064"}],"wp:attachment":[{"href":"https:\/\/www.europesays.com\/fr\/wp-json\/wp\/v2\/media?parent=586063"}],"wp:term":[{"taxonomy":"category","embeddable":true,"href":"https:\/\/www.europesays.com\/fr\/wp-json\/wp\/v2\/categories?post=586063"},{"taxonomy":"post_tag","embeddable":true,"href":"https:\/\/www.europesays.com\/fr\/wp-json\/wp\/v2\/tags?post=586063"}],"curies":[{"name":"wp","href":"https:\/\/api.w.org\/{rel}","templated":true}]}}