{"id":586065,"date":"2025-12-08T09:51:14","date_gmt":"2025-12-08T09:51:14","guid":{"rendered":"https:\/\/www.europesays.com\/fr\/586065\/"},"modified":"2025-12-08T09:51:14","modified_gmt":"2025-12-08T09:51:14","slug":"tgv-lille-nimes-une-mere-de-42-ans-interpellee-apres-avoir-frappe-son-fils-de-6-ans-08-12-2025","status":"publish","type":"post","link":"https:\/\/www.europesays.com\/fr\/586065\/","title":{"rendered":"TGV Lille-N\u00eemes : une m\u00e8re de 42 ans interpell\u00e9e apr\u00e8s avoir frapp\u00e9 son fils de 6 ans &#8211; 08\/12\/2025"},"content":{"rendered":"<p>  Selon les t\u00e9moignages recueillis par <a target=\"_blank\" href=\"https:\/\/www.leparisien.fr\/faits-divers\/une-femme-interpellee-pour-avoir-frappe-violemment-son-fils-de-6-ans-dans-le-tgv-07-12-2025-2GAGPRUFLNGXVDWQWN6OV3EI2A.php?ts=1765185040455\" rel=\"noopener\"><strong>Le Parisien<\/strong><\/a>, l&rsquo;incident a d\u00e9but\u00e9 de mani\u00e8re anodine. L&rsquo;enfant de 6 ans aurait renvers\u00e9 une boisson pendant le trajet. Cette maladresse, somme toute banale pour un enfant de cet \u00e2ge, a provoqu\u00e9 une r\u00e9action totalement disproportionn\u00e9e de la part de sa m\u00e8re.Une violence extr\u00eameLes passagers pr\u00e9sents dans le wagon ont assist\u00e9 \u00e0 une sc\u00e8ne insoutenable. La quadrag\u00e9naire se serait emport\u00e9e de mani\u00e8re brutale. Elle aurait attrap\u00e9 la t\u00eate de son fils pour la frapper contre la tablette du si\u00e8ge. Mais les violences ne se sont pas arr\u00eat\u00e9es l\u00e0. La m\u00e8re aurait ensuite tir\u00e9 l&rsquo;enfant par les cheveux avant de tenter de l&rsquo;\u00e9trangler.Ces actes de violence, perp\u00e9tr\u00e9s en pleine lumi\u00e8re dans un espace public, ont sid\u00e9r\u00e9 les voyageurs t\u00e9moins de la sc\u00e8ne. Face \u00e0 la gravit\u00e9 de la situation et \u00e0 l&rsquo;incapacit\u00e9 de l&rsquo;enfant \u00e0 se d\u00e9fendre, plusieurs passagers ont d\u00e9cid\u00e9 d&rsquo;intervenir en alertant imm\u00e9diatement les autorit\u00e9s comp\u00e9tentes.Plusieurs passagers ont eu le r\u00e9flexe de contacter le 3117, le num\u00e9ro d&rsquo;urgence de la SNCF. Ce dispositif permet de signaler rapidement toute situation probl\u00e9matique \u00e0 bord des trains. Les signalements multiples ont permis aux services de s\u00e9curit\u00e9 ferroviaire de prendre la mesure de l&rsquo;urgence et d&rsquo;organiser une intervention d\u00e8s l&rsquo;arriv\u00e9e du train en gare.Une arrestation en gare de Marne-la-Vall\u00e9eLorsque le TGV s&rsquo;est immobilis\u00e9 en gare de Marne-la-Vall\u00e9e-Chessy, des agents de s\u00fbret\u00e9 ferroviaire attendaient d\u00e9j\u00e0 le convoi. Ils sont mont\u00e9s \u00e0 bord du train pour proc\u00e9der \u00e0 l&rsquo;interpellation. La m\u00e8re de famille a \u00e9t\u00e9 arr\u00eat\u00e9e sur le quai et imm\u00e9diatement conduite au commissariat pour les besoins de l&rsquo;enqu\u00eate.Cette r\u00e9activit\u00e9 illustre l&rsquo;efficacit\u00e9 de la coordination entre les voyageurs vigilants, les services de la SNCF et les forces de l&rsquo;ordre. Le dispositif de s\u00e9curit\u00e9 ferroviaire a permis d&rsquo;\u00e9viter que la situation ne d\u00e9g\u00e9n\u00e8re davantage et de prot\u00e9ger l&rsquo;enfant victime.Le petit gar\u00e7on de 6 ans, traumatis\u00e9 par les violences subies, a \u00e9t\u00e9 pris en charge par l&rsquo;Aide sociale \u00e0 l&rsquo;enfance (ASE). Les services sociaux ont imm\u00e9diatement organis\u00e9 son placement en foyer pour la nuit, le temps que les autorit\u00e9s judiciaires statuent sur sa situation et garantissent sa s\u00e9curit\u00e9.\u00a0<\/p>\n","protected":false},"excerpt":{"rendered":"Selon les t\u00e9moignages recueillis par Le Parisien, l&rsquo;incident a d\u00e9but\u00e9 de mani\u00e8re anodine. L&rsquo;enfant de 6 ans aurait&hellip;\n","protected":false},"author":2,"featured_media":586066,"comment_status":"","ping_status":"","sticky":false,"template":"","format":"standard","meta":{"footnotes":""},"categories":[2815],"tags":[1111,11,1777,674,1011,27,811,1307,12,25],"class_list":{"0":"post-586065","1":"post","2":"type-post","3":"status-publish","4":"format-standard","5":"has-post-thumbnail","7":"category-lille","8":"tag-actu","9":"tag-actualites","10":"tag-eu","11":"tag-europe","12":"tag-fr","13":"tag-france","14":"tag-hauts-de-france","15":"tag-lille","16":"tag-news","17":"tag-republique-francaise"},"share_on_mastodon":{"url":"https:\/\/pubeurope.com\/@fr\/115683333644619468","error":""},"_links":{"self":[{"href":"https:\/\/www.europesays.com\/fr\/wp-json\/wp\/v2\/posts\/586065","targetHints":{"allow":["GET"]}}],"collection":[{"href":"https:\/\/www.europesays.com\/fr\/wp-json\/wp\/v2\/posts"}],"about":[{"href":"https:\/\/www.europesays.com\/fr\/wp-json\/wp\/v2\/types\/post"}],"author":[{"embeddable":true,"href":"https:\/\/www.europesays.com\/fr\/wp-json\/wp\/v2\/users\/2"}],"replies":[{"embeddable":true,"href":"https:\/\/www.europesays.com\/fr\/wp-json\/wp\/v2\/comments?post=586065"}],"version-history":[{"count":0,"href":"https:\/\/www.europesays.com\/fr\/wp-json\/wp\/v2\/posts\/586065\/revisions"}],"wp:featuredmedia":[{"embeddable":true,"href":"https:\/\/www.europesays.com\/fr\/wp-json\/wp\/v2\/media\/586066"}],"wp:attachment":[{"href":"https:\/\/www.europesays.com\/fr\/wp-json\/wp\/v2\/media?parent=586065"}],"wp:term":[{"taxonomy":"category","embeddable":true,"href":"https:\/\/www.europesays.com\/fr\/wp-json\/wp\/v2\/categories?post=586065"},{"taxonomy":"post_tag","embeddable":true,"href":"https:\/\/www.europesays.com\/fr\/wp-json\/wp\/v2\/tags?post=586065"}],"curies":[{"name":"wp","href":"https:\/\/api.w.org\/{rel}","templated":true}]}}