{"id":586069,"date":"2025-12-08T09:53:17","date_gmt":"2025-12-08T09:53:17","guid":{"rendered":"https:\/\/www.europesays.com\/fr\/586069\/"},"modified":"2025-12-08T09:53:17","modified_gmt":"2025-12-08T09:53:17","slug":"pourquoi-le-grand-show-de-la-bonne-mere-se-fait-dezinguer","status":"publish","type":"post","link":"https:\/\/www.europesays.com\/fr\/586069\/","title":{"rendered":"pourquoi le grand show de la Bonne M\u00e8re se fait d\u00e9zinguer"},"content":{"rendered":"<p>                    Par<br \/>\n        <strong><br \/>\n            <a href=\"https:\/\/actu.fr\/auteur\/fabien-binacchi\" title=\"Consulter tous les articles de Fabien Binacchi\" target=\"_blank\" rel=\"noopener\">Fabien Binacchi<\/a><br \/>\n                    <\/strong><\/p>\n<p>        Publi\u00e9 le<\/p>\n<p>            8 d\u00e9c. 2025 \u00e0 10h29        <\/p>\n<p>Pour marquer la fin d\u2019un chantier aussi monumental que minutieux pour redorer la \u00ab\u2009M\u00e8re \u00bb, le dioc\u00e8se de <a href=\"https:\/\/actu.fr\/marseille\/\" target=\"_blank\" rel=\"noopener\">Marseille<\/a> avait vu <strong>les choses en grand.<\/strong> Sauf que la \u00ab\u2009s\u00e9quence artistique\u2009\u00bb imagin\u00e9e par le DJ Micha\u00ebl Canitrot, <a href=\"https:\/\/actu.fr\/provence-alpes-cote-d-azur\/marseille_13055\/marseille-ce-dj-tres-connu-s-installe-a-la-bonne-mere-pour-un-spectacle-xxl-voici-quand_63513190.html\" target=\"_blank\" rel=\"noopener\">un spectacle \u00ab\u2009son et lumi\u00e8re\u2009\u00bb <\/a>pr\u00e9vu pour \u00eatre \u00ab\u2009visible de loin\u2009\u00bb ce dimanche 7\u00a0d\u00e9cembre, s\u2019est transform\u00e9e en \u00ab\u2009flop\u2009\u00bb pour nombre de spectateurs tenus \u00e0 l\u2019\u00e9cart de <a href=\"https:\/\/actu.fr\/tag\/notre-dame-de-la-garde\" target=\"_blank\" rel=\"noopener\">Notre-Dame de la Garde.<\/a><\/p>\n<p class=\" wall-content\">Sur <a href=\"https:\/\/actu.fr\/tag\/reseaux-sociaux\" target=\"_blank\" rel=\"noopener\">les r\u00e9seaux sociaux<\/a>, ils d\u00e9zinguent le show.<\/p>\n<p>\u00ab\u2009Un spectacle de d\u00e9solation\u2009\u00bb<\/p>\n<p class=\" wall-content\">Impossible de s\u2019approcher du sanctuaire de la Bonne M\u00e8re\u2009: \u00ab\u2009Les acc\u00e8s \u00e0 ce p\u00e9rim\u00e8tre seront r\u00e9serv\u00e9s aux organisateurs et interdits au public <strong>pour des raisons de s\u00e9curit\u00e9<\/strong>\u2009\u00bb, insistait la mairie de Marseille <a href=\"https:\/\/www.marseille.fr\/decouvrir-marseille\/actualites\/inauguration-statue-notre-dame-garde\" target=\"_blank\" rel=\"noopener\">sur son site Internet.<\/a><\/p>\n<p class=\" wall-content\">En lieu et place, la Ville comme le dioc\u00e8se, qui \u00e9tait \u00e0 la baguette pour le d\u00e9roulement du show, pr\u00e9conisaient plusieurs autres sites pour \u00ab\u2009partager [un] moment historique de f\u00eate et profiter d\u2019un grand spectacle [\u2026] <strong>autour de la statue tout juste redor\u00e9e<\/strong>\u2009\u00bb.<\/p>\n<p class=\" wall-content\">Sauf que dans les endroits conseill\u00e9s, largement partag\u00e9s, <a href=\"https:\/\/actu.fr\/provence-alpes-cote-d-azur\/marseille_13055\/marseille-spectacle-xxl-autour-de-la-bonne-mere-les-meilleurs-endroits-d-ou-le-voir_63531690.html\" target=\"_blank\" rel=\"noopener\">notamment par actu Marseille,<\/a> les avis n\u00e9gatifs ont fleuri\u2009: \u00ab\u2009Nous [\u2026] sommes rest\u00e9s pr\u00e8s de l\u2019h\u00f4tel de ville. Tous les Marseillais \u00e9taient pr\u00e9sents en tr\u00e8s grand nombre [\u2026] <strong>Ce fut une grande d\u00e9ception,<\/strong> un spectacle de d\u00e9solation, rien n\u2019\u00e9tait visible\u2009\u00bb, l\u00e2che une internaute.<\/p>\n<p class=\" wall-content\"><a href=\"https:\/\/www.instagram.com\/reel\/DR-gEdVinNw\/embed\" title=\"Ouvrir le lien sur Instagram\" target=\"_blank\" rel=\"noopener\">Visualiser le contenu sur Instagram<\/a><\/p>\n<p class=\" wall-content\">Les commentaires sont loin d\u2019\u00eatre tendres.<\/p>\n<blockquote class=\"ac-article-quote wall-content\">\n<p>Trois pauvres leds, aucun son, trois p\u00e9tards en guise de feux d\u2019artifice, pas de retransmission du son, des chants : une nullit\u00e9 affligeante pour la deuxi\u00e8me ville de France.<\/p>\n<p>    <strong>Nicole, sur Facebook<\/strong>\n            <\/p><\/blockquote>\n<p>Votre r\u00e9gion, votre actu !<\/p>\n<p>Recevez chaque jour les infos qui comptent pour vous.<\/p>\n<p>\t<a href=\"https:\/\/actu.fr\/newsletter\" class=\"ac-btn ac-btn--corner ac-btn--medium ac-btn--blue800\" target=\"_blank\" rel=\"noopener\">S&rsquo;incrire<\/a><br \/>\n\u00ab\u2009Un bide monumental, commenc\u00e9 en retard\u2009\u00bb<\/p>\n<p class=\" wall-content\">\u00ab\u2009Le show intitul\u00e9 \u2018\u00c9l\u00e9vation\u2019 enchantera le ciel marseillais pendant une douzaine de minutes avec <strong>diff\u00e9rents types de projections lumineuses<\/strong> et de tableaux musicaux m\u00ealant musique \u00e9lectronique et symphonique\u2009\u00bb, promettait la ville.<\/p>\n<p class=\" wall-content\">Au final, \u00ab\u2009un bide monumental, commenc\u00e9 en retard\u2009\u00bb, t\u00e9moigne un autre spectateur, positionn\u00e9 sur le Vieux-Port, o\u00f9 <strong>\u00ab\u2009les gens sont partis avant la fin avec des hu\u00e9es de m\u00e9contentements\u2009\u00bb.<\/strong> \u00ab\u2009Pour \u00eatre bien plac\u00e9, il fallait \u00eatre dans un h\u00e9lico \u00e0 150m de l\u2019\u00e9difice\u2009\u00bb, tance-t-il. Ou \u00ab\u2009rester devant la t\u00e9l\u00e9\u2009\u00bb, appuie un autre. Les images a\u00e9riennes diffus\u00e9es en direct sur BFM Marseille Provence ont en effet \u00e9t\u00e9 appr\u00e9ci\u00e9es.<\/p>\n<p class=\" wall-content\">\n<p>\u00ab\u2009Je ne suis pas en col\u00e8re, je suis triste\u2009\u00bb<\/p>\n<p class=\" wall-content\">Mais dans les jardins du Pharo, un autre spot mis en avant par la mairie et les organisateurs, \u00ab\u2009nous avons assist\u00e9 \u00e0 un \u00e9norme flop\u2009\u00bb, \u00e9crit encore un d\u00e9\u00e7u. \u00ab\u2009Je ne suis pas en col\u00e8re, je suis triste pour notre belle bonne m\u00e8re <strong>qui m\u00e9ritait bien mieux<\/strong>\u2009\u00bb, tance-t-il.<\/p>\n<p class=\" wall-content\">Presque pas d\u2019image et pas de son. Seule la place du colonel Edon, \u00e9galement conseill\u00e9e, avait \u00e9t\u00e9 sonoris\u00e9e par le dioc\u00e8se, <strong>qui a con\u00e7u et financ\u00e9 le show.<\/strong> Sollicit\u00e9 par actu Marseille, il n\u2019avait pas r\u00e9pondu dans l\u2019imm\u00e9diat.<\/p>\n<p class=\" wall-content\">La Ville, elle, n\u2019a fait qu\u2019\u00ab\u2009indiquer des positions d\u2019o\u00f9 le spectacle serait visible et pouvant accueillir les Marseillais en toute s\u00e9curit\u00e9\u2009\u00bb, a-t-elle r\u00e9agi aupr\u00e8s de notre r\u00e9daction.<\/p>\n<p class=\" wall-content\">Personnalisez votre actualit\u00e9 en ajoutant vos villes et m\u00e9dias en favori avec <a href=\"https:\/\/moncompte.actu.fr\" title=\"D\u00e9couvez Mon Actu\" rel=\"nofollow noopener\" data-trk=\"{&quot;cta&quot;:{&quot;action&quot;:&quot;https:\\\/\\\/moncompte.actu.fr&quot;,&quot;category&quot;:&quot;mon compte&quot;,&quot;from&quot;:&quot;article footer&quot;,&quot;name&quot;:&quot;Mon actu&quot;,&quot;type&quot;:&quot;cta&quot;}}\" target=\"_blank\">Mon Actu<\/a>.<\/p>\n<p>                    <script async src=\"\/\/www.instagram.com\/embed.js\"><\/script><\/p>\n","protected":false},"excerpt":{"rendered":"Par Fabien Binacchi Publi\u00e9 le 8 d\u00e9c. 2025 \u00e0 10h29 Pour marquer la fin d\u2019un chantier aussi monumental&hellip;\n","protected":false},"author":2,"featured_media":586070,"comment_status":"","ping_status":"","sticky":false,"template":"","format":"standard","meta":{"footnotes":""},"categories":[2814],"tags":[1111,11,1777,674,1011,27,884,12,1177,882,25,104,853,1179],"class_list":{"0":"post-586069","1":"post","2":"type-post","3":"status-publish","4":"format-standard","5":"has-post-thumbnail","7":"category-marseille","8":"tag-actu","9":"tag-actualites","10":"tag-eu","11":"tag-europe","12":"tag-fr","13":"tag-france","14":"tag-marseille","15":"tag-news","16":"tag-notre-dame-de-la-garde","17":"tag-provence-alpes-cote-dazur","18":"tag-republique-francaise","19":"tag-societe","20":"tag-spectacles","21":"tag-vieux-port"},"share_on_mastodon":{"url":"https:\/\/pubeurope.com\/@fr\/115683341512536982","error":""},"_links":{"self":[{"href":"https:\/\/www.europesays.com\/fr\/wp-json\/wp\/v2\/posts\/586069","targetHints":{"allow":["GET"]}}],"collection":[{"href":"https:\/\/www.europesays.com\/fr\/wp-json\/wp\/v2\/posts"}],"about":[{"href":"https:\/\/www.europesays.com\/fr\/wp-json\/wp\/v2\/types\/post"}],"author":[{"embeddable":true,"href":"https:\/\/www.europesays.com\/fr\/wp-json\/wp\/v2\/users\/2"}],"replies":[{"embeddable":true,"href":"https:\/\/www.europesays.com\/fr\/wp-json\/wp\/v2\/comments?post=586069"}],"version-history":[{"count":0,"href":"https:\/\/www.europesays.com\/fr\/wp-json\/wp\/v2\/posts\/586069\/revisions"}],"wp:featuredmedia":[{"embeddable":true,"href":"https:\/\/www.europesays.com\/fr\/wp-json\/wp\/v2\/media\/586070"}],"wp:attachment":[{"href":"https:\/\/www.europesays.com\/fr\/wp-json\/wp\/v2\/media?parent=586069"}],"wp:term":[{"taxonomy":"category","embeddable":true,"href":"https:\/\/www.europesays.com\/fr\/wp-json\/wp\/v2\/categories?post=586069"},{"taxonomy":"post_tag","embeddable":true,"href":"https:\/\/www.europesays.com\/fr\/wp-json\/wp\/v2\/tags?post=586069"}],"curies":[{"name":"wp","href":"https:\/\/api.w.org\/{rel}","templated":true}]}}